{"id":185856,"date":"2026-01-03T21:02:08","date_gmt":"2026-01-03T21:02:08","guid":{"rendered":"https:\/\/www.europesays.com\/pl\/185856\/"},"modified":"2026-01-03T21:02:08","modified_gmt":"2026-01-03T21:02:08","slug":"maduro-zmierza-do-amerykanskiego-aresztu-prokuratura-pokazala-nowe-zarzuty-relacja-na-zywo","status":"publish","type":"post","link":"https:\/\/www.europesays.com\/pl\/185856\/","title":{"rendered":"Maduro zmierza do ameryka\u0144skiego aresztu. Prokuratura pokaza\u0142a nowe zarzuty [RELACJA NA \u017bYWO]"},"content":{"rendered":"\n<p class=\"ods-a-lead-text\">W nocy z pi\u0105tku na sobot\u0119 [sobot\u0119 rano czasu polskiego] Stany Zjednoczone zaatakowa\u0142y Wenezuel\u0119 i schwyta\u0142y oraz uprowadzi\u0142y przyw\u00f3dc\u0119 Wenezueli Nicolasa Maduro. Prezydent USA opublikowa\u0142 zdj\u0119cie pojmanego wenezuelskiego przyw\u00f3dcy, kt\u00f3ry jest na jednym z okr\u0119t\u00f3w, kt\u00f3ry kieruje si\u0119 do Nowego Jorku. Tam zostanie postawiony w stan oskar\u017cenia. Podczas specjalnej konferencji prasowej Donald Trump zwr\u00f3ci\u0142 si\u0119 do pozosta\u0142ych w\u0142adz w Wenezueli. \u2014 Musz\u0105 zrozumie\u0107, \u017ce to, co wydarzy\u0142o si\u0119 z Maduro mo\u017ce wydarzy\u0107 si\u0119 tak\u017ce z nimi i wydarzy si\u0119, je\u015bli nie b\u0119d\u0105 sprawiedliwi wobec w\u0142asnego narodu. Dyktator i terrorysta odszed\u0142, a nar\u00f3d Wenezueli jest znowu wolny \u2014 powiedzia\u0142 Trump. Doda\u0142, \u017ce USA b\u0119d\u0105 rz\u0105dzi\u0107 Wenezuel\u0105 do czasu jej transformacji. Zapraszamy do \u015bledzenia relacji na \u017cywo w Onecie z najwa\u017cniejszych wydarze\u0144 z Wenezueli.<\/p>\n<p>      <img loading=\"lazy\" class=\"ods-a-photo ods-a-photo--background\" src=\"https:\/\/www.europesays.com\/pl\/wp-content\/uploads\/2026\/01\/VSbk9lBaHR0cHM6Ly9vY2RuLmV1L3B1bHNjbXMvTURBXy9hYmM5Y2JlMDA3NGEwZmI0NjhiY2JlYTliY2ZlYzEzYy5qcGeSlQMAH.jpeg\"   height=\"490\" width=\"870\" alt=\"Donald Trump podczas obserwowania operacji \u017co\u0142nierzy w Wenezueli\" fetchpriority=\"auto\" decoding=\"auto\"\/>   <\/p>\n<p>Bia\u0142y Dom<\/p>\n<p>  Donald Trump podczas obserwowania operacji \u017co\u0142nierzy w Wenezueli  <\/p>\n","protected":false},"excerpt":{"rendered":"W nocy z pi\u0105tku na sobot\u0119 [sobot\u0119 rano czasu polskiego] Stany Zjednoczone zaatakowa\u0142y Wenezuel\u0119 i schwyta\u0142y oraz uprowadzi\u0142y&hellip;\n","protected":false},"author":2,"featured_media":185857,"comment_status":"","ping_status":"","sticky":false,"template":"","format":"standard","meta":{"footnotes":""},"categories":[14],"tags":[32,33,44,27,34,35,28,31,48,25,3157,46,40,41,47,80,29,30,71,3008,26,82,83,84],"class_list":{"0":"post-185856","1":"post","2":"type-post","3":"status-publish","4":"format-standard","5":"has-post-thumbnail","7":"category-swiat","8":"tag-breaking-news","9":"tag-breakingnews","10":"tag-donald_trump","11":"tag-headlines","12":"tag-latest-news","13":"tag-latestnews","14":"tag-naglowki","15":"tag-najwazniejsze-artykuly","16":"tag-nat_styl","17":"tag-news","18":"tag-nicolas_maduro","19":"tag-omp","20":"tag-polish","21":"tag-polski","22":"tag-screening_general","23":"tag-swiat","24":"tag-top-stories","25":"tag-topstories","26":"tag-usa","27":"tag-wenezuela","28":"tag-wiadomosci","29":"tag-world","30":"tag-world-news","31":"tag-worldnews"},"share_on_mastodon":{"url":"https:\/\/pubeurope.com\/@pl\/115833192071426051","error":""},"_links":{"self":[{"href":"https:\/\/www.europesays.com\/pl\/wp-json\/wp\/v2\/posts\/185856","targetHints":{"allow":["GET"]}}],"collection":[{"href":"https:\/\/www.europesays.com\/pl\/wp-json\/wp\/v2\/posts"}],"about":[{"href":"https:\/\/www.europesays.com\/pl\/wp-json\/wp\/v2\/types\/post"}],"author":[{"embeddable":true,"href":"https:\/\/www.europesays.com\/pl\/wp-json\/wp\/v2\/users\/2"}],"replies":[{"embeddable":true,"href":"https:\/\/www.europesays.com\/pl\/wp-json\/wp\/v2\/comments?post=185856"}],"version-history":[{"count":0,"href":"https:\/\/www.europesays.com\/pl\/wp-json\/wp\/v2\/posts\/185856\/revisions"}],"wp:featuredmedia":[{"embeddable":true,"href":"https:\/\/www.europesays.com\/pl\/wp-json\/wp\/v2\/media\/185857"}],"wp:attachment":[{"href":"https:\/\/www.europesays.com\/pl\/wp-json\/wp\/v2\/media?parent=185856"}],"wp:term":[{"taxonomy":"category","embeddable":true,"href":"https:\/\/www.europesays.com\/pl\/wp-json\/wp\/v2\/categories?post=185856"},{"taxonomy":"post_tag","embeddable":true,"href":"https:\/\/www.europesays.com\/pl\/wp-json\/wp\/v2\/tags?post=185856"}],"curies":[{"name":"wp","href":"https:\/\/api.w.org\/{rel}","templated":true}]}}