{"id":185922,"date":"2026-01-03T22:01:03","date_gmt":"2026-01-03T22:01:03","guid":{"rendered":"https:\/\/www.europesays.com\/pl\/185922\/"},"modified":"2026-01-03T22:01:03","modified_gmt":"2026-01-03T22:01:03","slug":"blysk-nicoli-zalewskiego-i-to-w-takim-meczu-polak-jednym-z-bohaterow-przeglad-sportowy-onet","status":"publish","type":"post","link":"https:\/\/www.europesays.com\/pl\/185922\/","title":{"rendered":"B\u0142ysk Nicoli Zalewskiego i to w takim meczu! Polak jednym z bohater\u00f3w &#8211; Przegl\u0105d Sportowy Onet"},"content":{"rendered":"<ol>\n<li><a href=\"https:\/\/news.google.com\/rss\/articles\/CBMiyAFBVV95cUxPbklVczdGMWducEkyc2RKaFlUNkNWOXQySnJaOVpiT3dpVmt5RldOWHlUSlBrc3M1bmFlamdpOVZVeVJqMThHUlBsZThORW9Lc19mbHVpSDJ0el9ycHNKclhQQ3BORWUxcnI0UHZLdGk0OWdhWWpmV3drY25YeHhlYzdKYlI0aVdkN3VBejlsVlFOUnFJYzR5czdEdWVTNGc2a1U3TFdiTVpvU3RYNU1EWGRyRjV1ZVNZak1MM09qNTlIZXRkQ2g2bg?oc=5\" target=\"_blank\" rel=\"nofollow noopener\">B\u0142ysk Nicoli Zalewskiego i to w takim meczu! Polak jednym z bohater\u00f3w<\/a>&nbsp;&nbsp;Przegl\u0105d Sportowy Onet<\/li>\n<li><a href=\"https:\/\/news.google.com\/rss\/articles\/CBMivwFBVV95cUxOdXhRRnBkZFNoWEQwdGpOUW1Bc3N3blVVWWhNdFZnVU1rNnBhbHFobUdNamV2aHRiTWNLSHlmU3BhWkVMN0U4bm9KSWsyeVpJVi1rMlNGd3NKVTFYQXhrN0NVTjNBLV9pY0dXdVZwWlo0OGptVkZ1VlZ3SG1QS3ZZSFpGMzJ0cmZLS2UtcFIxbk5pLXh1cExsN2dUdVdnY1VFSUQ1YmFTZU1PeTZDckZ0Vy1jcUlwSlZYWGZRbEJxZw?oc=5\" target=\"_blank\" rel=\"nofollow noopener\">By\u0142a 12. minuta, Zalewski dotkn\u0105\u0142 pi\u0142ki. Jedyny cios w &#8222;polskim meczu&#8221;<\/a>&nbsp;&nbsp;Sport w INTERIA.PL<\/li>\n<li><a href=\"https:\/\/news.google.com\/rss\/articles\/CBMie0FVX3lxTE5UaVk5Y0pybU1pd3pXcHBsUEVzUm1HTzBrWkdPaDRSRWZ3SXM0QmFUMW9FY1FpUE95T2pnWnpoRXJEejcyZ2MwYS00aXdYTzl2dFFCZzhFeFdHaUN3SHA5MWJSSGJBNWg1Y3oyY1pTZkt6YjNBXzBqZV9vWQ?oc=5\" target=\"_blank\" rel=\"nofollow noopener\">Atalanta BC &#8211; AS Roma<\/a>&nbsp;&nbsp;CANAL+<\/li>\n<li><a href=\"https:\/\/news.google.com\/rss\/articles\/CBMingFBVV95cUxPenVFZEZESjJDd1dMbnBOSXM1dGQ5bjZlWm4xYWVVTmxua2Z1bDZ4dklROVIxSnJPQ25NYkdCWmw5YldZUkEwNWNweV9WS0hJU3BybEtTRl9YNm54TEJEZ1M3clVYbV9xeFJXb3pqakVOUlN4LWRSZmhVU1FoVjlRcmZtTk5CWWxjTW80TnZ0TV90c2NUeEk2bTMtaUN2UQ?oc=5\" target=\"_blank\" rel=\"nofollow noopener\">Oto co Zalewski zrobi\u0142 w 12. minucie hitu Serie A!<\/a>&nbsp;&nbsp;Sport.pl<\/li>\n<li><a href=\"https:\/\/news.google.com\/rss\/articles\/CBMioAFBVV95cUxNcmFfa1lSWE1wZEg2RzJRTlVBMm4wbUFwX1lOenhyWlFESVRXMHRxX2I2NXFMMU9mdmEzOVdOYjJsS0lDWWNNeF8zVnQta3h2UmhGdlFEQl9DYVcyYWJQTzZNd0E2cUcwc0w5N0I2WUQ5d1FSR3czbkwxY1NwUWh6VFVndWp2ZjRwNGZsWURaWXJnNlFxRFJ1STdwaFZxV21I?oc=5\" target=\"_blank\" rel=\"nofollow noopener\">45 minut i koniec. Trener Romy bezlitosny dla Polaka<\/a>&nbsp;&nbsp;SportoweFakty<\/li>\n<\/ol>\n","protected":false},"excerpt":{"rendered":"B\u0142ysk Nicoli Zalewskiego i to w takim meczu! Polak jednym z bohater\u00f3w&nbsp;&nbsp;Przegl\u0105d Sportowy Onet By\u0142a 12. minuta, Zalewski&hellip;\n","protected":false},"author":2,"featured_media":185923,"comment_status":"","ping_status":"","sticky":false,"template":"","format":"standard","meta":{"footnotes":""},"categories":[24],"tags":[11899,7597,67,746,4081,42,38,40,39,41,136,128,47,4079,127,135,126,130,898],"class_list":{"0":"post-185922","1":"post","2":"type-post","3":"status-publish","4":"format-standard","5":"has-post-thumbnail","7":"category-sport","8":"tag-as_roma","9":"tag-atalanta_bergamo","10":"tag-intextvideo_splayer","11":"tag-lysy","12":"tag-nicola_zalewski","13":"tag-pl","14":"tag-poland","15":"tag-polish","16":"tag-polska","17":"tag-polski","18":"tag-ps_detal_new","19":"tag-psv2","20":"tag-screening_general","21":"tag-serie_a","22":"tag-sport","23":"tag-sport_sport","24":"tag-sports","25":"tag-wiadomosci_sportowe","26":"tag-wlochy"},"share_on_mastodon":{"url":"https:\/\/pubeurope.com\/@pl\/115833424076820919","error":""},"_links":{"self":[{"href":"https:\/\/www.europesays.com\/pl\/wp-json\/wp\/v2\/posts\/185922","targetHints":{"allow":["GET"]}}],"collection":[{"href":"https:\/\/www.europesays.com\/pl\/wp-json\/wp\/v2\/posts"}],"about":[{"href":"https:\/\/www.europesays.com\/pl\/wp-json\/wp\/v2\/types\/post"}],"author":[{"embeddable":true,"href":"https:\/\/www.europesays.com\/pl\/wp-json\/wp\/v2\/users\/2"}],"replies":[{"embeddable":true,"href":"https:\/\/www.europesays.com\/pl\/wp-json\/wp\/v2\/comments?post=185922"}],"version-history":[{"count":0,"href":"https:\/\/www.europesays.com\/pl\/wp-json\/wp\/v2\/posts\/185922\/revisions"}],"wp:featuredmedia":[{"embeddable":true,"href":"https:\/\/www.europesays.com\/pl\/wp-json\/wp\/v2\/media\/185923"}],"wp:attachment":[{"href":"https:\/\/www.europesays.com\/pl\/wp-json\/wp\/v2\/media?parent=185922"}],"wp:term":[{"taxonomy":"category","embeddable":true,"href":"https:\/\/www.europesays.com\/pl\/wp-json\/wp\/v2\/categories?post=185922"},{"taxonomy":"post_tag","embeddable":true,"href":"https:\/\/www.europesays.com\/pl\/wp-json\/wp\/v2\/tags?post=185922"}],"curies":[{"name":"wp","href":"https:\/\/api.w.org\/{rel}","templated":true}]}}