{"id":185978,"date":"2026-01-03T22:57:03","date_gmt":"2026-01-03T22:57:03","guid":{"rendered":"https:\/\/www.europesays.com\/pl\/185978\/"},"modified":"2026-01-03T22:57:03","modified_gmt":"2026-01-03T22:57:03","slug":"zle-wiesci-ws-kownackiego-nieszczescie-w-ostatniej-chwili","status":"publish","type":"post","link":"https:\/\/www.europesays.com\/pl\/185978\/","title":{"rendered":"Z\u0142e wie\u015bci ws. Kownackiego. Nieszcz\u0119\u015bcie w ostatniej chwili"},"content":{"rendered":"<p class=\"art_paragraph\">Latem 2025 Dawid <a href=\"https:\/\/www.sport.pl\/pilka\/7,64946,32442668,w-niemczech-wrze-po-tym-co-zrobil-kownacki-przy-wyniku-6-1.html#anchorLink\" rel=\"nofollow noopener\" target=\"_blank\">Kownacki<\/a> zosta\u0142 wypo\u017cyczony z Werderu Brema do <a href=\"https:\/\/www.sport.pl\/hertha-berlin#anchorLink\" rel=\"nofollow noopener\" target=\"_blank\">Herthy Berlin<\/a>. Ma w niej wi\u0119cej szans na gr\u0119, cho\u0107 cz\u0119sto wchodzi z \u0142awki rezerwowych. Dodatkowo w tym sezonie przydarzy\u0142a mu si\u0119 <a href=\"https:\/\/www.sport.pl\/kontuzje#anchorLink\" rel=\"nofollow noopener\" target=\"_blank\">kontuzja<\/a>. Mimo to zdoby\u0142 cztery bramki i zanotowa\u0142 jedn\u0105 asyst\u0119 w 12 spotkaniach. Teraz trwaj\u0105 przygotowania do drugiej cz\u0119\u015bci kampanii. Polakowi przydarzy\u0142 si\u0119 jednak falstart.<\/p>\n<p>\n    Zobacz wideo Niecodzienne zaj\u0119cie komentator\u00f3w pi\u0142karskich. &#8222;Pulsuj\u0105cy od afryka\u0144skich wokali&#8221;\n  <\/p>\n<p> Dawid Kownacki od\u0142\u0105cza si\u0119 od dru\u017cyny. Media podaj\u0105 pow\u00f3d<\/p>\n<p class=\"art_paragraph\">Jak donosi bz-berlin.de, Kownacki nie pojedzie z dru\u017cyn\u0105 na ob\u00f3z szkoleniowy do Algarve w Portugalii. Pow\u00f3d? &#8222;Zachorowa\u0142 w ostatniej chwili&#8221; &#8211; czytamy. Nie podano jednak, co konkretnie dolega naszemu rodakowi. Ale nie tylko go zabraknie na obozie.<\/p>\n<p class=\"art_paragraph\">&#8222;Hertha jedzie\u00a0bez trzech gwiazd&#8221; &#8211; przekazali dziennikarze. Nieobecni b\u0119d\u0105 r\u00f3wnie\u017c\u00a0Diego Demme, kt\u00f3ry skar\u017cy si\u0119 na zawroty g\u0142owy i nudno\u015bci &#8211; nie pierwszy raz w karierze &#8211; a tak\u017ce\u00a0Niklas Kolbe, kt\u00f3ry wci\u0105\u017c ma problemy z \u0142ydk\u0105. Nie wiadomo jednak, kiedy w og\u00f3le do Portugalii dotrze dru\u017cyna. Media ujawni\u0142y, \u017ce sobotni lot zosta\u0142 mocno odwo\u0142any i Hertha nadal jest w Berlinie. Plan klubu zosta\u0142 solidnie zaburzony.<\/p>\n<p class=\"art_paragraph\">Zobacz te\u017c: <a href=\"https:\/\/www.sport.pl\/pilka\/7,65082,32505153,oto-sklad-barcelony-na-derby-flick-podjal-decyzje-ws-lewandowskiego.html\" class=\"art_link\" rel=\"dofollow noopener\" target=\"_blank\">Oto sk\u0142ad Barcelony na derby! Flick podj\u0105\u0142 decyzj\u0119 ws. Lewandowskiego<\/a>.\u00a0<\/p>\n<p> Wa\u017cne miesi\u0105ce przed ekip\u0105 Kownackiego<\/p>\n<p class=\"art_paragraph\">Hertha, dwukrotny mistrz Niemiec, ju\u017c od kilku lat walczy o to, by wr\u00f3ci\u0107 do Bundesligi. Czy uda jej to w tym sezonie? Trudno powiedzie\u0107, ale, p\u00f3ki co, nie jest tak bliska celu. Zajmuje sz\u00f3st\u0105 lokat\u0119, do lidera trac\u0105c dziewi\u0119\u0107 punkt\u00f3w. Osiem razy wygrywa\u0142a w tej kampanii, cztery razy remisowa\u0142a i pi\u0119ciokrotnie ponosi\u0142a pora\u017ck\u0119. <a href=\"https:\/\/www.sport.pl\/pilka\/7,64946,32442170,kapitalny-powrot-polaka-po-kontuzji-doszczetnie-zmiazdzyli.html\" class=\"art_link\" rel=\"dofollow noopener\" target=\"_blank\">Co wa\u017cne, awansowa\u0142a do \u0107wier\u0107fina\u0142u Pucharu Niemiec, a pom\u00f3g\u0142 jej w tym Kownacki, kt\u00f3ry zanotowa\u0142 trafienie w 1\/8 fina\u0142u<\/a>.<\/p>\n","protected":false},"excerpt":{"rendered":"Latem 2025 Dawid Kownacki zosta\u0142 wypo\u017cyczony z Werderu Brema do Herthy Berlin. Ma w niej wi\u0119cej szans na&hellip;\n","protected":false},"author":2,"featured_media":185979,"comment_status":"","ping_status":"","sticky":false,"template":"","format":"standard","meta":{"footnotes":""},"categories":[24],"tags":[42,38,40,39,41,127,126],"class_list":{"0":"post-185978","1":"post","2":"type-post","3":"status-publish","4":"format-standard","5":"has-post-thumbnail","7":"category-sport","8":"tag-pl","9":"tag-poland","10":"tag-polish","11":"tag-polska","12":"tag-polski","13":"tag-sport","14":"tag-sports"},"share_on_mastodon":{"url":"https:\/\/pubeurope.com\/@pl\/115833644120612164","error":""},"_links":{"self":[{"href":"https:\/\/www.europesays.com\/pl\/wp-json\/wp\/v2\/posts\/185978","targetHints":{"allow":["GET"]}}],"collection":[{"href":"https:\/\/www.europesays.com\/pl\/wp-json\/wp\/v2\/posts"}],"about":[{"href":"https:\/\/www.europesays.com\/pl\/wp-json\/wp\/v2\/types\/post"}],"author":[{"embeddable":true,"href":"https:\/\/www.europesays.com\/pl\/wp-json\/wp\/v2\/users\/2"}],"replies":[{"embeddable":true,"href":"https:\/\/www.europesays.com\/pl\/wp-json\/wp\/v2\/comments?post=185978"}],"version-history":[{"count":0,"href":"https:\/\/www.europesays.com\/pl\/wp-json\/wp\/v2\/posts\/185978\/revisions"}],"wp:featuredmedia":[{"embeddable":true,"href":"https:\/\/www.europesays.com\/pl\/wp-json\/wp\/v2\/media\/185979"}],"wp:attachment":[{"href":"https:\/\/www.europesays.com\/pl\/wp-json\/wp\/v2\/media?parent=185978"}],"wp:term":[{"taxonomy":"category","embeddable":true,"href":"https:\/\/www.europesays.com\/pl\/wp-json\/wp\/v2\/categories?post=185978"},{"taxonomy":"post_tag","embeddable":true,"href":"https:\/\/www.europesays.com\/pl\/wp-json\/wp\/v2\/tags?post=185978"}],"curies":[{"name":"wp","href":"https:\/\/api.w.org\/{rel}","templated":true}]}}