{"id":185999,"date":"2026-01-03T23:25:08","date_gmt":"2026-01-03T23:25:08","guid":{"rendered":"https:\/\/www.europesays.com\/pl\/185999\/"},"modified":"2026-01-03T23:25:08","modified_gmt":"2026-01-03T23:25:08","slug":"45-letni-rekordzista-swiata-nie-konczy-z-futbolem-podpisal-kontrakt","status":"publish","type":"post","link":"https:\/\/www.europesays.com\/pl\/185999\/","title":{"rendered":"45-letni rekordzista \u015bwiata nie ko\u0144czy z futbolem. Podpisa\u0142 kontrakt"},"content":{"rendered":"<p>Legendarny bramkarz Fluminense, Fabio, mimo zaawansowanego wieku nie zamierza wiesza\u0107 swoich but\u00f3w na ko\u0142ku. 45-latek w\u0142a\u015bnie podpisa\u0142 now\u0105 umow\u0119 ze swoim klubem.<\/p>\n<p>1390 &#8211; tyle mecz\u00f3w w karierze rozegra\u0142 by\u0142y bramkarz reprezentacji Anglii i dwukrotny zdobywca Ligi Mistrz\u00f3w, Peter Shilton. Nazwisko s\u0142ynnego golkipera a\u017c przez 28 lat widnia\u0142o w Ksi\u0119dze Rekord\u00f3w Guinessa w kategorii pod tytu\u0142em &#8222;Najwi\u0119cej rozegranych mecz\u00f3w w historii futbolu&#8221;. Po niemal trzech dekadach przyszed\u0142 jednak czas na aktualizacj\u0119.<\/p>\n<p>Dalsza cz\u0119\u015b\u0107 tekstu pod wideo<\/p>\n<p>Od sierpnia 2025 roku nowym rekordzist\u0105 jest Fabio, 45-letni bramkarz Fluminense, kt\u00f3ry latem wyst\u0105pi\u0142 ze swoim zespo\u0142em w Klubowych Mistrzostwach \u015awiata. Brazylijczyk jednak nawet nie my\u015bli o sportowej emeryturze.<\/p>\n<p>Golkiper przed\u0142u\u017cy\u0142 umow\u0119 ze swoim klubem o kolejny rok. Oznacza to, \u017ce jest ona wa\u017cna a\u017c do grudnia 2027 roku. Na trzy lata przed 50-tk\u0105 Fabio wci\u0105\u017c zamierza wi\u0119c by\u0107 aktywnym pi\u0142karzem.<\/p>\n<p>Fabio gra profesjonalnie w pi\u0142k\u0119 od 1998 roku, jednak mimo to Fluminense jest dopiero jego pi\u0105tym klubem w karierze. 45-latek ma na swoim koncie a\u017c 21 trofe\u00f3w, spo\u015br\u00f3d kt\u00f3rych mo\u017cna wymieni\u0107 chocia\u017cby siedem mistrzostw Brazylii, Copa America 2004 czy mistrzostwo \u015bwiata U17 z reprezentacj\u0105 Brazylii.<\/p>\n<p>W tym roku bramkarz wyst\u0105pi\u0142 tak\u017ce w Klubowych Mistrzostwach \u015awiata. Jego Fluminense dotar\u0142o tam a\u017c do p\u00f3\u0142fina\u0142u, eliminuj\u0105c po drodze Inter Mediolan czy saudyjskie Al-Hilal. Jego pogromc\u0105 okaza\u0142a si\u0119 Chelsea, kt\u00f3ra ostatecznie wygra\u0142a ca\u0142e rozgrywki.<\/p>\n","protected":false},"excerpt":{"rendered":"Legendarny bramkarz Fluminense, Fabio, mimo zaawansowanego wieku nie zamierza wiesza\u0107 swoich but\u00f3w na ko\u0142ku. 45-latek w\u0142a\u015bnie podpisa\u0142 now\u0105&hellip;\n","protected":false},"author":2,"featured_media":186000,"comment_status":"","ping_status":"","sticky":false,"template":"","format":"standard","meta":{"footnotes":""},"categories":[24],"tags":[42,38,40,39,41,127,126],"class_list":{"0":"post-185999","1":"post","2":"type-post","3":"status-publish","4":"format-standard","5":"has-post-thumbnail","7":"category-sport","8":"tag-pl","9":"tag-poland","10":"tag-polish","11":"tag-polska","12":"tag-polski","13":"tag-sport","14":"tag-sports"},"share_on_mastodon":{"url":"https:\/\/pubeurope.com\/@pl\/115833754288183446","error":""},"_links":{"self":[{"href":"https:\/\/www.europesays.com\/pl\/wp-json\/wp\/v2\/posts\/185999","targetHints":{"allow":["GET"]}}],"collection":[{"href":"https:\/\/www.europesays.com\/pl\/wp-json\/wp\/v2\/posts"}],"about":[{"href":"https:\/\/www.europesays.com\/pl\/wp-json\/wp\/v2\/types\/post"}],"author":[{"embeddable":true,"href":"https:\/\/www.europesays.com\/pl\/wp-json\/wp\/v2\/users\/2"}],"replies":[{"embeddable":true,"href":"https:\/\/www.europesays.com\/pl\/wp-json\/wp\/v2\/comments?post=185999"}],"version-history":[{"count":0,"href":"https:\/\/www.europesays.com\/pl\/wp-json\/wp\/v2\/posts\/185999\/revisions"}],"wp:featuredmedia":[{"embeddable":true,"href":"https:\/\/www.europesays.com\/pl\/wp-json\/wp\/v2\/media\/186000"}],"wp:attachment":[{"href":"https:\/\/www.europesays.com\/pl\/wp-json\/wp\/v2\/media?parent=185999"}],"wp:term":[{"taxonomy":"category","embeddable":true,"href":"https:\/\/www.europesays.com\/pl\/wp-json\/wp\/v2\/categories?post=185999"},{"taxonomy":"post_tag","embeddable":true,"href":"https:\/\/www.europesays.com\/pl\/wp-json\/wp\/v2\/tags?post=185999"}],"curies":[{"name":"wp","href":"https:\/\/api.w.org\/{rel}","templated":true}]}}