{"id":186023,"date":"2026-01-03T23:55:11","date_gmt":"2026-01-03T23:55:11","guid":{"rendered":"https:\/\/www.europesays.com\/pl\/186023\/"},"modified":"2026-01-03T23:55:11","modified_gmt":"2026-01-03T23:55:11","slug":"to-bedzie-najlepszy-rok-dla-pokemonow-firma-zapowiada-mocny-2026","status":"publish","type":"post","link":"https:\/\/www.europesays.com\/pl\/186023\/","title":{"rendered":"To b\u0119dzie NAJLEPSZY rok dla Pokemon\u00f3w? Firma zapowiada mocny 2026"},"content":{"rendered":"<p>The Pokemon Company od trzech dekad pozostaje jednym z najwi\u0119kszych fenomen\u00f3w popkultury na \u015bwiecie &#8211; od gier i karcianki, przez anime, a\u017c po filmy i niezliczone wsp\u00f3\u0142prace. Pokemony regularnie wracaj\u0105 na szczyty list sprzeda\u017cy i ogl\u0105dalno\u015bci, a ka\u017cda kolejna generacja skutecznie przyci\u0105ga zar\u00f3wno nowych odbiorc\u00f3w, jak i tych, kt\u00f3rzy dorastali z Pikachu. Trudno dzi\u015b znale\u017a\u0107 inn\u0105 mark\u0119, kt\u00f3ra z podobn\u0105 konsekwencj\u0105 potrafi\u0142aby \u0142\u0105czy\u0107 kilka pokole\u0144 fan\u00f3w pod jednym szyldem.<\/p>\n<p>Tym razem apetyt jest jednak wyj\u0105tkowo du\u017cy. Przedstawiciele The Pokemon Company wprost zapowiadaj\u0105, \u017ce nadchodz\u0105cy rok mo\u017ce by\u0107 najlepszym w ca\u0142ej, trzydziestoletniej historii marki. Kr\u00f3tkie, ale wymowne has\u0142o o \u201enajlepszym roku w historii\u201d jasno sugeruje, \u017ce szykowanych projekt\u00f3w jest wi\u0119cej, ni\u017c mog\u0142oby si\u0119 wydawa\u0107 na pierwszy rzut oka. To tak\u017ce sygna\u0142, \u017ce firma celuje w co\u015b wi\u0119cej ni\u017c tylko standardowe premiery znane z poprzednich lat.<\/p>\n<p>    Dalsza cz\u0119\u015b\u0107 tekstu pod wideo<\/p>\n<p>Cho\u0107 szczeg\u00f3\u0142y wci\u0105\u017c s\u0105 trzymane w tajemnicy, wszystko wskazuje na to, \u017ce czeka nas intensywny okres pe\u0142en zapowiedzi, premier i du\u017cych wydarze\u0144 &#8211; zar\u00f3wno w \u015bwiecie gier, jak i poza nim. Je\u015bli zapowiedzi rzeczywi\u015bcie si\u0119 potwierdz\u0105, Pokemon mo\u017ce wkr\u00f3tce zn\u00f3w zdominowa\u0107 rozmowy graczy i fan\u00f3w popkultury na ca\u0142ym \u015bwiecie. Pozostaje tylko pytanie, kt\u00f3re z nadchodz\u0105cych projekt\u00f3w oka\u017c\u0105 si\u0119 tymi, o kt\u00f3rych b\u0119dziemy m\u00f3wi\u0107 jeszcze przez lata.<\/p>\n<p>        <img loading=\"lazy\" decoding=\"async\" src=\"https:\/\/www.europesays.com\/pl\/wp-content\/uploads\/2026\/01\/B32963402.414688363;dc_trk_aid=607216972;dc_trk_cid=228291445;ord=[timestamp];dc_lat=;dc_rdid=;tag_f.gif\" attributionsrc=\"\" border=\"0\" height=\"1\" width=\"1\" alt=\"Advertisement\"\/><\/p>\n","protected":false},"excerpt":{"rendered":"The Pokemon Company od trzech dekad pozostaje jednym z najwi\u0119kszych fenomen\u00f3w popkultury na \u015bwiecie &#8211; od gier i&hellip;\n","protected":false},"author":2,"featured_media":186024,"comment_status":"","ping_status":"","sticky":false,"template":"","format":"standard","meta":{"footnotes":""},"categories":[20],"tags":[120,118,119,42,38,40,39,41,116,114,115,121,117],"class_list":{"0":"post-186023","1":"post","2":"type-post","3":"status-publish","4":"format-standard","5":"has-post-thumbnail","7":"category-nauka-i-technika","8":"tag-nauka","9":"tag-nauka-i-technika","10":"tag-naukatechnika","11":"tag-pl","12":"tag-poland","13":"tag-polish","14":"tag-polska","15":"tag-polski","16":"tag-science","17":"tag-science-and-technology","18":"tag-sciencetechnology","19":"tag-technika","20":"tag-technology"},"share_on_mastodon":{"url":"https:\/\/pubeurope.com\/@pl\/115833872270198475","error":""},"_links":{"self":[{"href":"https:\/\/www.europesays.com\/pl\/wp-json\/wp\/v2\/posts\/186023","targetHints":{"allow":["GET"]}}],"collection":[{"href":"https:\/\/www.europesays.com\/pl\/wp-json\/wp\/v2\/posts"}],"about":[{"href":"https:\/\/www.europesays.com\/pl\/wp-json\/wp\/v2\/types\/post"}],"author":[{"embeddable":true,"href":"https:\/\/www.europesays.com\/pl\/wp-json\/wp\/v2\/users\/2"}],"replies":[{"embeddable":true,"href":"https:\/\/www.europesays.com\/pl\/wp-json\/wp\/v2\/comments?post=186023"}],"version-history":[{"count":0,"href":"https:\/\/www.europesays.com\/pl\/wp-json\/wp\/v2\/posts\/186023\/revisions"}],"wp:featuredmedia":[{"embeddable":true,"href":"https:\/\/www.europesays.com\/pl\/wp-json\/wp\/v2\/media\/186024"}],"wp:attachment":[{"href":"https:\/\/www.europesays.com\/pl\/wp-json\/wp\/v2\/media?parent=186023"}],"wp:term":[{"taxonomy":"category","embeddable":true,"href":"https:\/\/www.europesays.com\/pl\/wp-json\/wp\/v2\/categories?post=186023"},{"taxonomy":"post_tag","embeddable":true,"href":"https:\/\/www.europesays.com\/pl\/wp-json\/wp\/v2\/tags?post=186023"}],"curies":[{"name":"wp","href":"https:\/\/api.w.org\/{rel}","templated":true}]}}