{"id":186052,"date":"2026-01-04T00:22:15","date_gmt":"2026-01-04T00:22:15","guid":{"rendered":"https:\/\/www.europesays.com\/pl\/186052\/"},"modified":"2026-01-04T00:22:15","modified_gmt":"2026-01-04T00:22:15","slug":"andrzej-piaseczny-na-temat-the-voice-senior-nie-nalezy-nas-kategoryzowac","status":"publish","type":"post","link":"https:\/\/www.europesays.com\/pl\/186052\/","title":{"rendered":"Andrzej Piaseczny na temat &#8222;The Voice Senior&#8221;. &#8222;Nie nale\u017cy nas kategoryzowa\u0107&#8221;"},"content":{"rendered":"<p class=\"Paragraph_desktopParagraph__U31Gm\">Ju\u017c 3 stycznia startuje nowy sezon &#8222;The Voice Senior&#8221;. Na fotelach jurorskich ponownie zasi\u0105d\u0105 Andrzej Piaseczny, Robert Janowski, Alicja Majewska, kt\u00f3ra po wielu latach wraca do programu, a tak\u017ce debiutuj\u0105ca w tej roli Majka Je\u017cowska.<\/p>\n<p>Andrzej Piaseczny grzmi na temat &#8222;The Voice Senior&#8221;. &#8222;Nie nale\u017cy nas kategoryzowa\u0107&#8221; <\/p>\n<p class=\"Paragraph_desktopParagraph__U31Gm\">W rozmowie z Plejad\u0105 Andrzej Piaseczny nie tylko zach\u0119ca do ogl\u0105dania nowej edycji show, ale r\u00f3wnie\u017c dzieli si\u0119 swoimi przemy\u015bleniami na temat nazwy formatu. Podkre\u015bla, \u017ce nie nale\u017cy kategoryzowa\u0107 uczestnik\u00f3w programu przez pryzmat s\u0142owa &#8222;senior&#8221;.<\/p>\n<ul class=\"OchatFollowUps_wrapper__1ry7X\">\n<li class=\"OchatFollowUps_item__Dhyly OchatFollowUps_itemDesktop__R6aBv\">Jakie s\u0105 przemy\u015blenia Andrzeja Piasecznego na temat nazwy 'The Voice Senior&#8217;?<\/li>\n<li class=\"OchatFollowUps_item__Dhyly OchatFollowUps_itemDesktop__R6aBv\">Kto zasi\u0105dzie w fotelach jurorskich w nowym sezonie 'The Voice Senior&#8217;?<\/li>\n<li class=\"OchatFollowUps_item__Dhyly OchatFollowUps_itemDesktop__R6aBv\">Jakie opinie ma Andrzej Piaseczny o uczestnikach programu w tym roku?<\/li>\n<li class=\"OchatFollowUps_item__Dhyly OchatFollowUps_itemDesktop__R6aBv\">Kiedy startuje nowy sezon 'The Voice Senior&#8217;?<\/li>\n<\/ul>\n<blockquote>\n<p class=\"Paragraph_desktopParagraph__U31Gm\">Oczywi\u015bcie, zapraszam was do tego, \u017ceby\u015bcie ogl\u0105dali naszych senior\u00f3w. Od tytu\u0142u troch\u0119 uciekam, bo im d\u0142u\u017cej jestem w tym programie, tym bardziej oswajam si\u0119 z my\u015bl\u0105, \u017ce nie nale\u017cy nas kategoryzowa\u0107 w spos\u00f3b wiekowy<\/p>\n<\/blockquote>\n<p class=\"Paragraph_desktopParagraph__U31Gm\">\u2014 Nasi uczestnicy \u015bpiewaj\u0105 wyj\u0105tkowo dobrze w tym roku. (&#8230;) Kiedy si\u0119 ogl\u0105da &#8222;Kidsa&#8221;, na przyk\u0142ad&#8230; us\u0142ysza\u0142em co\u015b takiego: &#8222;Jak to jest, \u017ce te dzieciaki tak \u015bpiewaj\u0105? Ale \u015bpiewaj\u0105!&#8221;, wi\u0119c chcia\u0142bym, \u017ceby kto\u015b z Pa\u0144stwa, ogl\u0105daj\u0105c nasz program, uciekaj\u0105c od kategoryzowania, powiedzia\u0142: &#8222;Jak oni \u015bwietnie \u015bpiewaj\u0105&#8221;, bo tak jest \u2014 m\u00f3wi.<\/p>\n<p class=\"Paragraph_desktopParagraph__U31Gm\">\u2014 My\u015bl\u0119, \u017ce to b\u0119dzie bardzo dobry sezon. Sam pewnie b\u0119d\u0119 z zapartym tchem ogl\u0105da\u0142, je\u015bli nie bezpo\u015brednio, to na pewno na TVP VOD \u2014 podsumowuje.<\/p>\n<p><img decoding=\"async\" class=\"Image_image__0tuHp Image_autoHeight__f2n87 \" height=\"587\" width=\"881\" src=\"https:\/\/www.europesays.com\/pl\/wp-content\/uploads\/2026\/01\/5W7k9kpTURBXy82MWYzNmEzMjQ3OWFlNmRhYTk5ODZmMTM1NDZiYjk5Ny5qcGeSlQLNA6wAwsOVAgDNAkvCw94AA6EwAaExAaEzw.jpeg\" alt=\"&quot;The Voice Senior&quot;: Andrzej Piaseczny\" loading=\"lazy\" \/>MW Media<\/p>\n<p>&#8222;The Voice Senior&#8221;: Andrzej Piaseczny<\/p>\n<p><img decoding=\"async\" class=\"Image_image__0tuHp Image_autoHeight__f2n87 \" height=\"587\" width=\"880\" src=\"https:\/\/www.europesays.com\/pl\/wp-content\/uploads\/2026\/01\/ZMhk9kuTURBXy9jZjIxYmIzZi05NWM2LTRmZWItOTQyOS1hYTIzYjk5NzUzYzIuanBlZ5KVAs0DrADCw5UCAM0CS8LD3gADoTABo.jpeg\" alt=\"26101013 - KATOWICE SYLWESTER Z DW\u00d3JK\u0104 (Andrzej Piaseczny)\" loading=\"lazy\" \/>PAP\/Jarek Praszkiewicz<\/p>\n<p>26101013 &#8211; KATOWICE SYLWESTER Z DW\u00d3JK\u0104 (Andrzej Piaseczny)<\/p>\n<p class=\"Paragraph_desktopParagraph__U31Gm\">Dzi\u0119kujemy, \u017ce przeczyta\u0142a\u015b\/e\u015b nasz artyku\u0142 do ko\u0144ca. W serwisie Plejada.pl ka\u017cdego dnia piszemy o najwa\u017cniejszych wydarzeniach show-biznesowych. B\u0105d\u017a na bie\u017c\u0105co! <a rel=\"nofollow noopener\" href=\"https:\/\/profile.google.com\/cp\/Cg0vZy8xMWJ6X19wdHBx\" id=\"a00ed97c-7eee-45ca-8c38-15c5bbef0b8c\" target=\"_blank\">Obserwuj<\/a> Plejad\u0119 w Google. Odwied\u017a nas tak\u017ce na <a rel=\"nofollow noopener\" href=\"https:\/\/www.facebook.com\/plejadapl\" id=\"369232b7-aaa6-4b71-ab8f-ebab1c6ccc8e\" target=\"_blank\">Facebooku<\/a>, <a rel=\"nofollow noopener\" href=\"https:\/\/www.instagram.com\/plejadapl\/\" id=\"608b84bd-0d4a-401d-97d5-c13f5a2aca9d\" target=\"_blank\">Instagramie<\/a>, <a rel=\"nofollow noopener\" href=\"https:\/\/www.youtube.com\/c\/plejada\" id=\"83f2a164-962f-47d8-858d-983ab0960780\" target=\"_blank\">YouTubie<\/a> oraz <a rel=\"nofollow noopener\" href=\"https:\/\/www.tiktok.com\/@plejada_pl\" id=\"c8ade4ab-c48f-4f14-9bc6-7bcd0b557b21\" target=\"_blank\">TikToku<\/a>.<\/p>\n<p class=\"Paragraph_desktopParagraph__U31Gm\">Chcesz podzieli\u0107 si\u0119 ciekawym newsem lub zaproponowa\u0107 temat? Skontaktuj si\u0119 z nami, pisz\u0105c maila na adres: <a href=\"https:\/\/www.onet.pl\/styl-zycia\/plejada\/andrzej-piaseczny-na-temat-the-voice-senior-nie-nalezy-nas-kategoryzowac\/mailto:plejada@redakcjaonet.pl\" id=\"bb3c8038-791e-44e4-a443-fd5e9493730a\" rel=\"nofollow noopener\" target=\"_blank\">plejada@redakcjaon<\/a><a rel=\"nofollow noopener\" href=\"https:\/\/et.pl\/\" id=\"5fdefa33-478c-4ff3-89e1-427adb520c6d\" target=\"_blank\">et.pl<\/a>.<\/p>\n<p><script async src=\"\/\/www.instagram.com\/embed.js\"><\/script><script async src=\"\/\/www.tiktok.com\/embed.js\"><\/script><\/p>\n","protected":false},"excerpt":{"rendered":"Ju\u017c 3 stycznia startuje nowy sezon &#8222;The Voice Senior&#8221;. Na fotelach jurorskich ponownie zasi\u0105d\u0105 Andrzej Piaseczny, Robert Janowski,&hellip;\n","protected":false},"author":2,"featured_media":186053,"comment_status":"","ping_status":"","sticky":false,"template":"","format":"standard","meta":{"footnotes":"","_share_on_mastodon":"0"},"categories":[22],"tags":[27621,122,53,52,68,51,55,42,38,40,39,41,123,47,196,36300,341,338,65,50,4578],"class_list":["post-186052","post","type-post","status-publish","format-standard","has-post-thumbnail","category-rozrywka","tag-andrzej_piaseczny_wokalista_piasek","tag-entertainment","tag-new_header","tag-onet3","tag-onet3d","tag-onet3d_2i","tag-phx","tag-pl","tag-poland","tag-polish","tag-polska","tag-polski","tag-rozrywka","tag-screening_general","tag-styl_zycia","tag-the_voice_senior","tag-tylko_w_onecie","tag-tylko_w_plejadzie","tag-update_me","tag-v2021","tag-video_article"],"share_on_mastodon":{"url":"https:\/\/pubeurope.com\/@pl\/115833978519356602","error":""},"_links":{"self":[{"href":"https:\/\/www.europesays.com\/pl\/wp-json\/wp\/v2\/posts\/186052","targetHints":{"allow":["GET"]}}],"collection":[{"href":"https:\/\/www.europesays.com\/pl\/wp-json\/wp\/v2\/posts"}],"about":[{"href":"https:\/\/www.europesays.com\/pl\/wp-json\/wp\/v2\/types\/post"}],"author":[{"embeddable":true,"href":"https:\/\/www.europesays.com\/pl\/wp-json\/wp\/v2\/users\/2"}],"replies":[{"embeddable":true,"href":"https:\/\/www.europesays.com\/pl\/wp-json\/wp\/v2\/comments?post=186052"}],"version-history":[{"count":0,"href":"https:\/\/www.europesays.com\/pl\/wp-json\/wp\/v2\/posts\/186052\/revisions"}],"wp:featuredmedia":[{"embeddable":true,"href":"https:\/\/www.europesays.com\/pl\/wp-json\/wp\/v2\/media\/186053"}],"wp:attachment":[{"href":"https:\/\/www.europesays.com\/pl\/wp-json\/wp\/v2\/media?parent=186052"}],"wp:term":[{"taxonomy":"category","embeddable":true,"href":"https:\/\/www.europesays.com\/pl\/wp-json\/wp\/v2\/categories?post=186052"},{"taxonomy":"post_tag","embeddable":true,"href":"https:\/\/www.europesays.com\/pl\/wp-json\/wp\/v2\/tags?post=186052"}],"curies":[{"name":"wp","href":"https:\/\/api.w.org\/{rel}","templated":true}]}}