{"id":186055,"date":"2026-01-04T00:26:12","date_gmt":"2026-01-04T00:26:12","guid":{"rendered":"https:\/\/www.europesays.com\/pl\/186055\/"},"modified":"2026-01-04T00:26:12","modified_gmt":"2026-01-04T00:26:12","slug":"nieformalny-sojusz-wyborczy-w-polsce-2050-chca-zablokowac-pelczynska-nalecz","status":"publish","type":"post","link":"https:\/\/www.europesays.com\/pl\/186055\/","title":{"rendered":"Nieformalny sojusz wyborczy w Polsce 2050. Chc\u0105 zablokowa\u0107 Pe\u0142czy\u0144sk\u0105-Na\u0142\u0119cz"},"content":{"rendered":"<p><a name=\"eztoc31744936_0_4\" id=\"eztoc31744936_0_4\"\/>Zawarli sojusz wyborczy. Chc\u0105 zablokowa\u0107 Pe\u0142czy\u0144sk\u0105-Na\u0142\u0119cz\u00a0<\/p>\n<p>10 stycznia w wyborach na przewodnicz\u0105cego Polski 2050 zmierzy si\u0119 sze\u015bcioro kandydat\u00f3w: pose\u0142 Ryszard Petru, pos\u0142anka Joanna Mucha, minister funduszy i polityki regionalnej Katarzyna Pe\u0142czy\u0144ska-Na\u0142\u0119cz, minister klimatu i \u015brodowiska Paulina Hennig-Kloska, pose\u0142 Rafa\u0142 Kasprzyk oraz pose\u0142 Bartosz Romowicz.<\/p>\n<p>Pod koniec grudnia z udzia\u0142u w wewn\u0119trznych wyborach zrezygnowa\u0142 europose\u0142 Micha\u0142 Kobosko &#8211; o czym poinformowa\u0142 cz\u0142onk\u00f3w partii za po\u015brednictwem listu. Kobosko podkre\u015bli\u0142 w nim, \u017ce jego decyzja jest efektem konsultacji z cz\u0142onkami ugrupowania. Zapowiedzia\u0142 jednak, \u017ce poprze kandydat\u00f3w &#8222;d\u0105\u017c\u0105cych do transformacji ugrupowania&#8221; i zaapelowa\u0142 do cz\u0142onk\u00f3w partii, by oni r\u00f3wnie\u017c opowiedzieli si\u0119 za zmian\u0105.<\/p>\n<p>Kobosko podkre\u015bli\u0142 przy tym, \u017ce szczeg\u00f3lnie trzyma kciuki za Hennig-Klosk\u0119, Much\u0119 i Petru, kt\u00f3rzy &#8211; jego zdaniem &#8211; \u0142\u0105cz\u0105 rozbudowane do\u015bwiadczenie polityczne, z ambicj\u0105 wzmacniania organizacji. Kobosko oceni\u0142 tak\u017ce, \u017ce odk\u0105d obowi\u0105zki I przewodnicz\u0105cej partii przej\u0119\u0142a po nim Pe\u0142czy\u0144ska-Na\u0142\u0119cz &#8211; sta\u0142o si\u0119 to po tym, jak w 2024 r. obj\u0105\u0142 on mandat europos\u0142a &#8211; to &#8222;w\u0142adza w partii sta\u0142a si\u0119 praktycznie jednoosobowa&#8221;.<\/p>\n<p>\t\t<a name=\"eztoc31744936_0_5\" id=\"eztoc31744936_0_5\"\/>&#8222;Kwartet&#8221; w Polsce 2050<\/p>\n<p>Jeden z parlamentarzyst\u00f3w Polski 2050 pytany o nastroje przedwyborcze w partii oceni\u0142, \u017ce kampania wyborcza przybra\u0142a charakter spolaryzowany. W konsekwencji mniej popularni kandydaci tacy jak: Petru, Hennig-Kloska i Mucha \u2013 mimo r\u00f3\u017cnic programowych i personalnych \u2013 zawarli nieformalny sojusz taktyczny, kt\u00f3rego celem jest zablokowanie zwyci\u0119stwa Pe\u0142czy\u0144skiej-Na\u0142\u0119cz. Sojusz ten, polityk okre\u015bli\u0142 jako &#8222;kwartet&#8221;.<\/p>\n<p>&#8211; Ci, co prowadz\u0105 kampani\u0119 widz\u0105, \u017ce Pe\u0142czy\u0144ska-Na\u0142\u0119cz ma najwi\u0119ksze szanse w wyborach. Z tego powodu, robi si\u0119 polaryzacja na zasadzie &#8211; ci, co s\u0105 za Pe\u0142czy\u0144sk\u0105-Na\u0142\u0119cz, i ci przeciwko niej. Po\u015br\u00f3d konkurent\u00f3w chyba najbardziej wyrazisty jest Petru &#8211; m\u00f3wi\u0142 rozm\u00f3wca PAP. Doda\u0142, \u017ce szans\u0119 na wej\u015bcie do drugiej tury ma te\u017c Hennig-Kloska.<\/p>\n<p>Rozm\u00f3wca PAP przypomnia\u0142 te\u017c, \u017ce Hennig-Kloska uzyska\u0142a silne poparcie parlamentarzyst\u00f3w, gdy klub Polski 2050 debatowa\u0142 nad rekomendacj\u0105 na stanowisko wicepremiera w rz\u0105dzie. Wed\u0142ug medialnych doniesie\u0144 Pe\u0142czy\u0144ska-Na\u0142\u0119cz wygra\u0142a w\u00f3wczas z Hennig-Kloska przewag\u0105 2 g\u0142os\u00f3w.<\/p>\n<p>Inny z polityk\u00f3w ugrupowania, z kt\u00f3rym rozmawia\u0142a PAP, pow\u0105tpiewa jednak, aby znacz\u0105co wp\u0142yn\u0119\u0142o to na wynik wybor\u00f3w. Poparcie dla szefowej MKi\u015a &#8211; wed\u0142ug niego &#8211; wynika\u0142o w du\u017cej mierze z &#8222;pragmatyki politycznej&#8221; i niech\u0119ci do Pe\u0142czy\u0144skiej-Na\u0142\u0119cz. &#8211; Hennig-Klosk\u0119 popar\u0142o wielu ludzi, kt\u00f3rzy za ni\u0105 nie przepadaj\u0105, ale wielu jeszcze bardziej nie lubi Katarzyny &#8211; t\u0142umaczy\u0142.<\/p>\n<p>Jeden z rozm\u00f3wc\u00f3w PAP wskaza\u0142, \u017ce wspomnian\u0105 niech\u0119\u0107 i konsolidacj\u0119 mo\u017cna dostrzec w li\u015bcie Koboski do cz\u0142onk\u00f3w partii. \u0179r\u00f3d\u0142o zwr\u00f3ci\u0142o tak\u017ce uwag\u0119, \u017ce w mediach spo\u0142eczno\u015bciowych cz\u0142onkowie tego &#8222;kwartetu&#8221; ju\u017c kilkukrotnie si\u0119 spotkali i publikowali w mediach spo\u0142eczno\u015bciowych relacje z wzajemnych spotka\u0144 oraz rozm\u00f3w o przysz\u0142o\u015bci ugrupowania. Zastrzeg\u0142 jednak, \u017ce &#8211; wbrew medialnym doniesieniom &#8211; nie jest to trwa\u0142y podzia\u0142 frakcyjny, lecz dora\u017ana konsolidacja &#8222;przeciw&#8221;.<\/p>\n<p>\u2013 W tym &#8222;kwartecie&#8221; by\u0142o zbyt du\u017co ego, by wystawi\u0107 jednego wsp\u00f3lnego kandydata przeciwko Pe\u0142czy\u0144skiej-Na\u0142\u0119cz. Natomiast s\u0105 oni na tyle rozs\u0105dni, patrz\u0105c na to stricte politycznie, aby nawi\u0105za\u0107 wsp\u00f3\u0142prac\u0119 i podebra\u0107 jej wyborc\u00f3w &#8211; powiedzia\u0142 PAP polityk Polski 2050.<\/p>\n<p>Dopytywany przez PAP, o przyczyny &#8222;niech\u0119ci&#8221; pozosta\u0142ych kandydat\u00f3w wobec szefowej MFiPR odpowiedzia\u0142, \u017ce u ka\u017cdego z nich jest to sprawa indywidualna. &#8211; Czasami jest osobista, chyba tak troch\u0119 jest w przypadku Micha\u0142a Koboski. Czasami to jest zupe\u0142nie inna wizja polityczna, jak jest w przypadku Ryszarda Petru. Czasem to jest kwestia ambicji, my\u015bl\u0119 \u017ce Hennig-Kloska tak ma. Moim zdaniem Paulina widzi siebie jako lepsz\u0105, z tych dw\u00f3ch minister &#8211; przekonywa\u0142 rozm\u00f3wca PAP.<\/p>\n<p>Parlamentarzysta przyzna\u0142 te\u017c, \u017ce zaskoczeniem jest start Romowicza. Wed\u0142ug niego, polityk ten nie prowadzi kampanii, a jego start spowodowany jest rezygnacj\u0105 ze startu innego z prominentnych polityk\u00f3w.<\/p>\n<p>Inny wysoko postawiony polityk Polski 2050 potwierdzi\u0142 w rozmowie z PAP, \u017ce wsp\u00f3\u0142praca wyborcza wspomnianych polityk\u00f3w ma miejsce. Zastrzeg\u0142 jednak, \u017ce sojusz ten jest naturalny, gdy\u017c s\u0105 to kandydaci &#8222;bardzo podobni&#8221;. &#8211; Nie postrzegam tego jednoznaczne jako dzia\u0142anie przeciwko Pe\u0142czy\u0144skiej-Na\u0142\u0119cz. Nie wiem czy to sojusz skierowany przeciwko niej, ale raczej w takim kierunku, by docelowo kt\u00f3re\u015b z nich wygra\u0142o &#8211; oceni\u0142 rozm\u00f3wca.<\/p>\n<p>Doda\u0142, \u017ce Pe\u0142czy\u0144ska-Na\u0142\u0119cz ma &#8222;na tyle mocn\u0105 pozycj\u0119&#8221; w partii, \u017ce mo\u017ce pozwoli\u0107 sobie na to, by jej sojusze wyborcze dotyczy\u0142y g\u0142\u00f3wnie cz\u0142onk\u00f3w ugrupowania, kt\u00f3rzy nie kandyduj\u0105. Powiedzia\u0142 te\u017c, \u017ce nie postrzega listu Koboski jako &#8222;wielkiego dramatu&#8221;. Jego zdaniem pomi\u0119dzy szefow\u0105 MFiPR a europos\u0142em nie ma konfliktu, natomiast jest to kwestia &#8222;silnych charakter\u00f3w i r\u00f3\u017cnic w sposobie zarz\u0105dzania&#8221;.<\/p>\n<p>Wed\u0142ug rozm\u00f3wcy PAP, Kobosko pope\u0142ni\u0142 b\u0142\u0105d rezygnuj\u0105c ze startu. Doda\u0142, \u017ce po jego rezygnacji, do drugiej tury wejdzie Pe\u0142czy\u0144ska-Na\u0142\u0119cz, szans\u0119 ma r\u00f3wnie\u017c Hennig-Kloska lub Joanna Mucha, kt\u00f3ra prowadzi &#8222;pr\u0119\u017cn\u0105 kampani\u0119 lokaln\u0105&#8221;. &#8211; Mam nadziej\u0119, \u017ce Ryszard nie zbli\u017cy si\u0119 poparciem do tych kandydatur. By\u0142oby to dla mnie troch\u0119 za\u0142amuj\u0105ce, przy ca\u0142ej sympatii ludzkiej, ale nie liderskiej, nie formacyjnej &#8211; doda\u0142 polityk.<\/p>\n<p>Rozm\u00f3wca zaznaczy\u0142 przy tym, \u017ce poparcie dla szefowej MKi\u015a nie odzwierciedli wynik\u00f3w g\u0142osowania klubu nad stanowiskiem wicepremiera, ze wzgl\u0119du na g\u0142osy dzia\u0142aczy lokalnych, kt\u00f3re nie musz\u0105 by\u0107 zbie\u017cne z g\u0142osami parlamentarzyst\u00f3w.<\/p>\n<p>        <a name=\"eztoc31744936_0_6\" id=\"eztoc31744936_0_6\"\/>Wybory w Polsce 2050<\/p>\n<p>Lider i za\u0142o\u017cyciel Polski 2050 Szymon Ho\u0142ownia pod koniec wrze\u015bnia poinformowa\u0142, \u017ce nie b\u0119dzie ponownie ubiega\u0142 si\u0119 o funkcj\u0119 przewodnicz\u0105cego partii. P\u00f3\u017aniej og\u0142osi\u0142, \u017ce stara si\u0119 o funkcj\u0119 Wysokiego Komisarza Narod\u00f3w Zjednoczonych ds. Uchod\u017ac\u00f3w. Ostatecznie na stanowisko to zosta\u0142 wybrany b. prezydent Iraku &#8211; Barham Ahmed Salih.<\/p>\n<p>Rada Krajowa ugrupowania pod koniec wrze\u015bnia rekomendowa\u0142a Pe\u0142czy\u0144sk\u0105-Na\u0142\u0119cz, by to ona zosta\u0142a wicepremierem w rz\u0105dzie &#8211; cho\u0107, ugrupowanie wci\u0105\u017c tego stanowiska nie otrzyma\u0142o. W tym samym czasie poparcia Pe\u0142czy\u0144skiej-Na\u0142\u0119cz na to stanowisko udzieli\u0142 r\u00f3wnie\u017c klub parlamentarny Polski 2050. Media podawa\u0142y w\u00f3wczas, \u017ce &#8211; g\u0142osowanie klubu nie by\u0142o jednomy\u015blne i Pe\u0142czy\u0144ska-Na\u0142\u0119cz uzyska\u0142a 16 g\u0142os\u00f3w, Hennig-Kloska &#8211; 14, a jeden g\u0142os zdoby\u0142a pos\u0142anka \u017baneta Cwalina-\u015aliwowska.<\/p>\n<p>Polska 2050 to partia centrowa. Zosta\u0142a powo\u0142ana przez Szymona Ho\u0142owni\u0119 po tym, gdy zaj\u0105\u0142 on trzecie miejsce w wyborach prezydenckich w 2020 r. \u2013 uzyskuj\u0105c 13,87 proc. g\u0142os\u00f3w. W wyborach parlamentarnych w 2023 roku partia wystartowa\u0142a w koalicji z PSL-em jako Trzecia Droga i uzyska\u0142a 14,4 proc. g\u0142os\u00f3w.<\/p>\n<p>Trzecia Droga zosta\u0142a rozwi\u0105zana w czerwcu 2025 r. Od tej pory w sonda\u017cach Polska 2050 i PSL s\u0105 analizowane oddzielnie. Wi\u0119kszo\u015b\u0107 ostatnich bada\u0144 wskazuje, \u017ce obie partie pod wzgl\u0119dem poparcia znajduj\u0105 si\u0119 poni\u017cej progu wyborczego.<\/p>\n<p>\u0179r\u00f3d\u0142o: PAP<\/p>\n","protected":false},"excerpt":{"rendered":"Zawarli sojusz wyborczy. Chc\u0105 zablokowa\u0107 Pe\u0142czy\u0144sk\u0105-Na\u0142\u0119cz\u00a0 10 stycznia w wyborach na przewodnicz\u0105cego Polski 2050 zmierzy si\u0119 sze\u015bcioro kandydat\u00f3w:&hellip;\n","protected":false},"author":2,"featured_media":186056,"comment_status":"","ping_status":"","sticky":false,"template":"","format":"standard","meta":{"footnotes":""},"categories":[12],"tags":[32,33,36,37,27,34,35,28,31,25,42,38,40,907,39,331,41,29,30,26,3654],"class_list":{"0":"post-186055","1":"post","2":"type-post","3":"status-publish","4":"format-standard","5":"has-post-thumbnail","7":"category-polska","8":"tag-breaking-news","9":"tag-breakingnews","10":"tag-featured-news","11":"tag-featurednews","12":"tag-headlines","13":"tag-latest-news","14":"tag-latestnews","15":"tag-naglowki","16":"tag-najwazniejsze-artykuly","17":"tag-news","18":"tag-pl","19":"tag-poland","20":"tag-polish","21":"tag-polityka","22":"tag-polska","23":"tag-polska-2050","24":"tag-polski","25":"tag-top-stories","26":"tag-topstories","27":"tag-wiadomosci","28":"tag-wybory"},"share_on_mastodon":{"url":"https:\/\/pubeurope.com\/@pl\/115833994095345009","error":""},"_links":{"self":[{"href":"https:\/\/www.europesays.com\/pl\/wp-json\/wp\/v2\/posts\/186055","targetHints":{"allow":["GET"]}}],"collection":[{"href":"https:\/\/www.europesays.com\/pl\/wp-json\/wp\/v2\/posts"}],"about":[{"href":"https:\/\/www.europesays.com\/pl\/wp-json\/wp\/v2\/types\/post"}],"author":[{"embeddable":true,"href":"https:\/\/www.europesays.com\/pl\/wp-json\/wp\/v2\/users\/2"}],"replies":[{"embeddable":true,"href":"https:\/\/www.europesays.com\/pl\/wp-json\/wp\/v2\/comments?post=186055"}],"version-history":[{"count":0,"href":"https:\/\/www.europesays.com\/pl\/wp-json\/wp\/v2\/posts\/186055\/revisions"}],"wp:featuredmedia":[{"embeddable":true,"href":"https:\/\/www.europesays.com\/pl\/wp-json\/wp\/v2\/media\/186056"}],"wp:attachment":[{"href":"https:\/\/www.europesays.com\/pl\/wp-json\/wp\/v2\/media?parent=186055"}],"wp:term":[{"taxonomy":"category","embeddable":true,"href":"https:\/\/www.europesays.com\/pl\/wp-json\/wp\/v2\/categories?post=186055"},{"taxonomy":"post_tag","embeddable":true,"href":"https:\/\/www.europesays.com\/pl\/wp-json\/wp\/v2\/tags?post=186055"}],"curies":[{"name":"wp","href":"https:\/\/api.w.org\/{rel}","templated":true}]}}