{"id":186112,"date":"2026-01-04T01:25:18","date_gmt":"2026-01-04T01:25:18","guid":{"rendered":"https:\/\/www.europesays.com\/pl\/186112\/"},"modified":"2026-01-04T01:25:18","modified_gmt":"2026-01-04T01:25:18","slug":"gorniak-stwierdzila-ze-wybaczyla-steczkowskiej-reakcja-justyny-mowi-wiele","status":"publish","type":"post","link":"https:\/\/www.europesays.com\/pl\/186112\/","title":{"rendered":"G\u00f3rniak stwierdzi\u0142a, \u017ce wybaczy\u0142a Steczkowskiej. Reakcja Justyny m\u00f3wi wiele"},"content":{"rendered":"<p class=\"article-p\" data-section=\"detail-body\">O pierwszych nieporozumieniach mi\u0119dzy Edyt\u0105 G\u00f3rniak i Justyn\u0105 Steczkowsk\u0105 zacz\u0119to m\u00f3wi\u0107 po emisji programu &#8222;Ranking Gwiazd&#8221; w 2008 r. W\u00f3wczas Steczkowska mia\u0142a wyg\u0142osi\u0107 komentarz, kt\u00f3ry nie spodoba\u0142 si\u0119 prze\u017cywaj\u0105cej rozstanie z m\u0119\u017cem G\u00f3rniak. Kolejne spotkanie pa\u0144 na planie &#8222;The Voice of Poland&#8221; r\u00f3wnie\u017c nie poprawi\u0142o ich relacji \u2014 mimo u\u015bmiech\u00f3w przed kamerami, za kulisami mia\u0142o dochodzi\u0107 do nieprzyjemnych sytuacji.<\/p>\n<p>        G\u00f3rniak stwierdzi\u0142a, \u017ce wybaczy\u0142a Steczkowskiej. Reakcja Justyny m\u00f3wi wiele<\/p>\n<p class=\"article-p\" data-section=\"detail-body\">W 2022 r. obie wokalistki wyst\u0105pi\u0142y podczas koncertu &#8222;Solidarni z Ukrain\u0105&#8221; organizowanego przez TVP. Justyna Steczkowska og\u0142osi\u0142a w\u00f3wczas na antenie, \u017ce przeka\u017ce swoje honorarium na pomoc dzieciom z Ukrainy. Inni arty\u015bci, w tym Edyta G\u00f3rniak, deklarowali, \u017ce wyst\u0105pili charytatywnie. Steczkowska zarzuci\u0142a im w\u00f3wczas k\u0142amstwo, co szczeg\u00f3lnie dotkn\u0119\u0142o G\u00f3rniak i ponownie zaogni\u0142o konflikt.<\/p>\n<p class=\"article-p\" data-section=\"detail-body\">Pod koniec roku pojawi\u0142a si\u0119 nadzieja na pojednanie. Edyta G\u00f3rniak w rozmowie z mediami niespodziewanie przyzna\u0142a, \u017ce nie gniewa si\u0119 ju\u017c na Justyn\u0119 Steczkowsk\u0105. Artystka podkre\u015bli\u0142a, \u017ce ka\u017cdy cz\u0142owiek ma swoje tempo rozwoju i nie nale\u017cy \u017cywi\u0107 urazy do innych.<\/p>\n<p class=\"article-p\" data-section=\"detail-body\">Gdyby ludzie mieli tak\u0105 wyrozumia\u0142o\u015b\u0107, \u017ce ka\u017cdy ma sw\u00f3j rytm \u017cycia i uczy si\u0119&#8230; I tak si\u0119 ka\u017cdy musi nauczy\u0107 tego samego, tylko ka\u017cdy to robi w innym tempie i innym czasie. I nie trzeba si\u0119 na siebie z\u0142o\u015bci\u0107. Ja ju\u017c si\u0119 nie gniewam na Justyn\u0119<\/p>\n<p class=\"article-p\" data-section=\"detail-body\">\u2014 powiedzia\u0142a.<\/p>\n<p class=\"article-p\" data-section=\"detail-body\">Na s\u0142owa Edyty G\u00f3rniak zareagowa\u0142a Justyna Steczkowska. W rozmowie z dziennikarzem Plotka artystka wyrazi\u0142a zaskoczenie.<\/p>\n<p class=\"article-p\" data-section=\"detail-body\">\u2014 zapyta\u0142a. Po wyja\u015bnieniu, \u017ce chodzi o konflikt zwi\u0105zany z koncertem dla Ukrainy, Steczkowska podkre\u015bli\u0142a, \u017ce nie nosi w sercu \u017calu do nikogo.<\/p>\n<p class=\"article-p\" data-section=\"detail-body\">My\u015bl\u0119, \u017ce je\u015bli kto\u015b ma do kogo\u015b pretensje, to musi wybaczy\u0107 przede wszystkim sobie, bo wtedy zaczyna by\u0107 szcz\u0119\u015bliwy. Ja do nikogo nie mam \u017calu, w og\u00f3le nie nosz\u0119 takich rzeczy w sercu. Po prostu ich nie mam. Dzi\u0119ki temu jestem szcz\u0119\u015bliwym cz\u0142owiekiem. Wi\u0119c je\u015bli Edi mi wybaczy\u0142a, to tak jakby wybaczy\u0142a samej sobie. A to mnie na pewno cieszy i \u017cycz\u0119 jej wszystkiego dobrego w nowym roku<\/p>\n<p class=\"article-p\" data-section=\"detail-body\">\u2014 zapewni\u0142a.<\/p>\n<p class=\"article-p\" data-section=\"detail-body\"><a href=\"https:\/\/ludzie.fakt.pl\/allan-enso-znowu-zakochany-na-sylwestrze-polsatu-pochwalil-sie-nowa-dziewczyna\/z6tftrr\" id=\"b813261b-a54c-47f0-abe6-e0d976ff86c1\" rel=\"nofollow noopener\" target=\"_blank\">Nowa mi\u0142o\u015b\u0107 Allana Enso na oczach kamer. Kulisy sylwestrowej nocy Polsatu<\/a><\/p>\n<p class=\"article-p\" data-section=\"detail-body\"><a href=\"https:\/\/ludzie.fakt.pl\/skolim-byl-na-kawie-z-edyta-gorniak-tak-przebieglo-spotkanie\/pwhmdqb\" id=\"47f4416e-e502-4d5b-bc44-7c18dad54025\" rel=\"nofollow noopener\" target=\"_blank\">Skolim by\u0142 na kawie z Edyt\u0105 G\u00f3rniak. Tak przebieg\u0142o spotkanie<\/a><\/p>\n<p class=\"article-p\" data-section=\"detail-body\"><a href=\"https:\/\/ludzie.fakt.pl\/sylwester-polsatu-dziwne-zachowanie-gorniak-za-kulisami-wszyscy-czekali\/7w2ydrq\" id=\"68a04b65-6148-4367-a9b8-9156b7821949\" rel=\"nofollow noopener\" target=\"_blank\">Dziwne zachowanie Edyty G\u00f3rniak za kulisami. Wszyscy na ni\u0105 czekali <\/a><\/p>\n","protected":false},"excerpt":{"rendered":"O pierwszych nieporozumieniach mi\u0119dzy Edyt\u0105 G\u00f3rniak i Justyn\u0105 Steczkowsk\u0105 zacz\u0119to m\u00f3wi\u0107 po emisji programu &#8222;Ranking Gwiazd&#8221; w 2008&hellip;\n","protected":false},"author":2,"featured_media":186113,"comment_status":"","ping_status":"","sticky":false,"template":"","format":"standard","meta":{"footnotes":""},"categories":[22],"tags":[122,42,38,40,39,41,123],"class_list":{"0":"post-186112","1":"post","2":"type-post","3":"status-publish","4":"format-standard","5":"has-post-thumbnail","7":"category-rozrywka","8":"tag-entertainment","9":"tag-pl","10":"tag-poland","11":"tag-polish","12":"tag-polska","13":"tag-polski","14":"tag-rozrywka"},"share_on_mastodon":{"url":"https:\/\/pubeurope.com\/@pl\/115834226092075270","error":""},"_links":{"self":[{"href":"https:\/\/www.europesays.com\/pl\/wp-json\/wp\/v2\/posts\/186112","targetHints":{"allow":["GET"]}}],"collection":[{"href":"https:\/\/www.europesays.com\/pl\/wp-json\/wp\/v2\/posts"}],"about":[{"href":"https:\/\/www.europesays.com\/pl\/wp-json\/wp\/v2\/types\/post"}],"author":[{"embeddable":true,"href":"https:\/\/www.europesays.com\/pl\/wp-json\/wp\/v2\/users\/2"}],"replies":[{"embeddable":true,"href":"https:\/\/www.europesays.com\/pl\/wp-json\/wp\/v2\/comments?post=186112"}],"version-history":[{"count":0,"href":"https:\/\/www.europesays.com\/pl\/wp-json\/wp\/v2\/posts\/186112\/revisions"}],"wp:featuredmedia":[{"embeddable":true,"href":"https:\/\/www.europesays.com\/pl\/wp-json\/wp\/v2\/media\/186113"}],"wp:attachment":[{"href":"https:\/\/www.europesays.com\/pl\/wp-json\/wp\/v2\/media?parent=186112"}],"wp:term":[{"taxonomy":"category","embeddable":true,"href":"https:\/\/www.europesays.com\/pl\/wp-json\/wp\/v2\/categories?post=186112"},{"taxonomy":"post_tag","embeddable":true,"href":"https:\/\/www.europesays.com\/pl\/wp-json\/wp\/v2\/tags?post=186112"}],"curies":[{"name":"wp","href":"https:\/\/api.w.org\/{rel}","templated":true}]}}