{"id":186114,"date":"2026-01-04T01:31:22","date_gmt":"2026-01-04T01:31:22","guid":{"rendered":"https:\/\/www.europesays.com\/pl\/186114\/"},"modified":"2026-01-04T01:31:22","modified_gmt":"2026-01-04T01:31:22","slug":"ks-developres-rzeszow-rozstal-sie-z-jedna-z-przyjmujacych","status":"publish","type":"post","link":"https:\/\/www.europesays.com\/pl\/186114\/","title":{"rendered":"KS DevelopRes Rzesz\u00f3w rozsta\u0142 si\u0119 z jedn\u0105 z przyjmuj\u0105cych"},"content":{"rendered":"<p>Aleksandra Dudek nie jest ju\u017c zawodniczk\u0105 KS DevelopResu Rzesz\u00f3w. W zespole mistrza Polski wyst\u0119powa\u0142a od 2024 roku.<\/p>\n<blockquote><p>&#13;<\/p>\n<p>Zako\u0144czenie roku to czas podsumowa\u0144, ale dla nas r\u00f3wnie\u017c moment po\u017cegnania. Informujemy, \u017ce z dniem 31 grudnia ko\u0144czymy wsp\u00f3\u0142prac\u0119 z Ol\u0105 Dudek.\u00a0Ola reprezentowa\u0142a nasze barwy przez ostatnie p\u00f3\u0142tora sezonu. W tym czasie by\u0142a cz\u0119\u015bci\u0105 zespo\u0142u, kt\u00f3ry zapisa\u0142 si\u0119 na kartach historii Klubu, zdobywaj\u0105c potr\u00f3jn\u0105 koron\u0119: Mistrzostwo Polski, Puchar Polski oraz Superpuchar Polski. Dzi\u0119kujemy za profesjonalizm oraz wk\u0142ad w osi\u0105gni\u0119te wyniki. \u017byczymy powodzenia w nowych, sportowych wyzwaniach!\u201d \u2013 napisa\u0142 DevelopRes Rzesz\u00f3w na swoim profilu w mediach spo\u0142eczno\u015bciowych.<\/p>\n<p>&#13;\n<\/p><\/blockquote>\n<p>Aleksandra Dudek: &#8211; Dzi\u0119kuj\u0119 ca\u0142emu Klubowi, sztabowi zawodniczkom oraz kibicom za to, \u017ce mog\u0142am sp\u0119dzi\u0107 naprawd\u0119 udane dla nas wszystkich 1,5 sezonu, podczas kt\u00f3rych wsp\u00f3lnie si\u0119gn\u0119li\u015bmy po Mistrzostwo Polski, Puchar Polski oraz Superpuchar Polski. B\u0119d\u0119 dobrze wspomina\u0107 ten czas w Rzeszowie, postaram si\u0119 na swojej dalszej drodze wykorzystywa\u0107 wszystko to, czego si\u0119 tutaj nauczy\u0142am.<\/p>\n<p>Dzi\u0119kuj\u0119 za atmosfer\u0119, kt\u00f3r\u0105 zbudowali\u015bmy razem i kt\u00f3ra powodowa\u0142a, \u017ce ka\u017cdego dnia mogli\u015bmy razem pracowa\u0107 z u\u015bmiechem. Dzi\u0119kuj\u0119 za wszystkie rozmowy, \u017carty, ta\u0144ce, piosenki i za teksty, kt\u00f3re tylko my rozumiemy, jeste\u015bcie wow mega. To by\u0142o dla mnie naprawd\u0119 cenne do\u015bwiadczenie, ten czas sp\u0119dzony tutaj.<\/p>\n<p>B\u0119d\u0119 kibicowa\u0142a dalej ca\u0142ej dru\u017cynie w tym sezonie, aby mogli zrealizowa\u0107 wszystkie cele i si\u0119gn\u0119li ponownie po Mistrzostwo. Powodzenia i trzymam za Was kciuki.<\/p>\n<p>Dzi\u0119kuj\u0119 jeszcze raz z ca\u0142ego serca!\u201d<\/p>\n<p>\t\t\t<a class=\"btn btn-default btn-back\" href=\"https:\/\/www.tauronliga.pl\/message\/section\/news.html\" rel=\"nofollow noopener\" target=\"_blank\">Powr\u00f3t do listy<\/a><\/p>\n<p>\n        Powi\u0105zane informacje\n    <\/p>\n<p>            \t\t\t\t<a href=\"https:\/\/www.tauronliga.pl\/zawodnicy\/id\/89\/tour\/50.html\" class=\"player-box-photo\" rel=\"nofollow noopener\" target=\"_blank\"><br \/>\n\t\t\t\t\t<img loading=\"lazy\" decoding=\"async\" class=\"img-responsive\" width=\"400\" height=\"400\" alt=\"\" src=\"https:\/\/www.europesays.com\/pl\/wp-content\/uploads\/2026\/01\/18._Aleksandra_Dudek.png\"\/><br \/>\n\t\t\t\t<\/a>\t<\/p>\n<p>            \t\t\t\t<a class=\"game-team-box-photo\" href=\"https:\/\/www.tauronliga.pl\/teams\/id\/32\/tour\/50.html\" rel=\"nofollow noopener\" target=\"_blank\"><br \/>\n\t\t\t\t\t\t\t\t\t\t\t<img loading=\"lazy\" decoding=\"async\" class=\"img-responsive\" width=\"400\" height=\"400\" src=\"https:\/\/www.europesays.com\/pl\/wp-content\/uploads\/2026\/01\/Logo_Developres_Gwiazdka_VECTOR.png\" alt=\"KS DevelopRes Rzesz\u00f3w\"\/><br \/>\n\t\t\t\t\t\t\t\t\t<\/a>\t<\/p>\n<p>\n        POWI\u0104ZANE WIADOMO\u015aCI\n    <\/p>\n","protected":false},"excerpt":{"rendered":"Aleksandra Dudek nie jest ju\u017c zawodniczk\u0105 KS DevelopResu Rzesz\u00f3w. W zespole mistrza Polski wyst\u0119powa\u0142a od 2024 roku. &#13;&hellip;\n","protected":false},"author":2,"featured_media":186115,"comment_status":"","ping_status":"","sticky":false,"template":"","format":"standard","meta":{"footnotes":""},"categories":[24],"tags":[20441,13155,4448,6243,42,38,40,39,41,6244,131,127,126,9095],"class_list":{"0":"post-186114","1":"post","2":"type-post","3":"status-publish","4":"format-standard","5":"has-post-thumbnail","7":"category-sport","8":"tag-kobiet","9":"tag-liga","10":"tag-pilka","11":"tag-pilka-siatkowa","12":"tag-pl","13":"tag-poland","14":"tag-polish","15":"tag-polska","16":"tag-polski","17":"tag-siatka","18":"tag-siatkowka","19":"tag-sport","20":"tag-sports","21":"tag-tauron"},"share_on_mastodon":{"url":"https:\/\/pubeurope.com\/@pl\/115834249932850578","error":""},"_links":{"self":[{"href":"https:\/\/www.europesays.com\/pl\/wp-json\/wp\/v2\/posts\/186114","targetHints":{"allow":["GET"]}}],"collection":[{"href":"https:\/\/www.europesays.com\/pl\/wp-json\/wp\/v2\/posts"}],"about":[{"href":"https:\/\/www.europesays.com\/pl\/wp-json\/wp\/v2\/types\/post"}],"author":[{"embeddable":true,"href":"https:\/\/www.europesays.com\/pl\/wp-json\/wp\/v2\/users\/2"}],"replies":[{"embeddable":true,"href":"https:\/\/www.europesays.com\/pl\/wp-json\/wp\/v2\/comments?post=186114"}],"version-history":[{"count":0,"href":"https:\/\/www.europesays.com\/pl\/wp-json\/wp\/v2\/posts\/186114\/revisions"}],"wp:featuredmedia":[{"embeddable":true,"href":"https:\/\/www.europesays.com\/pl\/wp-json\/wp\/v2\/media\/186115"}],"wp:attachment":[{"href":"https:\/\/www.europesays.com\/pl\/wp-json\/wp\/v2\/media?parent=186114"}],"wp:term":[{"taxonomy":"category","embeddable":true,"href":"https:\/\/www.europesays.com\/pl\/wp-json\/wp\/v2\/categories?post=186114"},{"taxonomy":"post_tag","embeddable":true,"href":"https:\/\/www.europesays.com\/pl\/wp-json\/wp\/v2\/tags?post=186114"}],"curies":[{"name":"wp","href":"https:\/\/api.w.org\/{rel}","templated":true}]}}