{"id":186122,"date":"2026-01-04T01:43:15","date_gmt":"2026-01-04T01:43:15","guid":{"rendered":"https:\/\/www.europesays.com\/pl\/186122\/"},"modified":"2026-01-04T01:43:15","modified_gmt":"2026-01-04T01:43:15","slug":"sniezny-armageddon-na-trasie-s7-przewoznicy-odpowiadaja-na-zarzuty-ministra","status":"publish","type":"post","link":"https:\/\/www.europesays.com\/pl\/186122\/","title":{"rendered":"\u015anie\u017cny armageddon na trasie S7. Przewo\u017anicy odpowiadaj\u0105 na zarzuty ministra"},"content":{"rendered":"<p class=\"article-p\" data-section=\"detail-body\">Kilka dni temu, we wtorek 30 grudnia, droga krajowa nr 7, na odcinku od Gda\u0144ska do Warszawy, zakorkowa\u0142a si\u0119 na dobrych kilka godzin. Setki kierowc\u00f3w utkn\u0119\u0142y w gigantycznym korku. Ludzie narzekali na brak wody i jedzenia. Nie mieli mo\u017cliwo\u015bci skorzystania z toalety. Auta by\u0142y dos\u0142ownie zasypywane \u015bniegiem. Przez \u015bliskie nawierzchnie o kolizj\u0119 by\u0142o nietrudno. Nie by\u0142o specjalnych zjazd\u00f3w z trasy, dzi\u0119ki kt\u00f3rym mo\u017cna by\u0142oby uciec z pu\u0142apki. Frustracja ros\u0142a z godziny na godzin\u0119. Wraz z udro\u017cnieniem ruchu rozpocz\u0119\u0142o si\u0119 poszukiwanie winnych.<\/p>\n<p>        Ministerstwo zapowiada wi\u0119cej kontroli<\/p>\n<p class=\"article-p\" data-section=\"detail-body\">Szef MSWiA Marcin Kierwi\u0144ski uwa\u017ca, \u017ce cz\u0119\u015bciow\u0105 win\u0119 za wielogodzinny parali\u017c ponosz\u0105 kierowcy samochod\u00f3w ci\u0119\u017carowych, kt\u00f3rzy mieli u\u017cywa\u0107 niew\u0142a\u015bciwych opon. Tym samym zapowiedzia\u0142 przeprowadzenie kontroli. W podobnym tonie wypowiadali si\u0119 r\u00f3wnie\u017c przedstawiciele Ministerstwa Infrastruktury.<\/p>\n<p class=\"article-p\" data-section=\"detail-body\">Reporterom RMF FM uda\u0142o si\u0119 dotrze\u0107 do listu, kt\u00f3ry przygotowa\u0142 Zwi\u0105zek Pracodawc\u00f3w Transportu i Logistyka Polska, odpieraj\u0105cy zarzuty ministerstwa.<\/p>\n<p class=\"article-p\" data-section=\"detail-body\">W odpowiedzi na tocz\u0105c\u0105 si\u0119 dyskusj\u0119 wok\u00f3\u0142 zator\u00f3w na trasie S7, w kt\u00f3rej brali udzia\u0142 przedstawiciele Ministerstwa Infrastruktury, Zwi\u0105zek Pracodawc\u00f3w Transport i Logistyka Polska skierowa\u0142 oficjalne pismo do Ministra Dariusza Klimczaka. Przedstawiciele bran\u017cy apeluj\u0105 o rzeteln\u0105 ocen\u0119 przyczyn utrudnie\u0144 zimowych i zwracaj\u0105 uwag\u0119 na ryzyka operacyjne zwi\u0105zane z zapowiedzian\u0105 akcj\u0105 dora\u017anych wzmo\u017conych kontroli w trudnych warunkach pogodowych<\/p>\n<p class=\"article-p\" data-section=\"detail-body\">\u2014 czytamy w komunikacie Zwi\u0105zku Pracodawc\u00f3w Transport i Logistyka Polska.<\/p>\n<p class=\"article-p\" data-section=\"detail-body\">Narracja zrzucaj\u0105ca odpowiedzialno\u015b\u0107 za zimowe zatory drogowe jest krzywdz\u0105ca dla tysi\u0119cy zawodowych kierowc\u00f3w i nie znajduje pe\u0142nego odzwierciedlenia w faktach<\/p>\n<p class=\"article-p\" data-section=\"detail-body\">\u2014 przekonuje prezes Zwi\u0105zku Maciej Wro\u0144ski.<\/p>\n<p class=\"article-p\" data-section=\"detail-body\">Dba\u0142o\u015b\u0107 o flot\u0119 to dla profesjonalnych przewo\u017anik\u00f3w priorytet nie tylko moralny, ale przede wszystkim ekonomiczny. Ka\u017cde zdarzenie zwi\u0105zane ze z\u0142ym stanem technicznym pojazdu to wymierna strata finansowa, kt\u00f3rej ryzyko wielokrotnie przekracza warto\u015b\u0107 ewentualnych &#8222;oszcz\u0119dno\u015bci&#8221; w tym obszarze<\/p>\n<p class=\"article-p\" data-section=\"detail-body\">\u2014 podkre\u015bla.<\/p>\n<p>        Przewo\u017anicy na dodatkowe kontrole &#8222;m\u00f3wi\u0105 nie&#8221;<\/p>\n<p class=\"article-p\" data-section=\"detail-body\">Wyniki systematycznych kontroli ITD i policji nie wskazuj\u0105, aby stan ogumienia polskich samochod\u00f3w i przyczep s\u0142u\u017c\u0105cych do transportu by\u0142 problemem maj\u0105cym istotny wp\u0142yw na poziom bezpiecze\u0144stwa ruchu drogowego w Polsce. Wykrywane nieprawid\u0142owo\u015bci w tym obszarze maj\u0105 charakter incydentalny<\/p>\n<p class=\"article-p\" data-section=\"detail-body\">\u2014 mo\u017cna przeczyta\u0107 w li\u015bcie do ministra infrastruktury.<\/p>\n<p class=\"article-p\" data-section=\"detail-body\">Organizacje zrzeszaj\u0105ce polskich przewo\u017anik\u00f3w stoj\u0105 na stanowisku, \u017ce dzia\u0142ania kontrolne w momencie za\u0142amania pogody mia\u0142y doprowadza\u0107 raczej do zator\u00f3w i kork\u00f3w, ni\u017c do poprawy bezpiecze\u0144stwa i p\u0142ynno\u015bci ruchu. Zwi\u0105zek przekonuje w pi\u015bmie adresowanym do rz\u0105du, \u017ce bezpiecze\u0144stwo buduje si\u0119 poprzez \u017cmudn\u0105, ca\u0142oroczn\u0105 prac\u0119 s\u0142u\u017cb, a nie dora\u017ane akcje.<\/p>\n<p class=\"article-p\" data-section=\"detail-body\">Przewo\u017anicy oczekuj\u0105, \u017ce przysz\u0142e analizy sytuacji kryzysowych b\u0119d\u0105 uwzgl\u0119dnia\u0142y szerszy kontekst \u2014 w tym efektywno\u015b\u0107 zimowego utrzymania dr\u00f3g przez s\u0142u\u017cby \u2014 a dialog b\u0119dzie oparty na wzajemnym szacunku i partnerstwie<\/p>\n<p class=\"article-p\" data-section=\"detail-body\">\u2014 podsumowuj\u0105 w li\u015bcie zwi\u0105zkowcy.<\/p>\n<p class=\"article-p\" data-section=\"detail-body\"><a href=\"https:\/\/www.fakt.pl\/wydarzenia\/lublin-23-latek-wyludzal-drogie-telefony-prawie-pol-miliona-zlotych-straty\/r6dx7rh\" id=\"7766cd86-1b95-497f-9098-531d84e83b9a\" rel=\"nofollow noopener\" target=\"_blank\">Fa\u0142szywe umowy i fikcyjne adresy. Tak 23-latek z Lublina oszuka\u0142 operator\u00f3w<\/a><\/p>\n<p class=\"article-p\" data-section=\"detail-body\"><a href=\"https:\/\/www.fakt.pl\/wydarzenia\/zamordowany-w-gizycku-taksowkarz-byl-wzorem-mieszkancy-ruszyli-na-ratunek-jego-psu\/lyxj70k\" id=\"9498e108-ffb3-4425-a8c7-19f1aaa3e628\" rel=\"nofollow noopener\" target=\"_blank\">Zamordowany taks\u00f3wkarz z Gi\u017cycka by\u0142 wzorem pomocy. Jego pies nie zosta\u0142 sam<\/a><\/p>\n<p class=\"article-p\" data-section=\"detail-body\"><a href=\"https:\/\/www.fakt.pl\/wydarzenia\/szwajcaria-pozar-w-klubie-la-constellation-strazak-mowi-o-przyczynach-tragedii\/9pvj6p2\" id=\"5b73ff34-02f8-40c9-b8a5-7e9fe1366be6\" rel=\"nofollow noopener\" target=\"_blank\">Tragiczny po\u017car w Szwajcarii. Uczestnicy bawili si\u0119 do ko\u0144ca. Stra\u017cak m\u00f3wi o eksplozji i truj\u0105cych gazach<\/a><\/p>\n<p>        \/2<\/p>\n<p>                    <img decoding=\"async\" class=\"article-image-img\" loading=\"lazy\" alt=\"\" src=\"https:\/\/www.europesays.com\/pl\/wp-content\/uploads\/2026\/01\/jk9k9kuTURBXy9hOTUxYTcxOS05MDBiLTRlNjYtOTg5OS03MzRhNjAxNjM2YTcuanBlZ5GTAs0DSM0Eo94AAqEwAaExAQ.jpeg\" width=\"840\" height=\"1187\"\/><\/p>\n<p>                  www.tlp.org.pl \/ &#8211;<\/p>\n<p class=\"article-gallery-p\">\n        List zwi\u0105zkowc\u00f3w do kt\u00f3rego dotarli reporterzy RMF FM.\n    <\/p>\n<p>        \/2<\/p>\n<p>                    <img decoding=\"async\" class=\"article-image-img\" loading=\"lazy\" alt=\"\" src=\"https:\/\/www.europesays.com\/pl\/wp-content\/uploads\/2026\/01\/NCSk9kuTURBXy81Zjc0MjJiNC0xYWFjLTRmZTItYjdhNy03M2Q4MGYzZTUwOTkuanBlZ5GTAs0DSM0Eo94AAqEwAaExAQ.jpeg\" width=\"840\" height=\"1187\"\/><\/p>\n<p>                  www.tlp.org.pl \/ &#8211;<\/p>\n<p class=\"article-gallery-p\">\n        List zwi\u0105zkowc\u00f3w do kt\u00f3rego dotarli reporterzy RMF FM.\n    <\/p>\n","protected":false},"excerpt":{"rendered":"Kilka dni temu, we wtorek 30 grudnia, droga krajowa nr 7, na odcinku od Gda\u0144ska do Warszawy, zakorkowa\u0142a&hellip;\n","protected":false},"author":2,"featured_media":186123,"comment_status":"","ping_status":"","sticky":false,"template":"","format":"standard","meta":{"footnotes":""},"categories":[12],"tags":[32,33,36,37,27,34,35,28,31,25,42,38,40,39,41,29,30,26],"class_list":{"0":"post-186122","1":"post","2":"type-post","3":"status-publish","4":"format-standard","5":"has-post-thumbnail","7":"category-polska","8":"tag-breaking-news","9":"tag-breakingnews","10":"tag-featured-news","11":"tag-featurednews","12":"tag-headlines","13":"tag-latest-news","14":"tag-latestnews","15":"tag-naglowki","16":"tag-najwazniejsze-artykuly","17":"tag-news","18":"tag-pl","19":"tag-poland","20":"tag-polish","21":"tag-polska","22":"tag-polski","23":"tag-top-stories","24":"tag-topstories","25":"tag-wiadomosci"},"share_on_mastodon":{"url":"https:\/\/pubeurope.com\/@pl\/115834296908085971","error":""},"_links":{"self":[{"href":"https:\/\/www.europesays.com\/pl\/wp-json\/wp\/v2\/posts\/186122","targetHints":{"allow":["GET"]}}],"collection":[{"href":"https:\/\/www.europesays.com\/pl\/wp-json\/wp\/v2\/posts"}],"about":[{"href":"https:\/\/www.europesays.com\/pl\/wp-json\/wp\/v2\/types\/post"}],"author":[{"embeddable":true,"href":"https:\/\/www.europesays.com\/pl\/wp-json\/wp\/v2\/users\/2"}],"replies":[{"embeddable":true,"href":"https:\/\/www.europesays.com\/pl\/wp-json\/wp\/v2\/comments?post=186122"}],"version-history":[{"count":0,"href":"https:\/\/www.europesays.com\/pl\/wp-json\/wp\/v2\/posts\/186122\/revisions"}],"wp:featuredmedia":[{"embeddable":true,"href":"https:\/\/www.europesays.com\/pl\/wp-json\/wp\/v2\/media\/186123"}],"wp:attachment":[{"href":"https:\/\/www.europesays.com\/pl\/wp-json\/wp\/v2\/media?parent=186122"}],"wp:term":[{"taxonomy":"category","embeddable":true,"href":"https:\/\/www.europesays.com\/pl\/wp-json\/wp\/v2\/categories?post=186122"},{"taxonomy":"post_tag","embeddable":true,"href":"https:\/\/www.europesays.com\/pl\/wp-json\/wp\/v2\/tags?post=186122"}],"curies":[{"name":"wp","href":"https:\/\/api.w.org\/{rel}","templated":true}]}}