{"id":186150,"date":"2026-01-04T03:06:07","date_gmt":"2026-01-04T03:06:07","guid":{"rendered":"https:\/\/www.europesays.com\/pl\/186150\/"},"modified":"2026-01-04T03:06:07","modified_gmt":"2026-01-04T03:06:07","slug":"kanada-komentuje-amerykanski-atak-na-wenezuele-szefowa-msz-o-poszanowaniu-prawa","status":"publish","type":"post","link":"https:\/\/www.europesays.com\/pl\/186150\/","title":{"rendered":"Kanada komentuje ameryka\u0144ski atak na Wenezuel\u0119. Szefowa MSZ o &#8222;poszanowaniu prawa&#8221;"},"content":{"rendered":"<p class=\"ods-c-paragraph \">Odnosz\u0105c si\u0119 do operacji wojsk USA, kt\u00f3ra odsun\u0119\u0142a od w\u0142adzy dyktatora Wenezueli, Nicolasa Maduro, Anand podkre\u015bli\u0142a te\u017c, \u017ce stanowisko Kanady zawsze by\u0142o zwi\u0105zane z poparciem dla praworz\u0105dno\u015bci i demokracji. &#8222;Kanada zwraca si\u0119 do wszystkich stron o poszanowanie prawa mi\u0119dzynarodowego. Popiera te\u017c nar\u00f3d wenezuelski i jego pragnienie \u017cycia w spo\u0142eczno\u015bci pokojowej i demokratycznej&#8221; \u2014 doda\u0142a kanadyjska ministra spraw zagranicznych.<\/p>\n<p>Dalszy ci\u0105g artyku\u0142u pod materia\u0142em wideo<\/p>\n<p> Jak Kanada ocenia dzia\u0142ania USA w Wenezueli? <\/p>\n<p> Co powiedzia\u0142a minister Anand na temat re\u017cimu Maduro? <\/p>\n<p> Jakie obawy maj\u0105 Kanadyjczycy dotycz\u0105ce wenezuelskiej ropy? <\/p>\n<p> Co napisa\u0142 premier Mark Carney o przysz\u0142o\u015bci Wenezueli? <\/p>\n<p class=\"ods-c-paragraph \">Premier Kanady Mark Carney napisa\u0142 w sobot\u0119 wieczorem na X : &#8222;Rz\u0105d Kanady wita mo\u017cliwo\u015b\u0107 wolno\u015bci, demokracji, pokoju i pomy\u015blno\u015bci dla narodu wenezuelskiego&#8221; i podkre\u015bli\u0142, \u017ce to do narodu Wenezueli nale\u017cy suwerenne prawo decydowania o przysz\u0142o\u015bci.<\/p>\n<p>    Mieszane odczucia w\u015br\u00f3d polityk\u00f3w<\/p>\n<p class=\"ods-c-paragraph \">Liderzy najwi\u0119kszych partii opozycyjnych w Kanadzie maj\u0105 zr\u00f3\u017cnicowane oceny wydarze\u0144 w Wenezueli. Lider konserwatyst\u00f3w Pierre Poilievre gratulowa\u0142 USA. Lider lewicowej Nowej Partii Demokratycznej Don Davies podkre\u015bla\u0142 na X, \u017ce ameryka\u0144ski atak na Wenezuel\u0119 nie jest dzia\u0142aniem w samoobronie, a dzia\u0142ania USA s\u0105 nielegalne. Za\u015b lider Bloc Qu\u00e9b\u00e9cois Yves-Fran\u00e7ois Blanchet napisa\u0142 w mediach spo\u0142eczno\u015bciowych, \u017ce cho\u0107 w ocenie jego partii Maduro narusza\u0142 podstawowe wolno\u015bci, to niepokoj\u0105ce jest, \u017ce USA przypisuj\u0105 sobie rol\u0119 &#8222;\u017candarma&#8221;.<\/p>\n<p class=\"ods-c-paragraph \">Kanadyjskie media zwraca\u0142y w minionych tygodniach uwag\u0119, \u017ce je\u015bli ropa z Wenezueli powr\u00f3ci\u0142aby na rynki \u015bwiatowe, mog\u0142oby to powa\u017cnie dotkn\u0105\u0107 kanadyjskich producent\u00f3w ropy, dla kt\u00f3rych g\u0142\u00f3wnym rynkiem zbytu s\u0105 Stany Zjednoczone.<\/p>\n<p class=\"ods-c-paragraph \">Publiczny nadawca CBC w niedawnej analizie cytowa\u0142 ekspert\u00f3w wskazuj\u0105cych, \u017ce ropa naftowa z Wenezueli ma taki sam sk\u0142ad chemiczny jak ropa z kanadyjskiej Alberty, ale \u0142atwiejsze s\u0105 warunki jej wydobycia. Jednak od czasu doj\u015bcia do w\u0142adzy lewicowego Hugo Chaveza i strajk\u00f3w w wenezuelskim sektorze naftowym ponad 20 lat temu, to w\u0142a\u015bnie ropa naftowa z Kanady zast\u0105pi\u0142a dostawy z Wenezueli do USA.<\/p>\n","protected":false},"excerpt":{"rendered":"Odnosz\u0105c si\u0119 do operacji wojsk USA, kt\u00f3ra odsun\u0119\u0142a od w\u0142adzy dyktatora Wenezueli, Nicolasa Maduro, Anand podkre\u015bli\u0142a te\u017c, \u017ce&hellip;\n","protected":false},"author":2,"featured_media":186151,"comment_status":"","ping_status":"","sticky":false,"template":"","format":"standard","meta":{"footnotes":""},"categories":[14],"tags":[32,33,27,193,34,35,10875,28,31,48,25,3157,46,40,41,47,80,29,30,3008,26,82,83,84],"class_list":{"0":"post-186150","1":"post","2":"type-post","3":"status-publish","4":"format-standard","5":"has-post-thumbnail","7":"category-swiat","8":"tag-breaking-news","9":"tag-breakingnews","10":"tag-headlines","11":"tag-kanada","12":"tag-latest-news","13":"tag-latestnews","14":"tag-mark_carney","15":"tag-naglowki","16":"tag-najwazniejsze-artykuly","17":"tag-nat_styl","18":"tag-news","19":"tag-nicolas_maduro","20":"tag-omp","21":"tag-polish","22":"tag-polski","23":"tag-screening_general","24":"tag-swiat","25":"tag-top-stories","26":"tag-topstories","27":"tag-wenezuela","28":"tag-wiadomosci","29":"tag-world","30":"tag-world-news","31":"tag-worldnews"},"share_on_mastodon":{"url":"https:\/\/pubeurope.com\/@pl\/115834623278235343","error":""},"_links":{"self":[{"href":"https:\/\/www.europesays.com\/pl\/wp-json\/wp\/v2\/posts\/186150","targetHints":{"allow":["GET"]}}],"collection":[{"href":"https:\/\/www.europesays.com\/pl\/wp-json\/wp\/v2\/posts"}],"about":[{"href":"https:\/\/www.europesays.com\/pl\/wp-json\/wp\/v2\/types\/post"}],"author":[{"embeddable":true,"href":"https:\/\/www.europesays.com\/pl\/wp-json\/wp\/v2\/users\/2"}],"replies":[{"embeddable":true,"href":"https:\/\/www.europesays.com\/pl\/wp-json\/wp\/v2\/comments?post=186150"}],"version-history":[{"count":0,"href":"https:\/\/www.europesays.com\/pl\/wp-json\/wp\/v2\/posts\/186150\/revisions"}],"wp:featuredmedia":[{"embeddable":true,"href":"https:\/\/www.europesays.com\/pl\/wp-json\/wp\/v2\/media\/186151"}],"wp:attachment":[{"href":"https:\/\/www.europesays.com\/pl\/wp-json\/wp\/v2\/media?parent=186150"}],"wp:term":[{"taxonomy":"category","embeddable":true,"href":"https:\/\/www.europesays.com\/pl\/wp-json\/wp\/v2\/categories?post=186150"},{"taxonomy":"post_tag","embeddable":true,"href":"https:\/\/www.europesays.com\/pl\/wp-json\/wp\/v2\/tags?post=186150"}],"curies":[{"name":"wp","href":"https:\/\/api.w.org\/{rel}","templated":true}]}}