{"id":186185,"date":"2026-01-04T06:04:06","date_gmt":"2026-01-04T06:04:06","guid":{"rendered":"https:\/\/www.europesays.com\/pl\/186185\/"},"modified":"2026-01-04T06:04:06","modified_gmt":"2026-01-04T06:04:06","slug":"gdzie-obejrzec-eva-lys-iga-swiatek-o-ktorej-mecz-transmisja-na-zywo-przeglad-sportowy-onet","status":"publish","type":"post","link":"https:\/\/www.europesays.com\/pl\/186185\/","title":{"rendered":"Gdzie obejrze\u0107 Eva Lys &#8211; Iga \u015awi\u0105tek? O kt\u00f3rej mecz? Transmisja na \u017cywo &#8211; Przegl\u0105d Sportowy Onet"},"content":{"rendered":"<ol>\n<li><a href=\"https:\/\/news.google.com\/rss\/articles\/CBMitAFBVV95cUxPMXEzMENic3RsZHN1ckxJRnlvdUZQOTcta2ZGWWRVTXZqbmNWUDdKMXAzOENGX1VJbE1iS05TYlY3eER1SVB1Uy1BTUgzM2Zja2x0TDk2bWtPUGpzUFFDbFlITWc1Y0JsdWZFM2M1RC1Oa19NMS1jZjB2Y29tSHY2RUhPMjNFbFRiY0pVdGJjODNYUDVROS0zLUM2THl4MjlKUVlYNzJLQjE1WXprRFhXZ3NSNUE?oc=5\" target=\"_blank\" rel=\"nofollow noopener\">Gdzie obejrze\u0107 Eva Lys &#8211; Iga \u015awi\u0105tek? O kt\u00f3rej mecz? Transmisja na \u017cywo<\/a>&nbsp;&nbsp;Przegl\u0105d Sportowy Onet<\/li>\n<li><a href=\"https:\/\/news.google.com\/rss\/articles\/CBMitgFBVV95cUxOM2JlSU4tN181MlFoZWk0djc3XzdkTXpiR3psS08tSlVKU0VpTXN1OHV2eUJpazBjRDNKN2Flck5GdVJ2eFgxYV9Vck9YM3hSdGU0LWkycHpiNnRHN2hwNEZoOFAyUFhCQWdVdWVJU0hYWUpocWNtc2dRWDk3U2xpZVFDQlhtZXJuUnU1Q3dKZUJYd1k5UDg3dUpHQ0QzRlRCdHVtenRPbThqcHcxRUlTamJzSzVUZw?oc=5\" target=\"_blank\" rel=\"nofollow noopener\">\u015awi\u0105tek czeka\u0142a na mecz z Lys, a tu Niemka ju\u017c triumfuje. Nocna wie\u015b\u0107 z Sydney<\/a>&nbsp;&nbsp;Sport w INTERIA.PL<\/li>\n<li><a href=\"https:\/\/news.google.com\/rss\/articles\/CBMisgFBVV95cUxPWGplVHhCTUdrQ0FzbGs3OVFoeWdOLWVCMC1NUHo4WnI0SVFrMU94VHZxQW10SXhHQkswbldSYTVzQ0F3WW5IRnczWHNBZzRZNFlIejQ0Y2Vobl8zQm54TXFLQ1hPYUE4b0VDQVI3QUhGSk5mTk9PQ2FXSWJrc1R3WTNZeU84N2stMXYyU2Z6emR5QTRhZUFIczFBZ3BBeGg3QnJVT0dUMDJOVTI2OXpMVEtB?oc=5\" target=\"_blank\" rel=\"nofollow noopener\">Dwie pi\u0142ki mistrzowskie i \u0142zy Igi \u015awi\u0105tek. Oto czego jej brakuje Tenis<\/a>&nbsp;&nbsp;Sport.pl<\/li>\n<li><a href=\"https:\/\/news.google.com\/rss\/articles\/CBMioAFBVV95cUxOWGZBSHhsNXhKMHBjYnFHVVRkRUpJUlVBYlJDTlAxMi1sdDNjM3NWdmtHRVZBR0lBdk1BVFUwcnUtcnc0U0Y0R0gycVYxZTZRVHQxT095WG0tTGhJQlVRdlBCUkl3azlZRUZZOE52SnZjV0QwS013ZkxmUXh1dlJ2QU9RZlRfWkFxOW4tZlpZb3BncWEybHNrV0JoTGNmNWto?oc=5\" target=\"_blank\" rel=\"nofollow noopener\">\u015awi\u0105tek wszystkich zaskoczy\u0142a tym wyznaniem<\/a>&nbsp;&nbsp;SportoweFakty<\/li>\n<li><a href=\"https:\/\/news.google.com\/rss\/articles\/CBMivAFBVV95cUxQOG05ZkVRUGJxUzRsNFk3M3l6bEhtQWFzQUFWVWtkSW8tOGphZTQ4R3RNTzFVUTNqaFo1ZVc3cU4wR29DZkxoVXVNd250QmNRM09DTkgwaW5qbTFIYjJZTzZYNWJlS1dDbmxBYTJCdTI0eVBwMy05ZTlIZWo1VDFHWXE0LUNDbXBGOTdCXzdkdl9nbzBpdE54SEZqS0lUb3RTU2NabkZnVWVjNFhpdWgwQ0JGU18xcXYzMTBYNA?oc=5\" target=\"_blank\" rel=\"nofollow noopener\">O kt\u00f3rej mecz Alexander Zverev &#8211; Hubert Hurkacz? Gdzie ogl\u0105da\u0107? Transmisja TV<\/a>&nbsp;&nbsp;Przegl\u0105d Sportowy Onet<\/li>\n<\/ol>\n","protected":false},"excerpt":{"rendered":"Gdzie obejrze\u0107 Eva Lys &#8211; Iga \u015awi\u0105tek? O kt\u00f3rej mecz? Transmisja na \u017cywo&nbsp;&nbsp;Przegl\u0105d Sportowy Onet \u015awi\u0105tek czeka\u0142a na&hellip;\n","protected":false},"author":2,"featured_media":186186,"comment_status":"","ping_status":"","sticky":false,"template":"","format":"standard","meta":{"footnotes":"","_share_on_mastodon":"0"},"categories":[24],"tags":[6654,252,42,38,40,39,41,136,128,47,127,135,126,156,13444,130],"class_list":["post-186185","post","type-post","status-publish","format-standard","has-post-thumbnail","category-sport","tag-eva_lys","tag-iga_swiatek","tag-pl","tag-poland","tag-polish","tag-polska","tag-polski","tag-ps_detal_new","tag-psv2","tag-screening_general","tag-sport","tag-sport_sport","tag-sports","tag-tenis","tag-united_cup","tag-wiadomosci_sportowe"],"share_on_mastodon":{"url":"https:\/\/pubeurope.com\/@pl\/115835323311581961","error":""},"_links":{"self":[{"href":"https:\/\/www.europesays.com\/pl\/wp-json\/wp\/v2\/posts\/186185","targetHints":{"allow":["GET"]}}],"collection":[{"href":"https:\/\/www.europesays.com\/pl\/wp-json\/wp\/v2\/posts"}],"about":[{"href":"https:\/\/www.europesays.com\/pl\/wp-json\/wp\/v2\/types\/post"}],"author":[{"embeddable":true,"href":"https:\/\/www.europesays.com\/pl\/wp-json\/wp\/v2\/users\/2"}],"replies":[{"embeddable":true,"href":"https:\/\/www.europesays.com\/pl\/wp-json\/wp\/v2\/comments?post=186185"}],"version-history":[{"count":0,"href":"https:\/\/www.europesays.com\/pl\/wp-json\/wp\/v2\/posts\/186185\/revisions"}],"wp:featuredmedia":[{"embeddable":true,"href":"https:\/\/www.europesays.com\/pl\/wp-json\/wp\/v2\/media\/186186"}],"wp:attachment":[{"href":"https:\/\/www.europesays.com\/pl\/wp-json\/wp\/v2\/media?parent=186185"}],"wp:term":[{"taxonomy":"category","embeddable":true,"href":"https:\/\/www.europesays.com\/pl\/wp-json\/wp\/v2\/categories?post=186185"},{"taxonomy":"post_tag","embeddable":true,"href":"https:\/\/www.europesays.com\/pl\/wp-json\/wp\/v2\/tags?post=186185"}],"curies":[{"name":"wp","href":"https:\/\/api.w.org\/{rel}","templated":true}]}}