{"id":18621,"date":"2025-09-27T08:53:06","date_gmt":"2025-09-27T08:53:06","guid":{"rendered":"https:\/\/www.europesays.com\/pl\/18621\/"},"modified":"2025-09-27T08:53:06","modified_gmt":"2025-09-27T08:53:06","slug":"fiasko-inicjatywy-rosji-i-chin-w-onz-chodzi-o-iran","status":"publish","type":"post","link":"https:\/\/www.europesays.com\/pl\/18621\/","title":{"rendered":"Fiasko inicjatywy Rosji i Chin w ONZ. Chodzi o Iran"},"content":{"rendered":"<p class=\"ods-c-paragraph\">Jak informuje portal UN News, odrzucona propozycja przewidywa\u0142a przed\u0142u\u017cenie o sze\u015b\u0107 miesi\u0119cy z\u0142agodzenia sankcji w ramach Wsp\u00f3lnego Kompleksowego Planu Dzia\u0142a\u0144 (JCPOA) z 2015 roku. Mia\u0142a ona na celu zach\u0119cenie Iranu do dalszej wsp\u00f3\u0142pracy z Mi\u0119dzynarodow\u0105 Agencj\u0105 Energii Atomowej (MAEA).<\/p>\n<p class=\"ods-c-paragraph\">Niepowodzenie inicjatywy Rosji i Chin otwiera drog\u0119 do pe\u0142nego przywr\u00f3cenia sankcji, obejmuj\u0105cych embargo na bro\u0144, ograniczenia dotycz\u0105ce wzbogacania uranu i dzia\u0142alno\u015bci zwi\u0105zanej z pociskami balistycznymi, a tak\u017ce zakazy podr\u00f3\u017cowania i zamro\u017cenie aktyw\u00f3w os\u00f3b oraz podmiot\u00f3w z Iranu.<\/p>\n<p>Dalszy ci\u0105g artyku\u0142u pod materia\u0142em wideo<br \/>\nPrzyw\u00f3dca Iranu: nie ulegniemy presji<\/p>\n<p class=\"ods-c-paragraph\">Francja, Niemcy i Wielka Brytania (E3) poinformowa\u0142y Rad\u0119 Bezpiecze\u0144stwa, \u017ce <a href=\"https:\/\/wiadomosci.onet.pl\/swiat\/rosna-napiecia-miedzy-zachodem-a-iranem-trzy-kraje-sa-przywrocenia-sankcji\/pg9z80b\" id=\"1fc45124-14c8-41fb-9fa2-fbca79263e11\" rel=\"nofollow noopener\" target=\"_blank\">Iran w znacznym stopniu nie wywi\u0105za\u0142 si\u0119 ze zobowi\u0105za\u0144 wynikaj\u0105cych z JCPOA.<\/a><\/p>\n<p class=\"ods-c-paragraph\">Brytyjska ambasador przy ONZ Barbara Woodward stwierdzi\u0142a: \u2014 Iran \u0142amie globalny re\u017cim nierozprzestrzeniania broni j\u0105drowej. Wskaza\u0142a na ustalenia MAEA, wed\u0142ug kt\u00f3rych ira\u0144skie zapasy wysoko wzbogaconego uranu s\u0105 &#8222;bezprecedensowe dla pa\u0144stwa nieposiadaj\u0105cego programu zbroje\u0144 j\u0105drowych&#8221;.<\/p>\n<p class=\"ods-c-paragraph\">Prezydent Iranu Masud Pezeszkian <a href=\"https:\/\/wiadomosci.onet.pl\/swiat\/jasna-deklaracja-prezydenta-iranu-w-sprawie-broni-nuklearnej\/pqd61hq\" id=\"a3c4f174-95d2-4017-be9b-d2187ef51fc8\" rel=\"nofollow noopener\" target=\"_blank\">zapewnia\u0142 wcze\u015bniej, \u017ce jego kraj &#8222;nigdy nie b\u0119dzie d\u0105\u017cy\u0142 do uzyskania broni j\u0105drowej&#8221;<\/a> i pozostaje wierny Traktatowi o Nierozprzestrzenianiu Broni J\u0105drowej. Deklarowa\u0142 r\u00f3wnie\u017c gotowo\u015b\u0107 do pe\u0142nej transparentno\u015bci w kwestii wysoko wzbogaconego uranu. Najwy\u017cszy Przyw\u00f3dca Iranu, ajatollah Ali Chamenei, podkre\u015bli\u0142 jednak, \u017ce negocjacje z Ameryk\u0105 utkn\u0119\u0142y w martwym punkcie. Jak deklarowa\u0142, Iran &#8222;nie ulegnie presji&#8221;.<\/p>\n","protected":false},"excerpt":{"rendered":"Jak informuje portal UN News, odrzucona propozycja przewidywa\u0142a przed\u0142u\u017cenie o sze\u015b\u0107 miesi\u0119cy z\u0142agodzenia sankcji w ramach Wsp\u00f3lnego Kompleksowego&hellip;\n","protected":false},"author":2,"featured_media":18622,"comment_status":"","ping_status":"","sticky":false,"template":"","format":"standard","meta":{"footnotes":""},"categories":[14],"tags":[32,33,6314,85,27,663,34,35,28,31,48,25,46,1191,4897,40,41,47,80,29,30,26,82,83,84],"class_list":{"0":"post-18621","1":"post","2":"type-post","3":"status-publish","4":"format-standard","5":"has-post-thumbnail","7":"category-swiat","8":"tag-breaking-news","9":"tag-breakingnews","10":"tag-bron_atomowa","11":"tag-chiny","12":"tag-headlines","13":"tag-iran","14":"tag-latest-news","15":"tag-latestnews","16":"tag-naglowki","17":"tag-najwazniejsze-artykuly","18":"tag-nat_styl","19":"tag-news","20":"tag-omp","21":"tag-onz","22":"tag-perso_tst0","23":"tag-polish","24":"tag-polski","25":"tag-screening_general","26":"tag-swiat","27":"tag-top-stories","28":"tag-topstories","29":"tag-wiadomosci","30":"tag-world","31":"tag-world-news","32":"tag-worldnews"},"share_on_mastodon":{"url":"","error":""},"_links":{"self":[{"href":"https:\/\/www.europesays.com\/pl\/wp-json\/wp\/v2\/posts\/18621","targetHints":{"allow":["GET"]}}],"collection":[{"href":"https:\/\/www.europesays.com\/pl\/wp-json\/wp\/v2\/posts"}],"about":[{"href":"https:\/\/www.europesays.com\/pl\/wp-json\/wp\/v2\/types\/post"}],"author":[{"embeddable":true,"href":"https:\/\/www.europesays.com\/pl\/wp-json\/wp\/v2\/users\/2"}],"replies":[{"embeddable":true,"href":"https:\/\/www.europesays.com\/pl\/wp-json\/wp\/v2\/comments?post=18621"}],"version-history":[{"count":0,"href":"https:\/\/www.europesays.com\/pl\/wp-json\/wp\/v2\/posts\/18621\/revisions"}],"wp:featuredmedia":[{"embeddable":true,"href":"https:\/\/www.europesays.com\/pl\/wp-json\/wp\/v2\/media\/18622"}],"wp:attachment":[{"href":"https:\/\/www.europesays.com\/pl\/wp-json\/wp\/v2\/media?parent=18621"}],"wp:term":[{"taxonomy":"category","embeddable":true,"href":"https:\/\/www.europesays.com\/pl\/wp-json\/wp\/v2\/categories?post=18621"},{"taxonomy":"post_tag","embeddable":true,"href":"https:\/\/www.europesays.com\/pl\/wp-json\/wp\/v2\/tags?post=18621"}],"curies":[{"name":"wp","href":"https:\/\/api.w.org\/{rel}","templated":true}]}}