{"id":186211,"date":"2026-01-04T06:36:07","date_gmt":"2026-01-04T06:36:07","guid":{"rendered":"https:\/\/www.europesays.com\/pl\/186211\/"},"modified":"2026-01-04T06:36:07","modified_gmt":"2026-01-04T06:36:07","slug":"korea-polnocna-wystrzelila-pociski-reakcja-na-zatrzymanie-nicolasa-maduro","status":"publish","type":"post","link":"https:\/\/www.europesays.com\/pl\/186211\/","title":{"rendered":"Korea P\u00f3\u0142nocna wystrzeli\u0142a pociski. &#8222;Reakcja na zatrzymanie Nicolasa Maduro&#8221;"},"content":{"rendered":"<p class=\"ods-c-paragraph \">Po\u0142udniowokorea\u0144skie Kolegium Po\u0142\u0105czonych Szef\u00f3w Sztab\u00f3w (JCS) poinformowa\u0142o, \u017ce start nast\u0105pi\u0142 z okolic Pjongjangu oko\u0142o godz. 7.50 czasu lokalnego (godz. 23.50 w sobot\u0119 w Polsce). Pociski pokona\u0142y dystans blisko 900 km, l\u0105duj\u0105c ostatecznie w morzu.<\/p>\n<p class=\"ods-c-paragraph \">&#8222;Nasze wojsko utrzymuje postaw\u0119 pe\u0142nej gotowo\u015bci, \u015bci\u015ble dziel\u0105c si\u0119 informacjami na temat pocisk\u00f3w balistycznych Korei P\u00f3\u0142nocnej ze stron\u0105 ameryka\u0144sk\u0105 i japo\u0144sk\u0105 w warunkach wzmo\u017conego nadzoru&#8221; \u2014 przekaza\u0142o w komunikacie JCS.<\/p>\n<p>Dalszy ci\u0105g artyku\u0142u pod materia\u0142em wideo<\/p>\n<p> Dlaczego Korea P\u00f3\u0142nocna wystrzeli\u0142a pociski? <\/p>\n<p> Kiedy mia\u0142a miejsce pr\u00f3ba pocisk\u00f3w balistycznych? <\/p>\n<p> Jakie by\u0142y informacje o trajektorii pocisk\u00f3w? <\/p>\n<p> Kto jest przyw\u00f3dc\u0105 Wenezueli, kt\u00f3rego zatrzymano? <\/p>\n<p class=\"ods-c-paragraph \">Japo\u0144skie ministerstwo obrony poda\u0142o, \u017ce pociski najpewniej spad\u0142y poza wy\u0142\u0105czn\u0105 stref\u0105 ekonomiczn\u0105 Japonii po ok. 18 minutach.<\/p>\n<p>   Korea P\u00f3\u0142nocna a zatrzymanie Nicolasa Maduro<\/p>\n<p class=\"ods-c-paragraph \">Niedzielne testy zbieg\u0142y si\u0119 w czasie z og\u0142oszeniem przez prezydenta USA Donalda Trumpa schwytania przyw\u00f3dcy Wenezueli Nicolasa Maduro w wyniku du\u017cej operacji wojskowej. Zdaniem analityk\u00f3w wydarzenie to mog\u0142o sprowokowa\u0107 reakcj\u0119 Pjongjangu.<\/p>\n<p class=\"ods-c-paragraph \">&#8222;Uderzenie USA w Wenezueli i schwytanie prezydenta Maduro mo\u017ce wys\u0142a\u0107 (przyw\u00f3dcy Korei P\u0142n.) Kim Dzong Unowi silny sygna\u0142, stanowi\u0105cy zagro\u017cenie egzystencjalne i uzasadnienie trwania przy broni j\u0105drowej&#8221; \u2014 oceni\u0142 Lim Eul-chul, profesor Instytutu Studi\u00f3w Dalekowschodnich na Uniwersytecie Kyungnam cytowany przez agencj\u0119 Yonhap.<\/p>\n<p class=\"ods-c-paragraph \">Do testu dosz\u0142o na kilka godzin przed wylotem prezydenta Korei Po\u0142udniowej Li do Chin na spotkanie z Xi.<\/p>\n<p class=\"ods-c-paragraph \">Ostatnie dzia\u0142ania Pjongjangu wpisuj\u0105 si\u0119 we wzmo\u017con\u0105 aktywno\u015b\u0107 militarn\u0105 Kima. W ostatnim czasie wizytowa\u0142 stoczni\u0119 okr\u0119t\u00f3w podwodnych o nap\u0119dzie atomowym, nadzorowa\u0142 testy pocisk\u00f3w manewruj\u0105cych i nakaza\u0142 zwi\u0119kszenie produkcji rakiet i broni taktycznej.<\/p>\n<p class=\"ods-c-paragraph \">Ostatni test rakietowy Pjongjang przeprowadzi\u0142 7 listopada ubieg\u0142ego roku.<\/p>\n","protected":false},"excerpt":{"rendered":"Po\u0142udniowokorea\u0144skie Kolegium Po\u0142\u0105czonych Szef\u00f3w Sztab\u00f3w (JCS) poinformowa\u0142o, \u017ce start nast\u0105pi\u0142 z okolic Pjongjangu oko\u0142o godz. 7.50 czasu lokalnego&hellip;\n","protected":false},"author":2,"featured_media":186212,"comment_status":"","ping_status":"","sticky":false,"template":"","format":"standard","meta":{"footnotes":""},"categories":[14],"tags":[32,33,2281,27,706,2014,5835,34,35,28,31,48,25,46,5225,40,41,47,80,29,30,71,3008,26,161,82,83,84],"class_list":{"0":"post-186211","1":"post","2":"type-post","3":"status-publish","4":"format-standard","5":"has-post-thumbnail","7":"category-swiat","8":"tag-breaking-news","9":"tag-breakingnews","10":"tag-cwiczenia","11":"tag-headlines","12":"tag-japonia","13":"tag-korea_polnocna","14":"tag-korea_poludniowa","15":"tag-latest-news","16":"tag-latestnews","17":"tag-naglowki","18":"tag-najwazniejsze-artykuly","19":"tag-nat_styl","20":"tag-news","21":"tag-omp","22":"tag-pociski","23":"tag-polish","24":"tag-polski","25":"tag-screening_general","26":"tag-swiat","27":"tag-top-stories","28":"tag-topstories","29":"tag-usa","30":"tag-wenezuela","31":"tag-wiadomosci","32":"tag-wojsko","33":"tag-world","34":"tag-world-news","35":"tag-worldnews"},"share_on_mastodon":{"url":"https:\/\/pubeurope.com\/@pl\/115835449030950194","error":""},"_links":{"self":[{"href":"https:\/\/www.europesays.com\/pl\/wp-json\/wp\/v2\/posts\/186211","targetHints":{"allow":["GET"]}}],"collection":[{"href":"https:\/\/www.europesays.com\/pl\/wp-json\/wp\/v2\/posts"}],"about":[{"href":"https:\/\/www.europesays.com\/pl\/wp-json\/wp\/v2\/types\/post"}],"author":[{"embeddable":true,"href":"https:\/\/www.europesays.com\/pl\/wp-json\/wp\/v2\/users\/2"}],"replies":[{"embeddable":true,"href":"https:\/\/www.europesays.com\/pl\/wp-json\/wp\/v2\/comments?post=186211"}],"version-history":[{"count":0,"href":"https:\/\/www.europesays.com\/pl\/wp-json\/wp\/v2\/posts\/186211\/revisions"}],"wp:featuredmedia":[{"embeddable":true,"href":"https:\/\/www.europesays.com\/pl\/wp-json\/wp\/v2\/media\/186212"}],"wp:attachment":[{"href":"https:\/\/www.europesays.com\/pl\/wp-json\/wp\/v2\/media?parent=186211"}],"wp:term":[{"taxonomy":"category","embeddable":true,"href":"https:\/\/www.europesays.com\/pl\/wp-json\/wp\/v2\/categories?post=186211"},{"taxonomy":"post_tag","embeddable":true,"href":"https:\/\/www.europesays.com\/pl\/wp-json\/wp\/v2\/tags?post=186211"}],"curies":[{"name":"wp","href":"https:\/\/api.w.org\/{rel}","templated":true}]}}