{"id":186662,"date":"2026-01-04T12:49:12","date_gmt":"2026-01-04T12:49:12","guid":{"rendered":"https:\/\/www.europesays.com\/pl\/186662\/"},"modified":"2026-01-04T12:49:12","modified_gmt":"2026-01-04T12:49:12","slug":"rece-precz-od-wenezueli-protest-przed-amerykanska-baza-camp-kosciuszko-w-poznaniu-onet","status":"publish","type":"post","link":"https:\/\/www.europesays.com\/pl\/186662\/","title":{"rendered":"&quot;R\u0119ce precz od Wenezueli&quot;. Protest przed ameryka\u0144sk\u0105 baz\u0105 Camp Ko\u015bciuszko w Poznaniu &#8211; Onet"},"content":{"rendered":"<ol>\n<li><a href=\"https:\/\/news.google.com\/rss\/articles\/CBMi4AFBVV95cUxOUUJqYTQ0XzR0bjhkVHQ2OG9WRHpQMDAtSDBoZGdrR3E0MG1fNkRtUFVkSHNXZ2swZW9ySEhHazh6Q0hNU18wZ2dNNEZHZ1ZUdnJpUTBIeW9VWHMwLVI2a3FGTWdZbnBUaDY2VjFHd2RzOUFsMllwNmZkV1F2cndFYTc3eUQ4SDRqYmRJc21JQmJ4a05CQ09HRVBjTjBoNlB2VGo3UGZ5R0Fnb3FqYzNsUWQ5TGd1dENyLVVKNk56cjdLdU8tdzJsRnVzZVZRcXIwZV9TRGo5X2RGRmVqTk9nOA?oc=5\" target=\"_blank\" rel=\"nofollow noopener\">&#8222;R\u0119ce precz od Wenezueli&#8221;. Protest przed ameryka\u0144sk\u0105 baz\u0105 Camp Ko\u015bciuszko w Poznaniu<\/a>&nbsp;&nbsp;Onet<\/li>\n<li><a href=\"https:\/\/news.google.com\/rss\/articles\/CBMiswFBVV95cUxPYy1abGZGLVVuaURDRnpEQm5WWWE4ZTdEb1ZqampDSWtvLVNhV0Q1NWNBNmE2TC01YTU5SFhVS2tFbTNuQ2E0VUE0eXZ1RUtqeEJZZ3YxYTJkWGxZLU1nUHkxRlZPdVBLaGpoUHhTRjlqZU16bHRubEtsTVBmYXVmcmxsVFNuN3NmMGJ1eFloYWowZEMwUFhBQTA3MXlDZVRFYkYzTEo4eVRYZnJ3djhKdnVDMA?oc=5\" target=\"_blank\" rel=\"nofollow noopener\">Kulisy ataku USA na Wenezuel\u0119. &#8222;Dotar\u0142 do drzwi, ale nie zd\u0105\u017cy\u0142 ich zamkn\u0105\u0107&#8221;<\/a>&nbsp;&nbsp;Onet Wiadomo\u015bci<\/li>\n<li><a href=\"https:\/\/news.google.com\/rss\/articles\/CBMi4wFBVV95cUxPZkM1OU9CLXY4eWh6amtBZ1IyRU5KUzY1WlFQeDlhdFdzcmxIanZqMy1MUW1xZTlmWnZzdjJ4QUVYRG14TXloS0oyY2pGS08tNnpoT2cxR1pESERqdVpNOTlrLVFYMWd5alZ1ajN4T0VFa1VXdW1CNGY5RlVGSFFVaElfYmR6d094dXIzQU9hdFhpTzRZQzl5NUlhSTVaWW93OHAtNEpzUkt2NldXVGJJTlR1MW5QcF82Wmo3cGJNeWJ2ekU1VDN6cVBxcU0xOWpyU0NFb0YwZW5yVkNIamdrcWNVQQ?oc=5\" target=\"_blank\" rel=\"nofollow noopener\">\u201eZimny prysznic\u201d i \u201ezdj\u0119cie maski\u201d. Krzysztof Bosak komentuje zatrzymanie Nicol\u00e1sa Maduro<\/a>&nbsp;&nbsp;Rzeczpospolita<\/li>\n<li><a href=\"https:\/\/news.google.com\/rss\/articles\/CBMimgFBVV95cUxQWVpHSnhxVFZSaWstdlNRUXNVRDNZb0k0Q3JSa0lNTjluOThjWVNnU2hmTGF2T29TaUN0NHVtMHhzT1hQZXE0TTZ1R0N0Ni01Z1pVNVRNcW9zekRWQjREQWUyUHV4Si1qR29IdTMyeDNrNzlSOHk4SUwwRVliVlFLTVduaHVVOEpTTV9wS2VMWFdpRlhtdDZUd05n?oc=5\" target=\"_blank\" rel=\"nofollow noopener\">Je\u015bli w Wenezueli zapanuje chaos, Trump tylko straci<\/a>&nbsp;&nbsp;Newsweek<\/li>\n<li><a href=\"https:\/\/news.google.com\/rss\/articles\/CBMiuAFBVV95cUxOZ2MxVWthTGgwWmw1SXlDUTVjQmVaZVpJZ1RrOWRBbVR1YnNmcnJqWVNOY1d1VEJibHlXbGhOZ3NXczdaLVdiQlVmSXRKVFpyMEE1VU5TMWNzQUhsWnJzaHZhb2IwTi1zZzAzTEpubDJZelp5Ulo0eDJtRFF0N18zSGxHMGlCXzV1c2VPX1l5YTZuTTE1WXJzeXFkcDJBVWhxOWlWa1FrM1J5Qkc1ZnNoVVlYZnpwbVBf?oc=5\" target=\"_blank\" rel=\"nofollow noopener\">Maduro w rok 35-krotnie podnosi\u0142 p\u0142ac\u0119 minimaln\u0105. A ile sam zarabia\u0142? Oto oficjalne dane o jego maj\u0105tku<\/a>&nbsp;&nbsp;Fakt<\/li>\n<\/ol>\n","protected":false},"excerpt":{"rendered":"&#8222;R\u0119ce precz od Wenezueli&#8221;. Protest przed ameryka\u0144sk\u0105 baz\u0105 Camp Ko\u015bciuszko w Poznaniu&nbsp;&nbsp;Onet Kulisy ataku USA na Wenezuel\u0119. &#8222;Dotar\u0142&hellip;\n","protected":false},"author":2,"featured_media":186663,"comment_status":"","ping_status":"","sticky":false,"template":"","format":"standard","meta":{"footnotes":""},"categories":[5],"tags":[32,33,1815,36,37,27,369,34,35,28,31,53,25,52,68,51,55,42,38,40,39,41,47,29,30,50,26],"class_list":{"0":"post-186662","1":"post","2":"type-post","3":"status-publish","4":"format-standard","5":"has-post-thumbnail","7":"category-naglowki","8":"tag-breaking-news","9":"tag-breakingnews","10":"tag-codziennypoznanpl","11":"tag-featured-news","12":"tag-featurednews","13":"tag-headlines","14":"tag-kk","15":"tag-latest-news","16":"tag-latestnews","17":"tag-naglowki","18":"tag-najwazniejsze-artykuly","19":"tag-new_header","20":"tag-news","21":"tag-onet3","22":"tag-onet3d","23":"tag-onet3d_2i","24":"tag-phx","25":"tag-pl","26":"tag-poland","27":"tag-polish","28":"tag-polska","29":"tag-polski","30":"tag-screening_general","31":"tag-top-stories","32":"tag-topstories","33":"tag-v2021","34":"tag-wiadomosci"},"share_on_mastodon":{"url":"https:\/\/pubeurope.com\/@pl\/115836915998932442","error":""},"_links":{"self":[{"href":"https:\/\/www.europesays.com\/pl\/wp-json\/wp\/v2\/posts\/186662","targetHints":{"allow":["GET"]}}],"collection":[{"href":"https:\/\/www.europesays.com\/pl\/wp-json\/wp\/v2\/posts"}],"about":[{"href":"https:\/\/www.europesays.com\/pl\/wp-json\/wp\/v2\/types\/post"}],"author":[{"embeddable":true,"href":"https:\/\/www.europesays.com\/pl\/wp-json\/wp\/v2\/users\/2"}],"replies":[{"embeddable":true,"href":"https:\/\/www.europesays.com\/pl\/wp-json\/wp\/v2\/comments?post=186662"}],"version-history":[{"count":0,"href":"https:\/\/www.europesays.com\/pl\/wp-json\/wp\/v2\/posts\/186662\/revisions"}],"wp:featuredmedia":[{"embeddable":true,"href":"https:\/\/www.europesays.com\/pl\/wp-json\/wp\/v2\/media\/186663"}],"wp:attachment":[{"href":"https:\/\/www.europesays.com\/pl\/wp-json\/wp\/v2\/media?parent=186662"}],"wp:term":[{"taxonomy":"category","embeddable":true,"href":"https:\/\/www.europesays.com\/pl\/wp-json\/wp\/v2\/categories?post=186662"},{"taxonomy":"post_tag","embeddable":true,"href":"https:\/\/www.europesays.com\/pl\/wp-json\/wp\/v2\/tags?post=186662"}],"curies":[{"name":"wp","href":"https:\/\/api.w.org\/{rel}","templated":true}]}}