{"id":186692,"date":"2026-01-04T13:07:18","date_gmt":"2026-01-04T13:07:18","guid":{"rendered":"https:\/\/www.europesays.com\/pl\/186692\/"},"modified":"2026-01-04T13:07:18","modified_gmt":"2026-01-04T13:07:18","slug":"lukasz-z-rolnika-komentuje-wpis-romana-czejarka-nie-dajmy-sie-oglupic","status":"publish","type":"post","link":"https:\/\/www.europesays.com\/pl\/186692\/","title":{"rendered":"\u0141ukasz z &#8222;Rolnika&#8221; komentuje wpis Romana Czejarka. &#8222;Nie dajmy si\u0119 og\u0142upi\u0107&#8221;"},"content":{"rendered":"<p class=\"article-p\" data-section=\"detail-body\">Popularny dziennikarz, Roman Czejarek 2 stycznia opublikowa\u0142 na Facebooku wpis, w kt\u00f3rym zwr\u00f3ci\u0142 uwag\u0119 na ceny w jednym z du\u017cych sklep\u00f3w. Ananas z Kostaryki kosztowa\u0142 tam niespe\u0142na 6 z\u0142, podczas gdy polska w\u0142oszczyzna by\u0142a wyceniona na ponad 8 z\u0142.<\/p>\n<p class=\"article-p\" data-section=\"detail-body\">&#8222;Po lewej ananas z Kostaryki. To tak oko\u0142o 10000 km od Polski (w linii prostej). Fakt, \u017ce na promocji. Kto\u015b go wyprodukowa\u0142 (bez dop\u0142at), kto\u015b go przewi\u00f3z\u0142 przez p\u00f3\u0142 \u015bwiata (bez dop\u0142at), kto\u015b go opisa\u0142, zapakowa\u0142, zaksi\u0119gowa\u0142 itd. Cen\u0119 wida\u0107. Obok polska w\u0142oszczyzna, wyhodowana teoretycznie kilka kilometr\u00f3w od tego samego sklepu. Z unijnymi dop\u0142atami do hektara, zwrotem akcyzy za paliwo, dotowan\u0105 cen\u0105 energii itd. Mniej wi\u0119cej dwa razy dro\u017csza. I czego tu nie rozumiesz? Kurtyna&#8221; \u2014 <a href=\"https:\/\/ludzie.fakt.pl\/dziennikarz-nie-mogl-w-to-uwierzyc-takie-ceny-zastal-w-popularnym-sklepie\/l8m1c8w\" id=\"fc5847e2-3126-4561-b721-22dcd26775d3\" rel=\"nofollow noopener\" target=\"_blank\">napisa\u0142 Roman Czejarek<\/a>, wzbudzaj\u0105c tym samym ogromne emocje w\u015br\u00f3d internaut\u00f3w.<\/p>\n<p>        \u0141ukasz z &#8222;Rolnika&#8221; komentuje afer\u0119 wok\u00f3\u0142 cen polskich warzyw<\/p>\n<p class=\"article-p\" data-section=\"detail-body\">Do sprawy odni\u00f3s\u0142 si\u0119 \u0141ukasz S\u0119drowski, kt\u00f3ry w rozmowie z Plotkiem wyrazi\u0142 swoje zdanie na temat r\u00f3\u017cnic w cenach polskich i zagranicznych produkt\u00f3w. By\u0142y uczestnik programu &#8222;Rolnik szuka \u017cony&#8221; zauwa\u017cy\u0142, \u017ce promocje na importowane owoce to przemy\u015blana strategia, kt\u00f3ra mo\u017ce negatywnie wp\u0142yn\u0105\u0107 na rodzim\u0105 produkcj\u0119.<\/p>\n<p class=\"article-p\" data-section=\"detail-body\">No c\u00f3\u017c&#8230; Idealny przyk\u0142ad na to, \u017ce cudze chwalicie, a swego nie znacie. Polsk\u0105 w\u0142oszczyzn\u0119 kto\u015b musia\u0142 dostarczy\u0107 do sklepu, obra\u0107, pokroi\u0107, zapakowa\u0107. My\u015bl\u0119, \u017ce z tego p\u0119czka rolnik dostanie maksymalnie z\u0142ot\u00f3wk\u0119, mo\u017ce nawet 50 gr<\/p>\n<p class=\"article-p\" data-section=\"detail-body\">\u2014 powiedzia\u0142 S\u0119drowski.<\/p>\n<p class=\"article-p\" data-section=\"detail-body\">Rolnik zwr\u00f3ci\u0142 uwag\u0119 na ekologiczne i ekonomiczne aspekty importu owoc\u00f3w z odleg\u0142ych zak\u0105tk\u00f3w \u015bwiata. \u2014 Ananas trafi\u0142 do Polski z bardzo daleka. Zostawi\u0142 przeogromny \u015blad w\u0119glowy, ale to ju\u017c ekologom w Unii Europejskiej nie przeszkadza. W\u0142a\u015bnie po to s\u0105 promocje w ogromnych zagranicznych marketach, \u017ceby wyprze\u0107 na przyk\u0142ad polskie jab\u0142ko. Przecie\u017c ten ananas celowo trafi\u0142 na polski rynek, \u017ceby w\u0142a\u015bnie kupi\u0107 go po ni\u017cszej cenie zamiast np. jogurtu truskawkowego, zamiast zrobi\u0107 sobie szejka z mlekiem, czy polskim nabia\u0142em i polskim owocem \u2014 porzeczk\u0105, czy gruszk\u0105 \u2014 skomentowa\u0142.<\/p>\n<p>        Bohater &#8222;Rolnik szuka \u017cony&#8221; gorzko o przysz\u0142o\u015bci polskiego rolnictwa<\/p>\n<p class=\"article-p\" data-section=\"detail-body\">Rolnik wyrazi\u0142 r\u00f3wnie\u017c swoje obawy dotycz\u0105ce przysz\u0142o\u015bci rodzimej produkcji w kontek\u015bcie <a href=\"https:\/\/www.fakt.pl\/polityka\/co-dalej-z-umowa-handlowej-z-mercosur-sa-nowe-informacje\/glzv3xb\" id=\"99c37f6c-d436-4fc1-95ea-9e13802afce7\" rel=\"nofollow noopener\" target=\"_blank\">umowy handlowej Mercosur<\/a>.<\/p>\n<p class=\"article-p\" data-section=\"detail-body\">Po niskiej, zani\u017conej wr\u0119cz cenie markety i dystrybutorzy b\u0119d\u0105 dok\u0142ada\u0107, \u017ceby polski i europejski klient zrezygnowa\u0142 z rodzimej produkcji i kupowa\u0142 produkty z tak zwanego Mercosur. Za rok, dwa, trzy, kiedy wygasimy ju\u017c rodzim\u0105, europejsk\u0105, polsk\u0105 produkcj\u0119, ceny b\u0119d\u0105 dziesi\u0119ciokrotnie wi\u0119ksze<\/p>\n<p class=\"article-p\" data-section=\"detail-body\">\u2014 ostrzeg\u0142 S\u0119drowski w rozmowie z Plotkiem.<\/p>\n<p class=\"article-p\" data-section=\"detail-body\">Rolnik zaapelowa\u0142 do konsument\u00f3w o wi\u0119ksz\u0105 \u015bwiadomo\u015b\u0107 przy wyborze produkt\u00f3w. \u2014 Szanuj, konsumencie, polskiego rolnika. Kupuj \u015bwiadomie. Zawsze powtarzam: &#8222;od wide\u0142 do widelca, smacznego i na zdrowie&#8221;. Nie dajmy si\u0119 og\u0142upi\u0107 promocjom \u2014 podsumowa\u0142.<\/p>\n<p class=\"article-p\" data-section=\"detail-body\"><a href=\"https:\/\/www.fakt.pl\/pieniadze\/andrzej-z-plutycz-podniosl-plandeke-i-sie-zaczelo-wstyd-pokazac\/99jjjk8\" id=\"0c81650b-e65d-4dac-9e2b-ff19ac9ca909\" rel=\"nofollow noopener\" target=\"_blank\">Andrzej z Plutycz podni\u00f3s\u0142 plandek\u0119 i si\u0119 zacz\u0119\u0142o. &#8222;Wstyd pokaza\u0107&#8221;<\/a><\/p>\n<p class=\"article-p\" data-section=\"detail-body\"><a href=\"https:\/\/www.fakt.pl\/pieniadze\/pan-piotrek-zalamany-wszystko-lezy-na-polu-dynie-za-poldarmo\/jv4czpw\" id=\"328c2514-a792-4ae0-ab27-0f7b711d07bc\" rel=\"nofollow noopener\" target=\"_blank\">Pan Piotrek za\u0142amany. &#8222;Wszystko le\u017cy na polu. Za tydzie\u0144 ju\u017c pozamiatane&#8221;<\/a><\/p>\n","protected":false},"excerpt":{"rendered":"Popularny dziennikarz, Roman Czejarek 2 stycznia opublikowa\u0142 na Facebooku wpis, w kt\u00f3rym zwr\u00f3ci\u0142 uwag\u0119 na ceny w jednym&hellip;\n","protected":false},"author":2,"featured_media":186693,"comment_status":"","ping_status":"","sticky":false,"template":"","format":"standard","meta":{"footnotes":""},"categories":[16],"tags":[113,112,42,38,40,39,41],"class_list":{"0":"post-186692","1":"post","2":"type-post","3":"status-publish","4":"format-standard","5":"has-post-thumbnail","7":"category-biznes","8":"tag-biznes","9":"tag-business","10":"tag-pl","11":"tag-poland","12":"tag-polish","13":"tag-polska","14":"tag-polski"},"share_on_mastodon":{"url":"https:\/\/pubeurope.com\/@pl\/115836986485917059","error":""},"_links":{"self":[{"href":"https:\/\/www.europesays.com\/pl\/wp-json\/wp\/v2\/posts\/186692","targetHints":{"allow":["GET"]}}],"collection":[{"href":"https:\/\/www.europesays.com\/pl\/wp-json\/wp\/v2\/posts"}],"about":[{"href":"https:\/\/www.europesays.com\/pl\/wp-json\/wp\/v2\/types\/post"}],"author":[{"embeddable":true,"href":"https:\/\/www.europesays.com\/pl\/wp-json\/wp\/v2\/users\/2"}],"replies":[{"embeddable":true,"href":"https:\/\/www.europesays.com\/pl\/wp-json\/wp\/v2\/comments?post=186692"}],"version-history":[{"count":0,"href":"https:\/\/www.europesays.com\/pl\/wp-json\/wp\/v2\/posts\/186692\/revisions"}],"wp:featuredmedia":[{"embeddable":true,"href":"https:\/\/www.europesays.com\/pl\/wp-json\/wp\/v2\/media\/186693"}],"wp:attachment":[{"href":"https:\/\/www.europesays.com\/pl\/wp-json\/wp\/v2\/media?parent=186692"}],"wp:term":[{"taxonomy":"category","embeddable":true,"href":"https:\/\/www.europesays.com\/pl\/wp-json\/wp\/v2\/categories?post=186692"},{"taxonomy":"post_tag","embeddable":true,"href":"https:\/\/www.europesays.com\/pl\/wp-json\/wp\/v2\/tags?post=186692"}],"curies":[{"name":"wp","href":"https:\/\/api.w.org\/{rel}","templated":true}]}}