{"id":186710,"date":"2026-01-04T13:18:07","date_gmt":"2026-01-04T13:18:07","guid":{"rendered":"https:\/\/www.europesays.com\/pl\/186710\/"},"modified":"2026-01-04T13:18:07","modified_gmt":"2026-01-04T13:18:07","slug":"wstrzas-u-potencjalnych-rywali-polakow-selekcjoner-wyrzucony-sport-pl","status":"publish","type":"post","link":"https:\/\/www.europesays.com\/pl\/186710\/","title":{"rendered":"Wstrz\u0105s u potencjalnych rywali Polak\u00f3w! Selekcjoner wyrzucony &#8211; Sport.pl"},"content":{"rendered":"<ol>\n<li><a href=\"https:\/\/news.google.com\/rss\/articles\/CBMirgFBVV95cUxQQXVKTjA0Z1ZUbnJMb3RUTjdZRUJtUXNlcHdqMWdkX1NkUG1fT2Nfd3FaUlZ4Z0h2b2xLVnE3YWNUcmNVM3IyMUp5MHhhTDlOWi0zM2VDbW93Nl9RYWZxY0hCaUtPc3lhbm83RUgwNnc1SkFwU0tVS1VIZEVsbXRuWHAySi14aW92X2Q5UDlqODZCTmJjRTNPSWs3VExUYzU0YmFrVDRCa29ZdU15Wmc?oc=5\" target=\"_blank\" rel=\"nofollow noopener\">Wstrz\u0105s u potencjalnych rywali Polak\u00f3w! Selekcjoner wyrzucony<\/a>&nbsp;&nbsp;Sport.pl<\/li>\n<li><a href=\"https:\/\/news.google.com\/rss\/articles\/CBMi0wFBVV95cUxOb1ZXcUtmN19ObVpIZFZxZmJOeUI3T0lUX2xmZDlXNy1TTDhwejhLMUNpRWo0aGRTUEVIV2lEREpUTXlQZTVIYThrTVZTNDZNMG1PcEFkWUd1V1VYT0gzYXNoSXUwaXFRaDFjNVFYSUNnclZOTFViMGpuS0tGRmVtUHVBdW0wbExvMUczUjJwS1VJbzJ3M3BMNkZKN1FDcE8yTElnb0ExSktneVJ3d05BbHNCd3NmeUd5aktHSndtNDQ4MXRDVkVNMEV1N3JJTzRyZVZJ?oc=5\" target=\"_blank\" rel=\"nofollow noopener\">Wstrz\u0105s u uczestnika M\u015a 2026! Media: trener wyrzucony po blama\u017cu<\/a>&nbsp;&nbsp;Przegl\u0105d Sportowy Onet<\/li>\n<li><a href=\"https:\/\/news.google.com\/rss\/articles\/CBMi0gFBVV95cUxPYTltUVdvSUFONHNtY3BOeTczR09yN1ctMXVDQ0ctajRqd0FGX1N2NFZKQ1lRSU41akMtR1VZdEFuRm5XanVrTTRWdUc1MjdPTE9TMDFNbzBaTHRVa2pKTzB5RVNLWU1aYTM5UzQwc1RNd0ZVd3YzN014RFVYY01xbjBaUy1zUC1oVG9hZkRFZ1BISlJSX2duX0lIVllnWDVKX3BndW04UVFBbWhjNjdpaDdpdTdXTU9aQ0s4NTk3MjhIUkdnRzUwWGV6bXJiVGo5dEE?oc=5\" target=\"_blank\" rel=\"nofollow noopener\">P\u00f3\u0142 roku do M\u015a, nagle taki wstrz\u0105s. Zaskakuj\u0105ce zwolnienie, Urban nie m\u00f3g\u0142 si\u0119 tego spodziewa\u0107<\/a>&nbsp;&nbsp;Sport w INTERIA.PL<\/li>\n<li><a href=\"https:\/\/news.google.com\/rss\/articles\/CBMivgFBVV95cUxORWxUZ3Jmdm15NWtkOW83VE9mT0h6Umk5NDlyb3NrNmx5LWRfcnMtWE9ZRXRmdlhoa3o2SGVpMXo5aUpVeFdPM1NRR2JFSlF0TXhXZ0dtbWt1SW9yVWhKejBPN3RkSW5SYkE1cHBCVW1tUG04Nm8taklpQnA2dHZHeGhhc0NsSkRGaDZUanAyMlkyUU9SRmJKNGNtMm16TzN2RzRyN1BJZm01UVM1a0VDRXNWWHJPeUpoX2VjZ3ZR?oc=5\" target=\"_blank\" rel=\"nofollow noopener\">Trz\u0119sienie ziemi u potencjalnych rywali Polak\u00f3w. Selekcjoner straci\u0142 prac\u0119<\/a>&nbsp;&nbsp;Meczyki.pl<\/li>\n<li><a href=\"https:\/\/news.google.com\/rss\/articles\/CBMipwFBVV95cUxPTU4xUXNFdXFKcl9QNm54QkhodFhQMVlQbXgyMHZkRVZORURqQ0F0Y1Z4NlBuaG1vVE94b1BpeXd6NENsR0V5QlhNUE9kWDdZd3NBeGJTNGJBLVZzdk1vWXZHTUk0YkJYbDdEcTJtWnZTNTRYZldXSWxEOHU4X2w1X0ZSN1YwRC1nWGZFZGJFX3U3cm1Zc2FSWk1iQW0tUGpiTDY1MHYyUQ?oc=5\" target=\"_blank\" rel=\"nofollow noopener\">Potencjalny rywal Polak\u00f3w zmienia selekcjonera. To efekt rozczarowuj\u0105cego turnieju<\/a>&nbsp;&nbsp;Pi\u0142kaNo\u017cna.pl<\/li>\n<\/ol>\n","protected":false},"excerpt":{"rendered":"Wstrz\u0105s u potencjalnych rywali Polak\u00f3w! Selekcjoner wyrzucony&nbsp;&nbsp;Sport.pl Wstrz\u0105s u uczestnika M\u015a 2026! Media: trener wyrzucony po blama\u017cu&nbsp;&nbsp;Przegl\u0105d Sportowy&hellip;\n","protected":false},"author":2,"featured_media":186711,"comment_status":"","ping_status":"","sticky":false,"template":"","format":"standard","meta":{"footnotes":""},"categories":[24],"tags":[42,38,40,39,41,127,126],"class_list":{"0":"post-186710","1":"post","2":"type-post","3":"status-publish","4":"format-standard","5":"has-post-thumbnail","7":"category-sport","8":"tag-pl","9":"tag-poland","10":"tag-polish","11":"tag-polska","12":"tag-polski","13":"tag-sport","14":"tag-sports"},"share_on_mastodon":{"url":"https:\/\/pubeurope.com\/@pl\/115837029764074347","error":""},"_links":{"self":[{"href":"https:\/\/www.europesays.com\/pl\/wp-json\/wp\/v2\/posts\/186710","targetHints":{"allow":["GET"]}}],"collection":[{"href":"https:\/\/www.europesays.com\/pl\/wp-json\/wp\/v2\/posts"}],"about":[{"href":"https:\/\/www.europesays.com\/pl\/wp-json\/wp\/v2\/types\/post"}],"author":[{"embeddable":true,"href":"https:\/\/www.europesays.com\/pl\/wp-json\/wp\/v2\/users\/2"}],"replies":[{"embeddable":true,"href":"https:\/\/www.europesays.com\/pl\/wp-json\/wp\/v2\/comments?post=186710"}],"version-history":[{"count":0,"href":"https:\/\/www.europesays.com\/pl\/wp-json\/wp\/v2\/posts\/186710\/revisions"}],"wp:featuredmedia":[{"embeddable":true,"href":"https:\/\/www.europesays.com\/pl\/wp-json\/wp\/v2\/media\/186711"}],"wp:attachment":[{"href":"https:\/\/www.europesays.com\/pl\/wp-json\/wp\/v2\/media?parent=186710"}],"wp:term":[{"taxonomy":"category","embeddable":true,"href":"https:\/\/www.europesays.com\/pl\/wp-json\/wp\/v2\/categories?post=186710"},{"taxonomy":"post_tag","embeddable":true,"href":"https:\/\/www.europesays.com\/pl\/wp-json\/wp\/v2\/tags?post=186710"}],"curies":[{"name":"wp","href":"https:\/\/api.w.org\/{rel}","templated":true}]}}