{"id":186721,"date":"2026-01-04T13:25:12","date_gmt":"2026-01-04T13:25:12","guid":{"rendered":"https:\/\/www.europesays.com\/pl\/186721\/"},"modified":"2026-01-04T13:25:12","modified_gmt":"2026-01-04T13:25:12","slug":"wlosi-juz-wiedza-oto-nastepca-lewandowskiego","status":"publish","type":"post","link":"https:\/\/www.europesays.com\/pl\/186721\/","title":{"rendered":"W\u0142osi ju\u017c wiedz\u0105. Oto nast\u0119pca Lewandowskiego"},"content":{"rendered":"<p class=\"art_paragraph\"><a href=\"https:\/\/www.sport.pl\/robert-lewandowski#anchorLink\" rel=\"nofollow noopener\" target=\"_blank\">Lewandowski<\/a> jeszcze rok <a href=\"https:\/\/www.sport.pl\/pilka\/7,65037,32443635,ostatni-raz-w-kadrze-gral-1052-dni-temu-nagle-glos-z-anglii.html#anchorLink\" rel=\"nofollow noopener\" target=\"_blank\">temu<\/a>\u00a0by\u0142 w Barcelonie postaci\u0105 nie do zast\u0105pienia. Wiele zmieni\u0142y jednak jego problemy zdrowotne, a tak\u017ce wystrza\u0142 formy Ferrana Torresa. W czerwcu kontrakt Polaka z Blaugran\u0105 dobiegnie ko\u0144ca i kibice s\u0105 coraz bardziej gotowi na po\u017cegnanie 37-latka.\u00a0To\u00a0te\u017c nie przypadek, \u017ce w mediach coraz wi\u0119cej m\u00f3wi si\u0119 o jego potencjalnych nast\u0119pcach.<\/p>\n<p>\n    Zobacz wideo Oto ca\u0142a prawda o talencie Lewandowskiego. &#8222;Kto\u015b, kto to m\u00f3wi\u0142, po prostu k\u0142amie&#8221;\n  <\/p>\n<p class=\"art_paragraph\">To on zast\u0105pi Lewego? Vlahovi\u0107 ju\u017c jedn\u0105 nog\u0105 poza Juventusem<\/p>\n<p class=\"art_paragraph\">W\u015br\u00f3d kandydat\u00f3w do zast\u0105pienia Lewandowskiego wymienia\u0142o si\u0119 takich znakomitych <a href=\"https:\/\/www.sport.pl\/pilka\/7,65083,24258381,robert-lewandowski-to-najskuteczniejszy-napastnik-w-tym-sezonie.html#anchorLink\" rel=\"nofollow noopener\" target=\"_blank\">napastnik\u00f3w<\/a> jak Julian Alvarez czy Alexander Isak. Finansowe problemy Barcelony sprawiaj\u0105 jednak, \u017ce Barca nie mo\u017ce sobie za bardzo pozwoli\u0107 na transfer w okolicach 100 mln euro, st\u0105d bardziej realistyczne s\u0105 &#8222;bud\u017cetowe&#8221; opcje. Jedn\u0105 z nich by\u0142oby w\u0142a\u015bnie sprowadzenie Vlahovicia.<\/p>\n<p class=\"art_paragraph\">ZOBACZ TE\u017b: <a href=\"https:\/\/www.sport.pl\/pilka\/7,65082,32504805,alez-popis-lewandowskiego-z-espanyolem-potem-rozpetalo-sie.html\" class=\"art_link\" rel=\"dofollow noopener\" target=\"_blank\">Ale\u017c popis Lewandowskiego z Espanyolem! Potem rozp\u0119ta\u0142o si\u0119 piek\u0142o<\/a><\/p>\n<p class=\"art_paragraph\">Serbski napastnik od dawna nie jest w stanie dogada\u0107 si\u0119 z Juventusem w sprawie przed\u0142u\u017cenia umowy, kt\u00f3ra (tak jak Lewandowskiego) dobiegnie ko\u0144ca w czerwcu 2026 roku. Wed\u0142ug &#8222;Gazzetta dello Sport&#8221; &#8211; jego odej\u015bcie jest ju\u017c praktycznie przes\u0105dzone. Ob\u00f3z Serba mia\u0142 te\u017c rozpocz\u0105\u0107 rozmowy z FC Barcelon\u0105 w sprawie ewentualnego do\u0142\u0105czenia 25-latka do klubu. To w\u0142a\u015bnie mistrz Hiszpanii jest obecnie na &#8222;pole postion&#8221; w wy\u015bcigu po Vlahovicia, cho\u0107 zainteresowani s\u0105 nim te\u017c <a href=\"https:\/\/www.sport.pl\/bayern-monachium#anchorLink\" rel=\"nofollow noopener\" target=\"_blank\">Bayern Monachium<\/a> oraz AC Milan.<\/p>\n<p class=\"art_paragraph\">Vlahovi\u0107 w Juventusie gra od 2022 roku. Obecnie jest w trakcie leczenia kontuzji pachwiny, st\u0105d nie by\u0142 widziany na boisku od ko\u0144c\u00f3wki listopada.<\/p>\n","protected":false},"excerpt":{"rendered":"Lewandowski jeszcze rok temu\u00a0by\u0142 w Barcelonie postaci\u0105 nie do zast\u0105pienia. Wiele zmieni\u0142y jednak jego problemy zdrowotne, a tak\u017ce&hellip;\n","protected":false},"author":2,"featured_media":186722,"comment_status":"","ping_status":"","sticky":false,"template":"","format":"standard","meta":{"footnotes":""},"categories":[24],"tags":[42,38,40,39,41,127,126],"class_list":{"0":"post-186721","1":"post","2":"type-post","3":"status-publish","4":"format-standard","5":"has-post-thumbnail","7":"category-sport","8":"tag-pl","9":"tag-poland","10":"tag-polish","11":"tag-polska","12":"tag-polski","13":"tag-sport","14":"tag-sports"},"share_on_mastodon":{"url":"https:\/\/pubeurope.com\/@pl\/115837057275039996","error":""},"_links":{"self":[{"href":"https:\/\/www.europesays.com\/pl\/wp-json\/wp\/v2\/posts\/186721","targetHints":{"allow":["GET"]}}],"collection":[{"href":"https:\/\/www.europesays.com\/pl\/wp-json\/wp\/v2\/posts"}],"about":[{"href":"https:\/\/www.europesays.com\/pl\/wp-json\/wp\/v2\/types\/post"}],"author":[{"embeddable":true,"href":"https:\/\/www.europesays.com\/pl\/wp-json\/wp\/v2\/users\/2"}],"replies":[{"embeddable":true,"href":"https:\/\/www.europesays.com\/pl\/wp-json\/wp\/v2\/comments?post=186721"}],"version-history":[{"count":0,"href":"https:\/\/www.europesays.com\/pl\/wp-json\/wp\/v2\/posts\/186721\/revisions"}],"wp:featuredmedia":[{"embeddable":true,"href":"https:\/\/www.europesays.com\/pl\/wp-json\/wp\/v2\/media\/186722"}],"wp:attachment":[{"href":"https:\/\/www.europesays.com\/pl\/wp-json\/wp\/v2\/media?parent=186721"}],"wp:term":[{"taxonomy":"category","embeddable":true,"href":"https:\/\/www.europesays.com\/pl\/wp-json\/wp\/v2\/categories?post=186721"},{"taxonomy":"post_tag","embeddable":true,"href":"https:\/\/www.europesays.com\/pl\/wp-json\/wp\/v2\/tags?post=186721"}],"curies":[{"name":"wp","href":"https:\/\/api.w.org\/{rel}","templated":true}]}}