{"id":186810,"date":"2026-01-04T14:35:10","date_gmt":"2026-01-04T14:35:10","guid":{"rendered":"https:\/\/www.europesays.com\/pl\/186810\/"},"modified":"2026-01-04T14:35:10","modified_gmt":"2026-01-04T14:35:10","slug":"polacy-ocenieni-po-hicie-serie-a-ziolkowski-krytykowany","status":"publish","type":"post","link":"https:\/\/www.europesays.com\/pl\/186810\/","title":{"rendered":"Polacy ocenieni po hicie Serie A. Zi\u00f3\u0142kowski krytykowany"},"content":{"rendered":"<p>Atalanta pokona\u0142a Rom\u0119 1:0 w\u00a0meczu 18. kolejki Serie A. Od\u00a0pierwszej minuty na\u00a0boisku ogl\u0105dali\u015bmy dw\u00f3ch Polak\u00f3w, natomiast tylko\u00a0jeden z\u00a0nich zebra\u0142 po\u00a0spotkaniu pozytywne recenzje \u2013 Nicola Zalewski mia\u0142 udzia\u0142 przy bramce i\u00a0znakomit\u0105 okazj\u0119, by\u00a0samemu wpisa\u0107 si\u0119 na\u00a0list\u0119 strzelc\u00f3w. Jan Zi\u00f3\u0142kowski z\u00a0kolei zosta\u0142 zdj\u0119ty przez\u00a0trenera ju\u017c w\u00a0przerwie meczu.<\/p>\n<p>Zalewski okaza\u0142 si\u0119 kluczowy w\u00a0zwyci\u0119stwie gospodarzy \u2013 w\u00a0pierwszej po\u0142owie jego do\u015brodkowanie z\u00a0rzutu ro\u017cnego zamieni\u0142 na\u00a0bramk\u0119 Giorgio Scalvini. Znalaz\u0142o to\u00a0odzwierciedlenie w\u00a0ocenach w\u0142oskiej prasy, kt\u00f3ra\u00a0pochwali\u0142a jego aktywno\u015b\u0107 w\u00a0ofensywie, cho\u0107 wypomnia\u0142a mu\u00a0niewykorzystanie sytuacji z\u00a020. minuty, gdy\u00a0w\u00a0polu karnym, maj\u0105c przed\u00a0sob\u0105 tylko\u00a0bramkarza rywali, pos\u0142a\u0142 pi\u0142k\u0119 obok bramki. Na\u00a0drugim biegunie mamy Zi\u00f3\u0142kowskiego, kt\u00f3ry\u00a0sp\u0119dzi\u0142 na\u00a0boisku tylko\u00a045. minut i\u00a0by\u0142 wed\u0142ug ocen jednym z\u00a0najs\u0142abszych zawodnik\u00f3w Romy.<\/p>\n<p>Oceny Polak\u00f3w po\u00a0meczu Atalanta \u2013 Roma. Zalewski chwalony, Zi\u00f3\u0142kowski krytykowany<\/p>\n<p>\u2013 W\u00a0pierwszej po\u0142owie chybi\u0142 w\u00a0sytuacji bramkowej, ale\u00a0potem gra\u0142 bardzo intensywnie, b\u0119d\u0105c punktem odniesienia dla ofensywy i\u00a0zawsze trzymaj\u0105c nog\u0119 na\u00a0gazie. Do\u00a0tego stopnia, \u017ce\u00a0\u200b\u200bpo godzinie gry z\u0142apa\u0142 go\u00a0skurcz \u2013 podsumowa\u0142 wyst\u0119p Nicoli Zalewskiego w\u0142oski Eurosport, kt\u00f3ry\u00a0przyzna\u0142 mu\u00a0not\u0119 6,5. O\u00a0Janie Zi\u00f3\u0142kowskim, kt\u00f3ry\u00a0otrzyma\u0142 ocen\u0119 5,5, napisa\u0142 z\u00a0kolei:<\/p>\n<p>\u2013 Zdecydowanie mia\u0142 problemy. Pomimo dobrej interwencji w\u00a0ko\u0144c\u00f3wce pierwszej po\u0142owy, pope\u0142ni\u0142 zbyt wiele b\u0142\u0119d\u00f3w.<\/p>\n<p>Co\u00a0do\u00a0Zalewskiego prasa by\u0142a wyj\u0105tkowo zgodna. \u201e6,5\u201d reprezentant Polski dosta\u0142 r\u00f3wnie\u017c od\u00a0portalu Calciomercato, Tuttomercatoweb i\u00a0La\u00a0Gazzetta dello Sport. Ten pierwszy wskaza\u0142, \u017ce\u00a0Zalewski dobrze si\u0119 spisuje pod\u00a0nieobecno\u015b\u0107 Ademoli Lookmana (Nigeryjczyk wyjecha\u0142 na\u00a0Puchar Narod\u00f3w Afryki), drugi podkre\u015bli\u0142, \u017ce\u00a023-latek pokaza\u0142 \u201ezar\u00f3wno jako\u015b\u0107, jak i\u00a0intensywno\u015b\u0107\u201e. La\u00a0Gazzetta okre\u015bli\u0142a go\u00a0z\u00a0kolei \u201emotorem nap\u0119dowym\u201d zespo\u0142u.<\/p>\n<p>Zi\u00f3\u0142kowskiemu wymienione wy\u017cej \u017ar\u00f3d\u0142a wystawi\u0142y \u201epi\u0105tk\u0119\u201d. \u201eNie\u00a0mia\u0142 \u017cadnych pomys\u0142\u00f3w na\u00a0zatrzymanie kontratak\u00f3w\u201d \u2013 wytyka\u0142 by\u0142emu stoperowi Legii Calciomercato. \u201eCz\u0119sto gubi\u0142 pozycj\u0119. Pod\u00a0koniec pierwszej po\u0142owy zaliczy\u0142 udan\u0105 interwencj\u0119, ale\u00a0reszta to\u00a0by\u0142y b\u0142\u0119dy\u201d \u2013 podsumowa\u0142a La\u00a0Gazzetta dello Sport. Tuttomercatoweb wskaza\u0142 natomiast, \u017ce\u00a0Polak w\u00a0swoim trzecim meczu z\u00a0rz\u0119du w\u00a0podstawowym sk\u0142adzie \u201ewykona\u0142 krok w\u00a0ty\u0142, sp\u0119dzaj\u0105c 45 minut na\u00a0\u0142asce ofensywnego trio przeciwnika\u201d.<\/p>\n<p>WI\u0118CEJ O\u00a0W\u0141OSKIEJ PI\u0141CE NA\u00a0WESZ\u0141O:<\/p>\n<p>Fot.\u00a0Newspix<\/p>\n","protected":false},"excerpt":{"rendered":"Atalanta pokona\u0142a Rom\u0119 1:0 w\u00a0meczu 18. kolejki Serie A. Od\u00a0pierwszej minuty na\u00a0boisku ogl\u0105dali\u015bmy dw\u00f3ch Polak\u00f3w, natomiast tylko\u00a0jeden z\u00a0nich&hellip;\n","protected":false},"author":2,"featured_media":186811,"comment_status":"","ping_status":"","sticky":false,"template":"","format":"standard","meta":{"footnotes":""},"categories":[24],"tags":[8540,1931,12778,900,42,38,40,39,41,127,126],"class_list":{"0":"post-186810","1":"post","2":"type-post","3":"status-publish","4":"format-standard","5":"has-post-thumbnail","7":"category-sport","8":"tag-as-roma","9":"tag-atalanta-bergamo","10":"tag-jan-ziolkowski","11":"tag-nicola-zalewski","12":"tag-pl","13":"tag-poland","14":"tag-polish","15":"tag-polska","16":"tag-polski","17":"tag-sport","18":"tag-sports"},"share_on_mastodon":{"url":"https:\/\/pubeurope.com\/@pl\/115837332628393393","error":""},"_links":{"self":[{"href":"https:\/\/www.europesays.com\/pl\/wp-json\/wp\/v2\/posts\/186810","targetHints":{"allow":["GET"]}}],"collection":[{"href":"https:\/\/www.europesays.com\/pl\/wp-json\/wp\/v2\/posts"}],"about":[{"href":"https:\/\/www.europesays.com\/pl\/wp-json\/wp\/v2\/types\/post"}],"author":[{"embeddable":true,"href":"https:\/\/www.europesays.com\/pl\/wp-json\/wp\/v2\/users\/2"}],"replies":[{"embeddable":true,"href":"https:\/\/www.europesays.com\/pl\/wp-json\/wp\/v2\/comments?post=186810"}],"version-history":[{"count":0,"href":"https:\/\/www.europesays.com\/pl\/wp-json\/wp\/v2\/posts\/186810\/revisions"}],"wp:featuredmedia":[{"embeddable":true,"href":"https:\/\/www.europesays.com\/pl\/wp-json\/wp\/v2\/media\/186811"}],"wp:attachment":[{"href":"https:\/\/www.europesays.com\/pl\/wp-json\/wp\/v2\/media?parent=186810"}],"wp:term":[{"taxonomy":"category","embeddable":true,"href":"https:\/\/www.europesays.com\/pl\/wp-json\/wp\/v2\/categories?post=186810"},{"taxonomy":"post_tag","embeddable":true,"href":"https:\/\/www.europesays.com\/pl\/wp-json\/wp\/v2\/tags?post=186810"}],"curies":[{"name":"wp","href":"https:\/\/api.w.org\/{rel}","templated":true}]}}