{"id":186824,"date":"2026-01-04T14:45:07","date_gmt":"2026-01-04T14:45:07","guid":{"rendered":"https:\/\/www.europesays.com\/pl\/186824\/"},"modified":"2026-01-04T14:45:07","modified_gmt":"2026-01-04T14:45:07","slug":"trzynasta-emerytura-nie-dla-wszystkich-ci-seniorzy-beda-wylaczeni-ze-swiadczenia-money-pl","status":"publish","type":"post","link":"https:\/\/www.europesays.com\/pl\/186824\/","title":{"rendered":"Trzynasta emerytura nie dla wszystkich. Ci seniorzy b\u0119d\u0105 wy\u0142\u0105czeni ze \u015bwiadczenia &#8211; Money.pl"},"content":{"rendered":"<ol>\n<li><a href=\"https:\/\/news.google.com\/rss\/articles\/CBMi0AFBVV95cUxQR1ZISWR5R0N3ZV9ObUxqYWloZFJybjIzTEhnNkw1WDlaSGNvZ0d5cTdJY1dKSVhvZVV0c2Q4NDY1cHA1MzI4LUdCLUR0U01tRG5vTkVkT0FzbjAxMEhfb19NUHRXLVRjY0tQdnRTWHE3TnVpRV96N3pESFRWdnpyUW14eE5YMXdTNUI0S2k1Z3YzY1UwNEVhZEtlNGZmeTBmV05KNjJ2Y3RFR082eXF0QkhaU0FtWU9fZzhaY2lsb2pWYmpDTzRfZWVvQUs3d2o2?oc=5\" target=\"_blank\" rel=\"nofollow noopener\">Trzynasta emerytura nie dla wszystkich. Ci seniorzy b\u0119d\u0105 wy\u0142\u0105czeni ze \u015bwiadczenia<\/a>&nbsp;&nbsp;Money.pl<\/li>\n<li><a href=\"https:\/\/news.google.com\/rss\/articles\/CBMipgFBVV95cUxQOWJWMVlwTXpZUnRXRlJGTXFKV21Ca1VjUEJNNGVrRHlSSEZMb3hnQUc2ekVFdkFDWWJ2M09JSGdmTDNnaXluMkxNZ0VBMDhNd0hQYjNBVENHSlRIYUJBTXI2dWhJMTlrUGFKRE9Sa0FrajUwUVpjTVZTNTZ4UUtBSWdJYjNGb21tUW9ZMHJUc0hmVVVaSTdzNVJIeEFjcFdFdm1WWm9R?oc=5\" target=\"_blank\" rel=\"nofollow noopener\">Oni 13. emerytury nie dostan\u0105. ZUS ju\u017c wskaza\u0142 3 grupy<\/a>&nbsp;&nbsp;Biznes Interia<\/li>\n<li><a href=\"https:\/\/news.google.com\/rss\/articles\/CBMixgFBVV95cUxORjVUR1FnMUJFYWVfMUxRUTMxT1Q3R0pHbC1QVGJ6OS0wTHZWUjRVa0ZlaC1oZzdMOUpSemdUNGM2bmp0eEJSZFFtNVp4ei04blJtSnN6Yi1VWThaVHQ1VldGMkJVMlNJc1p4TGNfNHFiWElUSHpncEN3dnd3WFBKZGMwdTVYcHVDdGFzSk8wd3AxUzBqUmFjRUxfeDRrSU04OVREdG9UejlRVlhVUXY2UFZMRklDcEViZGxrd09MdmZMMnlxLXc?oc=5\" target=\"_blank\" rel=\"nofollow noopener\">Te osoby strac\u0105 na Waloryzacji Emerytur w 2026. B\u0119d\u0105 du\u017ce zmiany w Trzynastce i Czternastce<\/a>&nbsp;&nbsp;Gazeta Pomorska<\/li>\n<li><a href=\"https:\/\/news.google.com\/rss\/articles\/CBMi-AFBVV95cUxOZHZnRGNOS1B5TUstU09SWHJyZU0wVkJqbnpLNm5jc0hQZmRDcUFDSkt6d0Z6QWs0WUxKRklJMG1uN2lxaHJDcG1aVlFDbXpEUy1ZU1lnbzFfOXNoSkhZOTdTWG5PR1NhVmlLbjl6czdrOVBNWmFwVGRJblBDTnBYN2xvVV9ZUnNYV21ETm9seWl4QUFBZXhzbkVoeHlUSktNR0dkNzdLczlqMFo2VXRjX1lOVzNkcFVPSWl6QXFNd3Q0X1BJQzZ5R2VsMGdZWUY3WjNvWlh4eGd5amhnblJOam9yUDNkUlQ0SW9YdXRLRHVvdnVuVWZIYw?oc=5\" target=\"_blank\" rel=\"nofollow noopener\">Czternasta emerytura zostanie zmniejszona, nie otrzymaj\u0105 jej osoby z emerytur\u0105 ponad 4820,98 z\u0142 brutto<\/a>&nbsp;&nbsp;Forsal<\/li>\n<li><a href=\"https:\/\/news.google.com\/rss\/articles\/CBMi5gFBVV95cUxPUlZSbEZnTW5WZE8xc1FSN0I0ZjJTdVBBT0dwcV9yOGJCLVBla2tsVlR4Q0Q1WFdHWEFzV1pLMkdWWEJ2UzdDcG81Z2FMX2IwRjBuc0xDaHBWTmNxdFJtT0t6ZlFjMlRQTjdSU0liSzIydDhKazBvQm1hREVSLUJwQmRGYU5ic3RuUGVyLVZ4YS1oMUlqaWJiSkZtaTVrcWhzMmZkMFBCLU13elVyak5TSHFZeGNSbHBmdmVReUZadkZ3NFdNZ2RETnhweEtOelhoa1cyVWhGNzR6MUNkUk8xMkJWS3ZIUQ?oc=5\" target=\"_blank\" rel=\"nofollow noopener\">Oto najnowsza prognoza waloryzacji emerytur w 2026 roku. Zobacz tabele netto z wyliczeniami dla r\u00f3\u017cnych kwot<\/a>&nbsp;&nbsp;Express Bydgoski<\/li>\n<\/ol>\n","protected":false},"excerpt":{"rendered":"Trzynasta emerytura nie dla wszystkich. Ci seniorzy b\u0119d\u0105 wy\u0142\u0105czeni ze \u015bwiadczenia&nbsp;&nbsp;Money.pl Oni 13. emerytury nie dostan\u0105. ZUS ju\u017c&hellip;\n","protected":false},"author":2,"featured_media":186825,"comment_status":"","ping_status":"","sticky":false,"template":"","format":"standard","meta":{"footnotes":""},"categories":[16],"tags":[113,112,42,38,40,39,41],"class_list":{"0":"post-186824","1":"post","2":"type-post","3":"status-publish","4":"format-standard","5":"has-post-thumbnail","7":"category-biznes","8":"tag-biznes","9":"tag-business","10":"tag-pl","11":"tag-poland","12":"tag-polish","13":"tag-polska","14":"tag-polski"},"share_on_mastodon":{"url":"https:\/\/pubeurope.com\/@pl\/115837371855017029","error":""},"_links":{"self":[{"href":"https:\/\/www.europesays.com\/pl\/wp-json\/wp\/v2\/posts\/186824","targetHints":{"allow":["GET"]}}],"collection":[{"href":"https:\/\/www.europesays.com\/pl\/wp-json\/wp\/v2\/posts"}],"about":[{"href":"https:\/\/www.europesays.com\/pl\/wp-json\/wp\/v2\/types\/post"}],"author":[{"embeddable":true,"href":"https:\/\/www.europesays.com\/pl\/wp-json\/wp\/v2\/users\/2"}],"replies":[{"embeddable":true,"href":"https:\/\/www.europesays.com\/pl\/wp-json\/wp\/v2\/comments?post=186824"}],"version-history":[{"count":0,"href":"https:\/\/www.europesays.com\/pl\/wp-json\/wp\/v2\/posts\/186824\/revisions"}],"wp:featuredmedia":[{"embeddable":true,"href":"https:\/\/www.europesays.com\/pl\/wp-json\/wp\/v2\/media\/186825"}],"wp:attachment":[{"href":"https:\/\/www.europesays.com\/pl\/wp-json\/wp\/v2\/media?parent=186824"}],"wp:term":[{"taxonomy":"category","embeddable":true,"href":"https:\/\/www.europesays.com\/pl\/wp-json\/wp\/v2\/categories?post=186824"},{"taxonomy":"post_tag","embeddable":true,"href":"https:\/\/www.europesays.com\/pl\/wp-json\/wp\/v2\/tags?post=186824"}],"curies":[{"name":"wp","href":"https:\/\/api.w.org\/{rel}","templated":true}]}}