{"id":186874,"date":"2026-01-04T15:15:07","date_gmt":"2026-01-04T15:15:07","guid":{"rendered":"https:\/\/www.europesays.com\/pl\/186874\/"},"modified":"2026-01-04T15:15:07","modified_gmt":"2026-01-04T15:15:07","slug":"tragiczne-zdarzenie-na-slasku-kobieta-lezala-nieprzytomna-w-wannie","status":"publish","type":"post","link":"https:\/\/www.europesays.com\/pl\/186874\/","title":{"rendered":"Tragiczne zdarzenie na \u015al\u0105sku. Kobieta le\u017ca\u0142a nieprzytomna w wannie"},"content":{"rendered":"<p class=\"ods-c-paragraph \">To sz\u00f3sta \u015bmiertelna ofiara czadu w woj. \u015bl\u0105skim od pocz\u0105tku sezonu grzewczego.<\/p>\n<p> Ile os\u00f3b zmar\u0142o na skutek zatrucia czadem w woj. \u015bl\u0105skim w tym sezonie? <\/p>\n<p> Gdzie znaleziono nieprzytomn\u0105 kobiet\u0119? <\/p>\n<p> Co mog\u0142o by\u0107 przyczyn\u0105 zatrucia tlenkiem w\u0119gla? <\/p>\n<p> Jakie s\u0105 objawy l\u017cejszego zatrucia czadem? <\/p>\n<p class=\"ods-c-paragraph \">Rzeczniczka prasowa komendy wojew\u00f3dzkiej PSP w Katowicach bryg. Aneta Go\u0142\u0119biowska poinformowa\u0142a, \u017ce kobieta zosta\u0142a znaleziona nieprzytomna w wannie, a stra\u017cacy prowadzili resuscytacj\u0119 do czasu przyjazdu karetki pogotowia, jednak nie uda\u0142o si\u0119 przywr\u00f3ci\u0107 funkcji \u017cyciowych.<\/p>\n<p class=\"ods-c-paragraph \">Wykonane przez stra\u017cak\u00f3w pomiary wykaza\u0142y wysokie st\u0119\u017cenie tlenku w\u0119gla w \u0142azience. Prawdopodobnie przyczyn\u0105 emisji czadu by\u0142 niesprawny piecyk gazowy \u2014 doda\u0142a Go\u0142\u0119biowska.<\/p>\n<p>Cichy zab\u00f3jca   <\/p>\n<p class=\"ods-c-paragraph \">Tlenek w\u0119gla jest gazem bezwonnym, bezbarwnym i pozbawionym smaku. W uk\u0142adzie oddechowym cz\u0142owieka wi\u0105\u017ce si\u0119 z hemoglobin\u0105 ponad 200 razy szybciej ni\u017c tlen, blokuj\u0105c dop\u0142yw tlenu do organizmu. Objawami l\u017cejszego zatrucia czadem s\u0105 b\u00f3l i zawroty g\u0142owy, os\u0142abienie i nudno\u015bci. Nast\u0119pstwem ostrego zatrucia \u2014 przy du\u017cych st\u0119\u017ceniach tego gazu \u2014 mo\u017ce by\u0107 nieodwracalne uszkodzenie o\u015brodkowego uk\u0142adu nerwowego, niewydolno\u015b\u0107 wie\u0144cowa i zawa\u0142 lub nawet \u015bmier\u0107.<\/p>\n<p class=\"ods-c-paragraph \">Czad powstaje podczas procesu niepe\u0142nego spalania, kt\u00f3re wyst\u0119puje przy niedostatku tlenu w otaczaj\u0105cej atmosferze. G\u0142\u00f3wnym powodem zatru\u0107 w budynkach mieszkalnych jest niesprawno\u015b\u0107 przewod\u00f3w kominowych. Ich wadliwe dzia\u0142anie mo\u017ce wynika\u0107 z ich nieszczelno\u015bci, braku konserwacji i czyszczenia, wad konstrukcyjnych oraz niedostosowania systemu wentylacji do szczelno\u015bci nowych okien i drzwi.<\/p>\n<p class=\"ods-c-paragraph \">Aby unikn\u0105\u0107 zaczadzenia, nale\u017cy przeprowadza\u0107 kontrole, sprawdza\u0107 szczelno\u015b\u0107 przewod\u00f3w kominowych i systematycznie je czy\u015bci\u0107. Trzeba te\u017c u\u017cytkowa\u0107 sprawne urz\u0105dzenia, w kt\u00f3rych spalanie odbywa si\u0119 zgodnie z instrukcj\u0105 producenta. Nie nale\u017cy zas\u0142ania\u0107 i przykrywa\u0107 urz\u0105dze\u0144 grzewczych oraz zakleja\u0107 kratek wentylacyjnych. Stra\u017cacy nieustanie apeluj\u0105 o montowanie w budynkach czujnik\u00f3w czadu. Jak podkre\u015blaj\u0105 nieraz ratuj\u0105 one \u017cycie lub zdrowie.<\/p>\n","protected":false},"excerpt":{"rendered":"To sz\u00f3sta \u015bmiertelna ofiara czadu w woj. \u015bl\u0105skim od pocz\u0105tku sezonu grzewczego. Ile os\u00f3b zmar\u0142o na skutek zatrucia&hellip;\n","protected":false},"author":2,"featured_media":186875,"comment_status":"","ping_status":"","sticky":false,"template":"","format":"standard","meta":{"footnotes":"","_share_on_mastodon":"0"},"categories":[12],"tags":[32,33,19480,36,37,4779,27,34,35,28,31,48,25,46,42,38,40,39,41,47,1887,29,30,26],"class_list":["post-186874","post","type-post","status-publish","format-standard","has-post-thumbnail","category-polska","tag-breaking-news","tag-breakingnews","tag-czad","tag-featured-news","tag-featurednews","tag-gaz","tag-headlines","tag-latest-news","tag-latestnews","tag-naglowki","tag-najwazniejsze-artykuly","tag-nat_styl","tag-news","tag-omp","tag-pl","tag-poland","tag-polish","tag-polska","tag-polski","tag-screening_general","tag-slask","tag-top-stories","tag-topstories","tag-wiadomosci"],"share_on_mastodon":{"url":"https:\/\/pubeurope.com\/@pl\/115837489880186130","error":""},"_links":{"self":[{"href":"https:\/\/www.europesays.com\/pl\/wp-json\/wp\/v2\/posts\/186874","targetHints":{"allow":["GET"]}}],"collection":[{"href":"https:\/\/www.europesays.com\/pl\/wp-json\/wp\/v2\/posts"}],"about":[{"href":"https:\/\/www.europesays.com\/pl\/wp-json\/wp\/v2\/types\/post"}],"author":[{"embeddable":true,"href":"https:\/\/www.europesays.com\/pl\/wp-json\/wp\/v2\/users\/2"}],"replies":[{"embeddable":true,"href":"https:\/\/www.europesays.com\/pl\/wp-json\/wp\/v2\/comments?post=186874"}],"version-history":[{"count":0,"href":"https:\/\/www.europesays.com\/pl\/wp-json\/wp\/v2\/posts\/186874\/revisions"}],"wp:featuredmedia":[{"embeddable":true,"href":"https:\/\/www.europesays.com\/pl\/wp-json\/wp\/v2\/media\/186875"}],"wp:attachment":[{"href":"https:\/\/www.europesays.com\/pl\/wp-json\/wp\/v2\/media?parent=186874"}],"wp:term":[{"taxonomy":"category","embeddable":true,"href":"https:\/\/www.europesays.com\/pl\/wp-json\/wp\/v2\/categories?post=186874"},{"taxonomy":"post_tag","embeddable":true,"href":"https:\/\/www.europesays.com\/pl\/wp-json\/wp\/v2\/tags?post=186874"}],"curies":[{"name":"wp","href":"https:\/\/api.w.org\/{rel}","templated":true}]}}