{"id":187139,"date":"2026-01-04T18:09:08","date_gmt":"2026-01-04T18:09:08","guid":{"rendered":"https:\/\/www.europesays.com\/pl\/187139\/"},"modified":"2026-01-04T18:09:08","modified_gmt":"2026-01-04T18:09:08","slug":"donald-trump-i-pokojowa-nagroda-nobla-utracil-wszelkie-szanse","status":"publish","type":"post","link":"https:\/\/www.europesays.com\/pl\/187139\/","title":{"rendered":"Donald Trump i Pokojowa Nagroda Nobla? &#8222;Utraci\u0142 wszelkie szanse&#8221;"},"content":{"rendered":"<ul class=\"UnorderedList_container__nmfSl\">\n<li class=\"UnorderedList_listElement__Py7xi\" data-id=\"ai-summary-link\">Du\u017co czytania, a ma\u0142o czasu? Sprawd\u017a\u00a0skr\u00f3t\u00a0artyku\u0142u<\/li>\n<\/ul>\n<p class=\"Paragraph_desktopParagraph__U31Gm\">Ca\u0142y \u015bwiat wstrzyma\u0142 oddech w zwi\u0105zku z atakiem Stan\u00f3w Zjednoczonych na Wenezuel\u0119. Z pi\u0105tku na sobot\u0119 wojska USA uderzy\u0142y na Fort Tiuna w Caracas, w kt\u00f3rym mie\u015bci si\u0119 mi\u0119dzy innymi siedziba ministerstwa obrony i generalne dow\u00f3dztwo wenezuelskiej armii, a tak\u017ce na port w mie\u015bcie La Guaira i lotnisko Higuerote w stanie Miranda. Si\u0142y ameryka\u0144skie schwyta\u0142y przyw\u00f3dc\u0119 Wenezueli Nicolasa Maduro oraz jego \u017con\u0119 Cili\u0119 Flores. Oboje zostali w sobot\u0119 przewiezieni do stanu Nowy Jork.<\/p>\n<p class=\"VideoPlayerText_videoPlayerText__iDwyz\">Dalszy ci\u0105g materia\u0142u pod wideo<\/p>\n<ul class=\"OchatFollowUps_wrapper__1ry7X\">\n<li class=\"OchatFollowUps_item__Dhyly OchatFollowUps_itemDesktop__R6aBv\">Co Leszek Miller powiedzia\u0142 o Trumpie?<\/li>\n<li class=\"OchatFollowUps_item__Dhyly OchatFollowUps_itemDesktop__R6aBv\">Jakie by\u0142y skutki ataku USA na Wenezuel\u0119?<\/li>\n<li class=\"OchatFollowUps_item__Dhyly OchatFollowUps_itemDesktop__R6aBv\">Kto zosta\u0142 schwycony przez ameryka\u0144skie wojska?<\/li>\n<li class=\"OchatFollowUps_item__Dhyly OchatFollowUps_itemDesktop__R6aBv\">Jakie s\u0105 opinie Waldemara Pawlaka na temat sytuacji w Wenezueli?<\/li>\n<\/ul>\n<p>Miller: Trump straci\u0142 szanse na nagrod\u0119 Nobla <\/p>\n<p class=\"Paragraph_desktopParagraph__U31Gm\">Decyzja Donalda Trumpa wywo\u0142a\u0142a ogromne poruszenie i jest szeroko komentowana przez ekspert\u00f3w, publicyst\u00f3w i polityk\u00f3w. Atak na Wenezuel\u0119 (zgin\u0119\u0142o co najmniej 40 os\u00f3b, r\u00f3wnie\u017c cywil\u00f3w) by\u0142 te\u017c tematem przewodnim sobotniego wydania programu &#8222;Prezydenci i premierzy&#8221; na antenie Polsat News, kt\u00f3rego go\u015b\u0107mi byli Leszek Miller i Waldemar Pawlak.<\/p>\n<p class=\"Paragraph_desktopParagraph__U31Gm\">Leszek Miller przypomnia\u0142 s\u0142owa Donalda Trumpa, kt\u00f3ry przekonywa\u0142, \u017ce Stany Zjednoczone pod jego rz\u0105dami nie b\u0119d\u0105 &#8222;policjantem \u015bwiata&#8221;. \u2014 Sta\u0142o si\u0119 zupe\u0142nie inaczej ni\u017c Trump m\u00f3wi\u0142 i teraz \u015bwiat musi to jako\u015b przetrawi\u0107.<a href=\"https:\/\/wiadomosci.onet.pl\/swiat\/atak-sil-usa-na-wenezuele-jest-stanowisko-szefowej-komisji-europejskiej\/vqx2m4p\" id=\"c5a8ef7b-3041-4c7c-b349-2ca0c938e95c\" rel=\"nofollow noopener\" target=\"_blank\"> Pierwsze reakcje czy Unii Europejskiej, czy g\u0142\u00f3wnych mocarstw<\/a>, opr\u00f3cz Ameryki, czyli Chin i Rosji, s\u0105 raczej letnie. Takie, jakby co\u015b jakby sugerowano, \u017ce ca\u0142a ta akcja zosta\u0142a przeprowadzona w tajnym porozumieniu \u2014 stwierdzi\u0142 by\u0142y premier.<\/p>\n<p class=\"Paragraph_desktopParagraph__U31Gm\">Miller przekonywa\u0142 te\u017c na antenie Polsatu News, \u017ce prezydent USA mo\u017ce zapomnie\u0107 o Pokojowej Nagrodzie Nobla, kt\u00f3ra od lat jest jego obsesj\u0105. \u2014 Amerykanie si\u0119 chwal\u0105, \u017ce \u017caden Amerykanin nie zgin\u0105\u0142. Rozumiem, \u017ce to nie dotyczy Wenezuelczyk\u00f3w, \u017ce tam jakie\u015b straty s\u0105. No, ale, tak czy owak, to to jest wszystko jest bardzo zdumiewaj\u0105ce. Je\u017celi pan Trump liczy\u0142 na Pokojow\u0105 Nagrod\u0119 Nobla, no to zdaje si\u0119 w\u0142a\u015bnie w ten spos\u00f3b wszelkie szanse utraci\u0142. Chyba \u017ce \u015bwiata to nie b\u0119dzie specjalnie interesowa\u0107, \u015bwiat na to machnie r\u0119k\u0105 \u2014 doda\u0142 Leszek Miller.<\/p>\n<p class=\"Paragraph_desktopParagraph__U31Gm\">Waldemar Pawlak r\u00f3wnie\u017c podzieli\u0142 si\u0119 swoj\u0105 opini\u0105 w zwi\u0105zku ze wkroczeniem wojsk USA do Wenezueli. Zdaniem by\u0142ego premiera, sytuacja w tym kraju jeszcze d\u0142ugo nie b\u0119dzie ustabilizowana. \u2014 Jest takie stare powiedzenie napoleo\u0144skie, \u017ce bagnetami \u0142atwo zaprowadzi\u0107 porz\u0105dek, ale trudno na nich wysiedzie\u0107. I zobaczymy jak to b\u0119dzie si\u0119 rozwija\u0142o, bo niew\u0105tpliwie od strony militarnej ta akcja by\u0142a perfekcyjnie przeprowadzona \u2014 zauwa\u017cy\u0142 Pawlak.<\/p>\n<p class=\"Paragraph_desktopParagraph__U31Gm\">Donald Trump nie ukrywa, \u017ce jego celem jest otrzymanie Pokojowej Nagrody Nobla. Sam m\u00f3wi\u0142 o tym wprost podczas wrze\u015bniowego wyst\u0105pienia w bazie wojskowej Quantico w stanie Wirginia, gdzie przemawia\u0142 do setek genera\u0142\u00f3w i wysokich oficer\u00f3w. \u2014 Powinienem j\u0105 otrzyma\u0107 za dzia\u0142ania na rzecz pokoju \u2014 przekonywa\u0142 Trump, przewiduj\u0105c jednak, \u017ce Komitet Noblowski zdecyduje si\u0119 nagrodzi\u0107 &#8222;kogo\u015b, kto nie ma takich osi\u0105gni\u0119\u0107&#8221;. \u2014 Zobaczymy, co si\u0119 wydarzy, ale to b\u0119dzie du\u017ca obraza dla naszego kraju \u2014 dodawa\u0142. Ostatecznie laureatk\u0105 nagrody zosta\u0142a liderka wenezuelskiej opozycji Maria Corina Machado.<\/p>\n","protected":false},"excerpt":{"rendered":"Du\u017co czytania, a ma\u0142o czasu? Sprawd\u017a\u00a0skr\u00f3t\u00a0artyku\u0142u Ca\u0142y \u015bwiat wstrzyma\u0142 oddech w zwi\u0105zku z atakiem Stan\u00f3w Zjednoczonych na Wenezuel\u0119.&hellip;\n","protected":false},"author":2,"featured_media":187140,"comment_status":"","ping_status":"","sticky":false,"template":"","format":"standard","meta":{"footnotes":""},"categories":[14],"tags":[32,33,58,27,67,34,35,1253,28,31,53,25,52,68,51,55,40,12742,41,47,59,80,29,30,65,50,21701,3063,26,82,83,84],"class_list":{"0":"post-187139","1":"post","2":"type-post","3":"status-publish","4":"format-standard","5":"has-post-thumbnail","7":"category-swiat","8":"tag-breaking-news","9":"tag-breakingnews","10":"tag-donald_trump_prezydent_usa","11":"tag-headlines","12":"tag-intextvideo_splayer","13":"tag-latest-news","14":"tag-latestnews","15":"tag-leszek_miller_b_premier","16":"tag-naglowki","17":"tag-najwazniejsze-artykuly","18":"tag-new_header","19":"tag-news","20":"tag-onet3","21":"tag-onet3d","22":"tag-onet3d_2i","23":"tag-phx","24":"tag-polish","25":"tag-polsat_news","26":"tag-polski","27":"tag-screening_general","28":"tag-stany_zjednoczone_usa","29":"tag-swiat","30":"tag-top-stories","31":"tag-topstories","32":"tag-update_me","33":"tag-v2021","34":"tag-waldemar_pawlak_b_premier","35":"tag-wenezuela_kraj","36":"tag-wiadomosci","37":"tag-world","38":"tag-world-news","39":"tag-worldnews"},"share_on_mastodon":{"url":"","error":"Validation failed: Text character limit of 500 exceeded"},"_links":{"self":[{"href":"https:\/\/www.europesays.com\/pl\/wp-json\/wp\/v2\/posts\/187139","targetHints":{"allow":["GET"]}}],"collection":[{"href":"https:\/\/www.europesays.com\/pl\/wp-json\/wp\/v2\/posts"}],"about":[{"href":"https:\/\/www.europesays.com\/pl\/wp-json\/wp\/v2\/types\/post"}],"author":[{"embeddable":true,"href":"https:\/\/www.europesays.com\/pl\/wp-json\/wp\/v2\/users\/2"}],"replies":[{"embeddable":true,"href":"https:\/\/www.europesays.com\/pl\/wp-json\/wp\/v2\/comments?post=187139"}],"version-history":[{"count":0,"href":"https:\/\/www.europesays.com\/pl\/wp-json\/wp\/v2\/posts\/187139\/revisions"}],"wp:featuredmedia":[{"embeddable":true,"href":"https:\/\/www.europesays.com\/pl\/wp-json\/wp\/v2\/media\/187140"}],"wp:attachment":[{"href":"https:\/\/www.europesays.com\/pl\/wp-json\/wp\/v2\/media?parent=187139"}],"wp:term":[{"taxonomy":"category","embeddable":true,"href":"https:\/\/www.europesays.com\/pl\/wp-json\/wp\/v2\/categories?post=187139"},{"taxonomy":"post_tag","embeddable":true,"href":"https:\/\/www.europesays.com\/pl\/wp-json\/wp\/v2\/tags?post=187139"}],"curies":[{"name":"wp","href":"https:\/\/api.w.org\/{rel}","templated":true}]}}