{"id":187222,"date":"2026-01-04T19:16:10","date_gmt":"2026-01-04T19:16:10","guid":{"rendered":"https:\/\/www.europesays.com\/pl\/187222\/"},"modified":"2026-01-04T19:16:10","modified_gmt":"2026-01-04T19:16:10","slug":"aneta-kreglicka-o-telewizyjnych-sylwestrach-promowanie-pijanstwa","status":"publish","type":"post","link":"https:\/\/www.europesays.com\/pl\/187222\/","title":{"rendered":"Aneta Kr\u0119glicka o telewizyjnych sylwestrach. &#8222;Promowanie pija\u0144stwa&#8221;"},"content":{"rendered":"<p class=\"ods-c-paragraph \">By\u0142a Miss \u015awiata da\u0142a zna\u0107 obserwatorom, \u017ce ostatnie dni 2025 r. sp\u0119dzi\u0142a rodzinnie, by nowy wita\u0107 we w\u0142asnych czterech \u015bcianach. O zabawie sylwestrowej musia\u0142a zapomnie\u0107 z powodu fajerwerk\u00f3w. &#8222;Mimo pr\u00f3\u015bb i nawo\u0142ywa\u0144 Polak nadal lubi postrzela\u0107, a huk by\u0142 na tyle du\u017cy, \u017ce nie mogli\u015bmy zostawi\u0107 naszego psa samego&#8221; \u2014 ocenia Kr\u0119glicka.<\/p>\n<p class=\"ods-c-paragraph \">Bizneswoman mog\u0142a zobaczy\u0107, co do zaoferowania 31 grudnia mia\u0142y stacje, ale srogo si\u0119 rozczarowa\u0142a.<\/p>\n<p>Dalszy ci\u0105g artyku\u0142u pod materia\u0142em wideo<\/p>\n<p> Co s\u0105dzi Aneta Kr\u0119glicka o telewizyjnych sylwestrach? <\/p>\n<p> Dlaczego Aneta Kr\u0119glicka nie mog\u0142a zostawi\u0107 psa samego? <\/p>\n<p> Jak Aneta Kr\u0119glicka ocenia dob\u00f3r repertuaru na sylwestrze? <\/p>\n<p> Co Aneta Kr\u0119glicka my\u015bli o promowaniu pija\u0144stwa? <\/p>\n<blockquote class=\"ods-o-quota\">\n<p class=\"ods-o-quota__paragraph\">A w telewizji\u2026 widocznie tak musi by\u0107 \u2014 pewnej estetyki i poziomu rozrywki w Sylwestra \u017caden producent chyba nie przeskoczy. Sting by\u0142 klas\u0105 sam\u0105 w sobie. Bez fajerwerk\u00f3w, baletu i cekin\u00f3w, w tym chaosie obroni\u0142 si\u0119 bez dyskusji \u2014 prawdziwa pere\u0142ka wieczoru<\/p>\n<\/blockquote>\n<p class=\"ods-c-paragraph \">\u2014 stwierdza, dodaj\u0105c, \u017ce momentami by\u0142a zdziwiona doborem repertuaru, jak i niekt\u00f3rymi stylizacjami gwiazdami. Na tym jednak nie ko\u0144czy:<\/p>\n<blockquote class=\"ods-o-quota\">\n<p class=\"ods-o-quota__paragraph\">Zastanawia\u0142o mnie natomiast nawo\u0142ywanie w wielu utworach do \u00bbwypicia do dna\u00ab \u2014 jak za PRL-u. Promowanie pija\u0144stwa wydaje si\u0119 dzi\u015b nie tylko nieaktualne, ale i szkodliwe.<\/p>\n<\/blockquote>\n","protected":false},"excerpt":{"rendered":"By\u0142a Miss \u015awiata da\u0142a zna\u0107 obserwatorom, \u017ce ostatnie dni 2025 r. sp\u0119dzi\u0142a rodzinnie, by nowy wita\u0107 we w\u0142asnych&hellip;\n","protected":false},"author":2,"featured_media":187223,"comment_status":"","ping_status":"","sticky":false,"template":"","format":"standard","meta":{"footnotes":""},"categories":[22],"tags":[23681,122,48,46,42,38,40,39,41,123,47,12357,224,26],"class_list":{"0":"post-187222","1":"post","2":"type-post","3":"status-publish","4":"format-standard","5":"has-post-thumbnail","7":"category-rozrywka","8":"tag-aneta_kreglicka","9":"tag-entertainment","10":"tag-nat_styl","11":"tag-omp","12":"tag-pl","13":"tag-poland","14":"tag-polish","15":"tag-polska","16":"tag-polski","17":"tag-rozrywka","18":"tag-screening_general","19":"tag-sylwester","20":"tag-telewizja","21":"tag-wiadomosci"},"share_on_mastodon":{"url":"https:\/\/pubeurope.com\/@pl\/115838437681737238","error":""},"_links":{"self":[{"href":"https:\/\/www.europesays.com\/pl\/wp-json\/wp\/v2\/posts\/187222","targetHints":{"allow":["GET"]}}],"collection":[{"href":"https:\/\/www.europesays.com\/pl\/wp-json\/wp\/v2\/posts"}],"about":[{"href":"https:\/\/www.europesays.com\/pl\/wp-json\/wp\/v2\/types\/post"}],"author":[{"embeddable":true,"href":"https:\/\/www.europesays.com\/pl\/wp-json\/wp\/v2\/users\/2"}],"replies":[{"embeddable":true,"href":"https:\/\/www.europesays.com\/pl\/wp-json\/wp\/v2\/comments?post=187222"}],"version-history":[{"count":0,"href":"https:\/\/www.europesays.com\/pl\/wp-json\/wp\/v2\/posts\/187222\/revisions"}],"wp:featuredmedia":[{"embeddable":true,"href":"https:\/\/www.europesays.com\/pl\/wp-json\/wp\/v2\/media\/187223"}],"wp:attachment":[{"href":"https:\/\/www.europesays.com\/pl\/wp-json\/wp\/v2\/media?parent=187222"}],"wp:term":[{"taxonomy":"category","embeddable":true,"href":"https:\/\/www.europesays.com\/pl\/wp-json\/wp\/v2\/categories?post=187222"},{"taxonomy":"post_tag","embeddable":true,"href":"https:\/\/www.europesays.com\/pl\/wp-json\/wp\/v2\/tags?post=187222"}],"curies":[{"name":"wp","href":"https:\/\/api.w.org\/{rel}","templated":true}]}}