{"id":187311,"date":"2026-01-04T20:33:08","date_gmt":"2026-01-04T20:33:08","guid":{"rendered":"https:\/\/www.europesays.com\/pl\/187311\/"},"modified":"2026-01-04T20:33:08","modified_gmt":"2026-01-04T20:33:08","slug":"olivier-janiak-nie-dowierzal-wlasnym-oczom-nie-wiedzial-co-powiedziec","status":"publish","type":"post","link":"https:\/\/www.europesays.com\/pl\/187311\/","title":{"rendered":"Olivier Janiak nie dowierza\u0142 w\u0142asnym oczom. Nie wiedzia\u0142, co powiedzie\u0107"},"content":{"rendered":"<p class=\"Paragraph_desktopParagraph__U31Gm\">&#8222;Co za Tydzie\u0144&#8221; to jeden z najbardziej rozpoznawalnych i najd\u0142u\u017cej emitowanych program\u00f3w magazynowych w polskiej telewizji. Audycja zadebiutowa\u0142a w 2000 r. na antenie TVN i od samego pocz\u0105tku skupia si\u0119 na wydarzeniach ze \u015bwiata show-biznesu, kultury, mody oraz \u017cycia gwiazd. Program szybko zdoby\u0142 popularno\u015b\u0107 dzi\u0119ki lekkiej formule, dynamicznemu monta\u017cowi i charakterystycznemu stylowi prowadzenia.<\/p>\n<p class=\"Paragraph_desktopParagraph__U31Gm\">Przez lata twarz\u0105 formatu by\u0142 <a href=\"https:\/\/plejada.pl\/temat\/olivier-janiak\/5fzx62j\" id=\"f17d1375-a668-4f7d-929d-efb45ad0a445\" rel=\"nofollow noopener\" target=\"_blank\">Olivier Janiak<\/a>, kt\u00f3ry sta\u0142 si\u0119 jednym z najbardziej kojarzonych z programem prowadz\u0105cych. To w\u0142a\u015bnie on przez d\u0142ugi czas zaprasza\u0142 widz\u00f3w w kulisy wydarze\u0144 bran\u017cowych, premier filmowych, pokaz\u00f3w mody i wa\u017cnych imprez towarzyskich. Janiak rozmawia\u0142 z najwi\u0119kszymi gwiazdami polskiego show-biznesu, relacjonuj\u0105c ich sukcesy, ale te\u017c mniej oczywiste momenty kariery.<\/p>\n<p class=\"Paragraph_desktopParagraph__U31Gm\">Polecamy: <a href=\"https:\/\/plejada.pl\/polscy-celebryci\/olivier-janiak-nie-slyszal-kocham-cie-moi-rodzice-nie-umieli-tego-robic\/wnfh6gq\" id=\"c5059444-0c41-4c42-ae5c-198d02d92995\" rel=\"nofollow noopener\" target=\"_blank\">Olivier Janiak nie s\u0142ysza\u0142 w domu &#8222;kocham ci\u0119&#8221;. &#8222;Moi rodzice nie umieli tego robi\u0107&#8221;<\/a><\/p>\n<p class=\"Paragraph_desktopParagraph__U31Gm\">Podczas niedzielnego wydania &#8222;Dzie\u0144 dobry TVN&#8221; uczczono 25-lecie &#8222;Co za Tydzie\u0144&#8221;. W studiu pojawili si\u0119 go\u015bcie, kt\u00f3rzy dzielili si\u0119 wspomnieniami, opowiadaj\u0105c zar\u00f3wno o jego charakterystycznym stylu, jak i osobowo\u015bci.<\/p>\n<ul class=\"OchatFollowUps_wrapper__1ry7X\">\n<li class=\"OchatFollowUps_item__Dhyly OchatFollowUps_itemDesktop__R6aBv\">Jak d\u0142ugo trwa program 'Co za Tydzie\u0144&#8217;?<\/li>\n<li class=\"OchatFollowUps_item__Dhyly OchatFollowUps_itemDesktop__R6aBv\">Kto by\u0142 go\u015bciem w studiu 'Dzie\u0144 dobry TVN&#8217;?<\/li>\n<li class=\"OchatFollowUps_item__Dhyly OchatFollowUps_itemDesktop__R6aBv\">Jak Olivier Janiak zareagowa\u0142 na niespodziank\u0119?<\/li>\n<li class=\"OchatFollowUps_item__Dhyly OchatFollowUps_itemDesktop__R6aBv\">Gdzie Olivier Janiak pozna\u0142 swoj\u0105 \u017con\u0119?<\/li>\n<\/ul>\n<p>Olivier Janiak nie dowierza\u0142 w\u0142asnym oczom <\/p>\n<p class=\"Paragraph_desktopParagraph__U31Gm\">W rozmowie uczestniczy\u0142a r\u00f3wnie\u017c <a href=\"https:\/\/plejada.pl\/temat\/karolina-malinowska-janiak\/8qg451w\" id=\"ea581b09-f215-4c5e-92fc-3612e184e82b\" rel=\"nofollow noopener\" target=\"_blank\">Karolina Malinowska<\/a>, prywatnie \u017cona prezentera, kt\u00f3ra uchyli\u0142a r\u0105bka tajemnicy na temat jego podej\u015bcia do mody. Przypomnia\u0142a, \u017ce Olivier od lat sam dobiera swoje stylizacje i konsekwentnie stroni od niebieskich jeans\u00f3w. Przywo\u0142ano tak\u017ce ich wsp\u00f3ln\u0105 histori\u0119 \u2014 para pozna\u0142a si\u0119 ponad 23 lata temu na planie programu &#8222;Co za Tydzie\u0144&#8221;, gdy Janiak przeprowadza\u0142 z modelk\u0105 wywiad. Jak wspomina\u0142a Malinowska, jedno spotkanie wystarczy\u0142o, by ta znajomo\u015b\u0107 przerodzi\u0142a si\u0119 w wieloletni zwi\u0105zek.<\/p>\n<p class=\"Paragraph_desktopParagraph__U31Gm\">Przeczytaj tak\u017ce: <a href=\"https:\/\/plejada.pl\/newsy\/karolina-malinowska-miala-trudne-dziecinstwo-wiem-co-znaczy-nie-jesc-obiadu\/6865nek\" id=\"26547797-1da3-44f2-8a04-e0e8d67333e1\" rel=\"nofollow noopener\" target=\"_blank\">Karolina Malinowska mia\u0142a trudne dzieci\u0144stwo. &#8222;Wiem, co znaczy nie je\u015b\u0107 obiadu&#8221;<\/a><\/p>\n<p class=\"Paragraph_desktopParagraph__U31Gm\">Najwi\u0119kszym zaskoczeniem wizyty okaza\u0142a si\u0119 chwila, gdy do studia wniesiono tort. Olivier Janiak nie kry\u0142 zdziwienia.<\/p>\n<p class=\"Paragraph_desktopParagraph__U31Gm\">\u2014 zareagowa\u0142 na niespodziank\u0119.<\/p>\n<p class=\"Paragraph_desktopParagraph__U31Gm\">Dzi\u0119kujemy, \u017ce przeczyta\u0142a\u015b\/e\u015b nasz artyku\u0142 do ko\u0144ca. W serwisie Plejada.pl ka\u017cdego dnia piszemy o najwa\u017cniejszych wydarzeniach show-biznesowych. B\u0105d\u017a na bie\u017c\u0105co! <a rel=\"nofollow noopener\" href=\"https:\/\/profile.google.com\/cp\/Cg0vZy8xMWJ6X19wdHBx\" id=\"bae87374-8be3-47fd-8774-9d9b865b5b9f\" target=\"_blank\">Obserwuj<\/a> Plejad\u0119 w Wiadomo\u015bciach Google. Odwied\u017a nas tak\u017ce na <a rel=\"nofollow noopener\" href=\"https:\/\/www.facebook.com\/plejadapl\" id=\"2f028d3e-4dcb-45c9-bd95-ab1a0470d88d\" target=\"_blank\">Facebooku<\/a>, <a rel=\"nofollow noopener\" href=\"https:\/\/www.instagram.com\/plejadapl\/\" id=\"15a97f29-a711-4dd3-8bc4-dc7f8c468e14\" target=\"_blank\">Instagramie<\/a>, <a rel=\"nofollow noopener\" href=\"https:\/\/www.youtube.com\/c\/plejada\" id=\"ea3b5c97-ada7-4328-b63f-1d5d6a89429b\" target=\"_blank\">YouTube<\/a> oraz <a rel=\"nofollow noopener\" href=\"https:\/\/www.tiktok.com\/@plejada_pl\" id=\"a33b6e1b-bfdf-4ab6-a808-52937ab7575a\" target=\"_blank\">TikToku<\/a>.<\/p>\n<p class=\"Paragraph_desktopParagraph__U31Gm\">Chcesz podzieli\u0107 si\u0119 ciekawym newsem lub zaproponowa\u0107 temat? Skontaktuj si\u0119 z nami, pisz\u0105c e-maila na adres: <a href=\"https:\/\/www.onet.pl\/styl-zycia\/plejada\/olivier-janiak-nie-dowierzal-wlasnym-oczom-nie-wiedzial-co-powiedziec\/mailto:plejada@redakcjaonet.pl\" id=\"2245a343-5675-445d-bceb-8082ff2ea4c7\" rel=\"nofollow noopener\" target=\"_blank\">plejada@redakcjaonet.pl<\/a>.<\/p>\n<p><script async src=\"\/\/www.instagram.com\/embed.js\"><\/script><script async src=\"\/\/www.tiktok.com\/embed.js\"><\/script><\/p>\n","protected":false},"excerpt":{"rendered":"&#8222;Co za Tydzie\u0144&#8221; to jeden z najbardziej rozpoznawalnych i najd\u0142u\u017cej emitowanych program\u00f3w magazynowych w polskiej telewizji. Audycja zadebiutowa\u0142a&hellip;\n","protected":false},"author":2,"featured_media":187312,"comment_status":"","ping_status":"","sticky":false,"template":"","format":"standard","meta":{"footnotes":""},"categories":[22],"tags":[3109,122,67,53,36673,52,68,51,55,42,38,40,39,41,123,47,196,65,50],"class_list":{"0":"post-187311","1":"post","2":"type-post","3":"status-publish","4":"format-standard","5":"has-post-thumbnail","7":"category-rozrywka","8":"tag-dzien_dobry_tvn_program_tv","9":"tag-entertainment","10":"tag-intextvideo_splayer","11":"tag-new_header","12":"tag-olivier_janiak","13":"tag-onet3","14":"tag-onet3d","15":"tag-onet3d_2i","16":"tag-phx","17":"tag-pl","18":"tag-poland","19":"tag-polish","20":"tag-polska","21":"tag-polski","22":"tag-rozrywka","23":"tag-screening_general","24":"tag-styl_zycia","25":"tag-update_me","26":"tag-v2021"},"share_on_mastodon":{"url":"https:\/\/pubeurope.com\/@pl\/115838740264953621","error":""},"_links":{"self":[{"href":"https:\/\/www.europesays.com\/pl\/wp-json\/wp\/v2\/posts\/187311","targetHints":{"allow":["GET"]}}],"collection":[{"href":"https:\/\/www.europesays.com\/pl\/wp-json\/wp\/v2\/posts"}],"about":[{"href":"https:\/\/www.europesays.com\/pl\/wp-json\/wp\/v2\/types\/post"}],"author":[{"embeddable":true,"href":"https:\/\/www.europesays.com\/pl\/wp-json\/wp\/v2\/users\/2"}],"replies":[{"embeddable":true,"href":"https:\/\/www.europesays.com\/pl\/wp-json\/wp\/v2\/comments?post=187311"}],"version-history":[{"count":0,"href":"https:\/\/www.europesays.com\/pl\/wp-json\/wp\/v2\/posts\/187311\/revisions"}],"wp:featuredmedia":[{"embeddable":true,"href":"https:\/\/www.europesays.com\/pl\/wp-json\/wp\/v2\/media\/187312"}],"wp:attachment":[{"href":"https:\/\/www.europesays.com\/pl\/wp-json\/wp\/v2\/media?parent=187311"}],"wp:term":[{"taxonomy":"category","embeddable":true,"href":"https:\/\/www.europesays.com\/pl\/wp-json\/wp\/v2\/categories?post=187311"},{"taxonomy":"post_tag","embeddable":true,"href":"https:\/\/www.europesays.com\/pl\/wp-json\/wp\/v2\/tags?post=187311"}],"curies":[{"name":"wp","href":"https:\/\/api.w.org\/{rel}","templated":true}]}}