{"id":187315,"date":"2026-01-04T20:37:09","date_gmt":"2026-01-04T20:37:09","guid":{"rendered":"https:\/\/www.europesays.com\/pl\/187315\/"},"modified":"2026-01-04T20:37:09","modified_gmt":"2026-01-04T20:37:09","slug":"porownali-tuska-do-maduro-premier-ripostuje-a-poslowie-zapowiadaja-kroki","status":"publish","type":"post","link":"https:\/\/www.europesays.com\/pl\/187315\/","title":{"rendered":"Por\u00f3wnali Tuska do Maduro. Premier ripostuje, a pos\u0142owie zapowiadaj\u0105 kroki"},"content":{"rendered":"<p>W skr\u00f3cie<\/p>\n<ul class=\"typography ids-typeset-body ids-typeset-body--preset-large list ids-list ids-list--unordered ids-list--size-large \" datatype=\"disc\">\n<li class=\"ids-list-item\">\n<p>Donald Tusk odpowiedzia\u0142 na por\u00f3wnania do Nicolasa Maduro, wykorzystuj\u0105c mocne s\u0142owa w mediach spo\u0142eczno\u015bciowych.<\/p>\n<\/li>\n<li class=\"ids-list-item\">\n<p>Komentarze polityk\u00f3w opozycji sugerowa\u0142y rzekome podobie\u0144stwo szefa polskiego rz\u0105du do dyktator\u00f3w jak Maduro czy Assad.<\/p>\n<\/li>\n<li class=\"ids-list-item\">\n<p>Wpisy Tomasza Sakiewicza i innych wywo\u0142a\u0142y reakcje przedstawicieli Koalicji Obywatelskiej i Lewicy, kt\u00f3rzy zarzucili nawo\u0142ywanie do obalenia rz\u0105du i z\u0142o\u017cyli zawiadomienia do prokuratury.<\/p>\n<\/li>\n<li class=\"ids-list-item\">\n<p>Polityczna wymiana zda\u0144 przenios\u0142a si\u0119 do sieci i wywo\u0142a\u0142a debat\u0119 dotycz\u0105c\u0105 granic publicznej krytyki oraz odpowiedzialno\u015bci za s\u0142owa.<\/p>\n<\/li>\n<li class=\"ids-list-item\"><\/li>\n<\/ul>\n<p class=\"typography ids-typeset-body ids-typeset-body--preset-large link paragraph ids-paragraph ids-paragraph--default\">&#8222;Przestali ju\u017c wierzy\u0107 w swoj\u0105 wygran\u0105 w demokratycznych wyborach, wi\u0119c zacz\u0119li si\u0119 modli\u0107 o obc\u0105 interwencj\u0119 w celu obalenia 'dyktatury Tuska'&#8221; &#8211; napisa\u0142 w niedziel\u0119 na platformie X szef rz\u0105du.<\/p>\n<p class=\"typography ids-typeset-body ids-typeset-body--preset-large link paragraph ids-paragraph ids-paragraph--default\">Zdaniem Donalda Tuska\u00a0&#8222;ni\u017cej upa\u015b\u0107 nie mo\u017cna&#8221;. To odpowied\u017a lidera <a href=\"https:\/\/wydarzenia.interia.pl\/tematy-koalicja-obywatelska,gsbi,45\" rel=\"nofollow noopener\" target=\"_blank\">Koalicji Obywatelskiej<\/a> na krytyczne pod adresem szefa rz\u0105du komentarze po ameryka\u0144skiej interwencji w <a href=\"https:\/\/wydarzenia.interia.pl\/tematy-wenezuela,gsbi,4627\" target=\"_blank\" rel=\"nofollow noopener\">Wenezueli<\/a> i pojmaniu Nicolasa Maduro.<\/p>\n<p class=\"typography ids-typeset-body ids-typeset-body--preset-large link paragraph ids-paragraph ids-paragraph--default\">&#8222;Zobacz Donaldzie Tusku, jak ko\u0144cz\u0105 dyktatorzy&#8221; &#8211; pisa\u0142 w sobot\u0119 w mediach spo\u0142eczno\u015bciowych europose\u0142 <a href=\"https:\/\/wydarzenia.interia.pl\/tematy-pis,gsbi,6580\" target=\"_blank\" rel=\"nofollow noopener\">PiS<\/a> <a href=\"https:\/\/wydarzenia.interia.pl\/tematy-mariusz-kaminski,gsbi,1546\" target=\"_blank\" rel=\"nofollow noopener\">Mariusz Kami\u0144ski<\/a>, za\u0142\u0105czaj\u0105c zdj\u0119cie Maduro.<\/p>\n<p class=\"typography ids-typeset-body ids-typeset-body--preset-large link paragraph ids-paragraph ids-paragraph--default\">Na podobnie zgry\u017aliwy komentarz pozwoli\u0142 sobie r\u00f3wnie\u017c prezes telewizji Republika. &#8222;Assad, Maduro\u2026Tusk?&#8221; &#8211; tak brzmia\u0142a tre\u015b\u0107 wpisu Tomasza Sakiewicza.<\/p>\n<p>Sakiewicz przekroczy\u0142 granic\u0119? Giertych i \u017bukowska zapowiadaj\u0105 zawiadomienia do prokuratury<\/p>\n<p class=\"typography ids-typeset-body ids-typeset-body--preset-large link paragraph ids-paragraph ids-paragraph--default\">Na wpis Sakiewicza jeszcze w sobot\u0119 odpowiedzia\u0142 <a href=\"https:\/\/wydarzenia.interia.pl\/tematy-roman-giertych,gsbi,1458\" rel=\"nofollow noopener\" target=\"_blank\">Roman Giertych<\/a>. &#8222;Namawia Pan Trumpa do lotniczego uderzenia na <a href=\"https:\/\/wydarzenia.interia.pl\/tematy-warszawa,gsbi,3411\" rel=\"nofollow noopener\" target=\"_blank\">Warszaw\u0119<\/a>, zabicia lub porwania demokratycznie wybranego rz\u0105du Rzeczpospolitej. Pope\u0142nia Pan zbrodnie pod\u017cegania do wojny&#8221; &#8211; zauwa\u017cy\u0142 pose\u0142 KO.<\/p>\n<p class=\"typography ids-typeset-body ids-typeset-body--preset-large link paragraph ids-paragraph ids-paragraph--default\">Nast\u0119pnie poinformowa\u0142, \u017ce\u00a0z\u0142o\u017cy\u0142 zawiadomienie do prokuratury o mo\u017cliwo\u015bci pope\u0142nienia przest\u0119pstwa. &#8222;W\u0142a\u015bciciel jednej z wi\u0119kszych telewizji to osoba, kt\u00f3rej wpis\u00f3w nie mo\u017cna lekcewa\u017cy\u0107&#8221; &#8211; zaznaczy\u0142 Giertych.<\/p>\n<p class=\"typography ids-typeset-body ids-typeset-body--preset-large link paragraph ids-paragraph ids-paragraph--default\">W podobny spos\u00f3b na wpis Sakiewicza zareagowa\u0142a <a href=\"https:\/\/wydarzenia.interia.pl\/tematy-anna-maria-zukowska,gsbi,1690\" rel=\"nofollow noopener\" target=\"_blank\">Anna Maria \u017bukowska<\/a> z <a href=\"https:\/\/wydarzenia.interia.pl\/tematy-nowa-lewica,gsbi,41\" rel=\"nofollow noopener\" target=\"_blank\">Nowej Lewicy<\/a>. &#8222;Tradycja Targowicy w <a href=\"https:\/\/wydarzenia.interia.pl\/tematy-polska,gsbi,2628\" rel=\"nofollow noopener\" target=\"_blank\">Polsce<\/a> wiecznie \u017cywa, jak widz\u0119. Ten znak zapytania oczywi\u015bcie tylko asekuracyjnie, \u017ceby mu si\u0119 prokuratura do ty\u0142ka nie dobra\u0142a za ten wpis de facto wzywaj\u0105cy do\u00a0interwencji zbrojnej obcego pa\u0144stwa w celu obalenia jego rz\u0105du&#8221; &#8211; napisa\u0142a na X.<\/p>\n<p class=\"typography ids-typeset-body ids-typeset-body--preset-large link paragraph ids-paragraph ids-paragraph--default\">Szefowa klubu Lewicy przekaza\u0142a, \u017ce z\u0142o\u017cy\u0142a zawiadomienie do prokuratury o mo\u017cliwo\u015bci pope\u0142nienia przest\u0119pstwa opisanego w artykule 128. Kodeksu karnego.<\/p>\n<p>&#8222;Polityczny WF&#8221;: Sprzeczka na obradach rz\u0105du. By\u0142 tajemniczy lobbysta?INTERIA.PL<\/p>\n<p><a class=\"ids-undecorated-link source ids-page-info--source__link\" href=\"https:\/\/www.interia.pl\" rel=\"nofollow noopener\" target=\"_blank\"><img decoding=\"async\" class=\"ids-image-holder__img\" loading=\"lazy\" alt=\"\" title=\"\" height=\"24px\" src=\"https:\/\/www.europesays.com\/pl\/wp-content\/uploads\/2026\/01\/1767480799_462_0009A60QQ5I2TYF7-C202-F4.webp.webp\"\/><\/a><\/p>\n<p>Masz sugestie, uwagi albo widzisz b\u0142\u0105d? Napisz do nas<\/p>\n","protected":false},"excerpt":{"rendered":"W skr\u00f3cie Donald Tusk odpowiedzia\u0142 na por\u00f3wnania do Nicolasa Maduro, wykorzystuj\u0105c mocne s\u0142owa w mediach spo\u0142eczno\u015bciowych. Komentarze polityk\u00f3w&hellip;\n","protected":false},"author":2,"featured_media":187316,"comment_status":"","ping_status":"","sticky":false,"template":"","format":"standard","meta":{"footnotes":""},"categories":[12],"tags":[32,33,36,37,27,34,35,28,31,25,42,38,40,39,41,29,30,26],"class_list":{"0":"post-187315","1":"post","2":"type-post","3":"status-publish","4":"format-standard","5":"has-post-thumbnail","7":"category-polska","8":"tag-breaking-news","9":"tag-breakingnews","10":"tag-featured-news","11":"tag-featurednews","12":"tag-headlines","13":"tag-latest-news","14":"tag-latestnews","15":"tag-naglowki","16":"tag-najwazniejsze-artykuly","17":"tag-news","18":"tag-pl","19":"tag-poland","20":"tag-polish","21":"tag-polska","22":"tag-polski","23":"tag-top-stories","24":"tag-topstories","25":"tag-wiadomosci"},"share_on_mastodon":{"url":"https:\/\/pubeurope.com\/@pl\/115838755951834566","error":""},"_links":{"self":[{"href":"https:\/\/www.europesays.com\/pl\/wp-json\/wp\/v2\/posts\/187315","targetHints":{"allow":["GET"]}}],"collection":[{"href":"https:\/\/www.europesays.com\/pl\/wp-json\/wp\/v2\/posts"}],"about":[{"href":"https:\/\/www.europesays.com\/pl\/wp-json\/wp\/v2\/types\/post"}],"author":[{"embeddable":true,"href":"https:\/\/www.europesays.com\/pl\/wp-json\/wp\/v2\/users\/2"}],"replies":[{"embeddable":true,"href":"https:\/\/www.europesays.com\/pl\/wp-json\/wp\/v2\/comments?post=187315"}],"version-history":[{"count":0,"href":"https:\/\/www.europesays.com\/pl\/wp-json\/wp\/v2\/posts\/187315\/revisions"}],"wp:featuredmedia":[{"embeddable":true,"href":"https:\/\/www.europesays.com\/pl\/wp-json\/wp\/v2\/media\/187316"}],"wp:attachment":[{"href":"https:\/\/www.europesays.com\/pl\/wp-json\/wp\/v2\/media?parent=187315"}],"wp:term":[{"taxonomy":"category","embeddable":true,"href":"https:\/\/www.europesays.com\/pl\/wp-json\/wp\/v2\/categories?post=187315"},{"taxonomy":"post_tag","embeddable":true,"href":"https:\/\/www.europesays.com\/pl\/wp-json\/wp\/v2\/tags?post=187315"}],"curies":[{"name":"wp","href":"https:\/\/api.w.org\/{rel}","templated":true}]}}