{"id":187321,"date":"2026-01-04T20:43:08","date_gmt":"2026-01-04T20:43:08","guid":{"rendered":"https:\/\/www.europesays.com\/pl\/187321\/"},"modified":"2026-01-04T20:43:08","modified_gmt":"2026-01-04T20:43:08","slug":"trump-absolutnie-potrzebujemy-grenlandii-a-to-nie-koniec-skandalicznych-slow","status":"publish","type":"post","link":"https:\/\/www.europesays.com\/pl\/187321\/","title":{"rendered":"Trump: Absolutnie potrzebujemy Grenlandii. A to nie koniec skandalicznych s\u0142\u00f3w"},"content":{"rendered":"<p>2026-01-04 19:35<\/p>\n<p>publikacja<br \/>2026-01-04 19:35<\/p>\n<p>Podziel si\u0119<\/p>\n<p>Prezydent USA Donald Trump podtrzyma\u0142 w niedzielnym wywiadzie dla magazynu \u201eThe Atlantic\u201d swoj\u0105 ch\u0119\u0107 aneksji Grenlandii. Powt\u00f3rzy\u0142, \u017ce USA \u201eabsolutnie potrzebuj\u0105\u201d Grenlandii.<\/p>\n<p><img decoding=\"async\" class=\"o-graphics-multiobject__inner-blurry-picture-img\" src=\"https:\/\/www.europesays.com\/pl\/wp-content\/uploads\/2026\/01\/fe04d71b9cd8f6-948-568-0-0-1500-900.jpg\" width=\"948\" height=\"568\" alt=\"Trump: Absolutnie potrzebujemy Grenlandii. A to nie koniec skandalicznych s\u0142\u00f3w\" loading=\"lazy\"\/><img decoding=\"async\" class=\"o-graphics-multiobject__item webfeedsFeaturedVisual\" src=\"https:\/\/www.europesays.com\/pl\/wp-content\/uploads\/2026\/01\/fe04d71b9cd8f6-948-568-0-0-1500-900.jpg\" width=\"948\" height=\"568\" alt=\"Trump: Absolutnie potrzebujemy Grenlandii. A to nie koniec skandalicznych s\u0142\u00f3w\" loading=\"lazy\"\/>fot. Rebecca Cook, Sarfaraz82  \/ \/\u00a0Shutterstock, FORUM<\/p>\n<p>Trump odni\u00f3s\u0142 si\u0119 w ten spos\u00f3b w wywiadzie do obaw, \u017ce po realizacji gr\u00f3\u017ab wobec Wenezueli, zrealizuje te\u017c swoje wielokrotne zapowiedzi przy\u0142\u0105czenia wyspy do USA. Dziennikarz pisma zapyta\u0142 go o s\u0142owa sekretarza stanu Marka Rubia, kt\u00f3ry zaznaczy\u0142 w sobot\u0119, \u017ce atak na Wenezuel\u0119 pokazuje, \u017ce \u201eje\u015bli (Trump) m\u00f3wi, \u017ce co\u015b zrobi (&#8230;) to nie s\u0105 to puste s\u0142owa\u201d.<\/p>\n<p>Prezydent USA odpar\u0142, \u017ce to do innych nale\u017cy interpretacja tych s\u0142\u00f3w.<\/p>\n<p>&#8211; Naprawd\u0119 nie wiem. Marco mi wczoraj bardzo pochlebia\u0142. Wiesz, nie odnosi\u0142em si\u0119 wtedy do Grenlandii. Ale potrzebujemy Grenlandii, absolutnie. Potrzebujemy jej dla obrony &#8211; powiedzia\u0142 Trump, dodaj\u0105c, \u017ce wyspa jest \u201eotoczona przez chi\u0144skie i rosyjskie statki\u201d.<\/p>\n<p>W\u015br\u00f3d w\u0142adz Danii oraz Grenlandii operacja USA w Wenezueli budzi niepok\u00f3j w zwi\u0105zku ze wcze\u015bniejszymi zapowiedziami Trumpa o konieczno\u015bci przej\u0119cia Grenlandii. Pod koniec grudnia ameryka\u0144ski prezydent mianowa\u0142 Jeffa Landry&#8217;ego specjalnym wys\u0142annikiem USA ds. Grenlandii. Polityk w mediach spo\u0142eczno\u015bciowych napisa\u0142, \u017ce jego zadaniem b\u0119dzie \u201ew\u0142\u0105czenie Grenlandii do USA\u201d.<\/p>\n<p>W\u0142adze Danii apeluj\u0105 o szacunek dla integralno\u015bci pa\u0144stwa po wpisie \u017cony doradcy Trumpa o Grenlandii<\/p>\n<p style=\"line-height: 18px; margin-bottom: 16px; color: #333333; font-family: Arial, Helvetica, sans-serif;\">Ambasador Danii w USA Jesper Moeller Soerensen zaapelowa\u0142 w niedziel\u0119 o pe\u0142ne poszanowanie integralno\u015bci terytorialnej Kr\u00f3lestwa Danii. Wcze\u015bniej Katie Miller, \u017cona doradcy prezydenta Donalda Trumpa, opublikowa\u0142a na platformie X map\u0119 Grenlandii przykrytej ameryka\u0144sk\u0105 flag\u0105.<\/p>\n<p style=\"line-height: 18px; margin-bottom: 16px; color: #333333; font-family: Arial, Helvetica, sans-serif;\">\u201ePrzypomnienie dotycz\u0105ce Stan\u00f3w Zjednoczonych i Kr\u00f3lestwa Danii: jeste\u015bmy bliskimi sojusznikami i powinni\u015bmy kontynuowa\u0107 wsp\u00f3\u0142prac\u0119 w tym charakterze\u201d \u2013 napisa\u0142 na X Moeller Soerensen. \u201eOczekujemy pe\u0142nego poszanowania integralno\u015bci terytorialnej Kr\u00f3lestwa Danii\u201d \u2013 doda\u0142.<\/p>\n<p style=\"line-height: 18px; margin-bottom: 16px; color: #333333; font-family: Arial, Helvetica, sans-serif;\">Grenlandia, Wyspy Owcze oraz Dania tworz\u0105 Wsp\u00f3lnotowe Kr\u00f3lestwo Danii. Za bezpiecze\u0144stwo Grenlandii odpowiada rz\u0105d w Kopenhadze.<\/p>\n<p style=\"line-height: 18px; margin-bottom: 16px; color: #333333; font-family: Arial, Helvetica, sans-serif;\">Kate Miller, \u017cona doradcy Trumpa Stephena Millera, map\u0119 Grenlandii pokryt\u0105 ameryka\u0144sk\u0105 flag\u0105 zatytu\u0142owa\u0142a: \u201eWKR\u00d3TCE\u201d. Wpis pojawi\u0142 si\u0119 po pojmaniu przez ameryka\u0144skie wojsko prezydenta Wenezueli Nicolasa Maduro oraz jego \u017cony podczas operacji w Caracas.<\/p>\n<p style=\"line-height: 18px; margin-bottom: 16px; color: #333333; font-family: Arial, Helvetica, sans-serif;\">W\u015br\u00f3d w\u0142adz Danii oraz Grenlandii operacja USA w Wenezueli budzi niepok\u00f3j w zwi\u0105zku ze wcze\u015bniejszymi zapowiedziami Trumpa o konieczno\u015bci przej\u0119cia Grenlandii. Pod koniec grudnia ameryka\u0144ski prezydent mianowa\u0142 Jeffa Landry&#8217;ego specjalnym wys\u0142annikiem USA ds. Grenlandii. Polityk w mediach spo\u0142eczno\u015bciowych napisa\u0142, \u017ce jego zadaniem b\u0119dzie \u201ew\u0142\u0105czenie Grenlandii do USA\u201d.<\/p>\n<p style=\"line-height: 18px; margin-bottom: 16px; color: #333333; font-family: Arial, Helvetica, sans-serif;\">Wpis Miller skrytykowa\u0142 przewodnicz\u0105cy parlamentarnej komisji obrony Danii Christian Friis Bach, podkre\u015blaj\u0105c, \u017ce Grenlandia w przeciwie\u0144stwie do Wenezueli jest dobrze funkcjonuj\u0105cym demokratycznym krajem. Z kolei minister finans\u00f3w Grenlandii i b. grenlandzki premier Mute B. Egede napisa\u0142 na X: \u201eNasz kraj nie jest czym\u015b, co mo\u017cna po prostu zabra\u0107. B\u0119dziemy nadal walczy\u0107\u201d.<\/p>\n<p style=\"line-height: 18px; margin-bottom: 16px; color: #333333; font-family: Arial, Helvetica, sans-serif;\">Miller by\u0142a wcze\u015bniej rzeczniczk\u0105 utworzonego przez prezydenta Donalda Trumpa, a nast\u0119pnie zlikwidowanego Departamentu Efektywno\u015bci Rz\u0105dowej (DOGE), kierowanego przez Elona Muska.<\/p>\n<p>Z Waszyngtonu Oskar G\u00f3rzy\u0144ski (PAP)<\/p>\n<p>osk\/ adj\/\u00a0zys\/<\/p>\n<p>arch.<\/p>\n<p>Podziel si\u0119<\/p>\n<p>Tematy<\/p>\n","protected":false},"excerpt":{"rendered":"2026-01-04 19:35 publikacja2026-01-04 19:35 Podziel si\u0119 Prezydent USA Donald Trump podtrzyma\u0142 w niedzielnym wywiadzie dla magazynu \u201eThe Atlantic\u201d&hellip;\n","protected":false},"author":2,"featured_media":187322,"comment_status":"","ping_status":"","sticky":false,"template":"","format":"standard","meta":{"footnotes":""},"categories":[14],"tags":[32,33,27,34,35,28,31,25,40,41,80,29,30,26,82,83,84],"class_list":{"0":"post-187321","1":"post","2":"type-post","3":"status-publish","4":"format-standard","5":"has-post-thumbnail","7":"category-swiat","8":"tag-breaking-news","9":"tag-breakingnews","10":"tag-headlines","11":"tag-latest-news","12":"tag-latestnews","13":"tag-naglowki","14":"tag-najwazniejsze-artykuly","15":"tag-news","16":"tag-polish","17":"tag-polski","18":"tag-swiat","19":"tag-top-stories","20":"tag-topstories","21":"tag-wiadomosci","22":"tag-world","23":"tag-world-news","24":"tag-worldnews"},"share_on_mastodon":{"url":"https:\/\/pubeurope.com\/@pl\/115838779646486601","error":""},"_links":{"self":[{"href":"https:\/\/www.europesays.com\/pl\/wp-json\/wp\/v2\/posts\/187321","targetHints":{"allow":["GET"]}}],"collection":[{"href":"https:\/\/www.europesays.com\/pl\/wp-json\/wp\/v2\/posts"}],"about":[{"href":"https:\/\/www.europesays.com\/pl\/wp-json\/wp\/v2\/types\/post"}],"author":[{"embeddable":true,"href":"https:\/\/www.europesays.com\/pl\/wp-json\/wp\/v2\/users\/2"}],"replies":[{"embeddable":true,"href":"https:\/\/www.europesays.com\/pl\/wp-json\/wp\/v2\/comments?post=187321"}],"version-history":[{"count":0,"href":"https:\/\/www.europesays.com\/pl\/wp-json\/wp\/v2\/posts\/187321\/revisions"}],"wp:featuredmedia":[{"embeddable":true,"href":"https:\/\/www.europesays.com\/pl\/wp-json\/wp\/v2\/media\/187322"}],"wp:attachment":[{"href":"https:\/\/www.europesays.com\/pl\/wp-json\/wp\/v2\/media?parent=187321"}],"wp:term":[{"taxonomy":"category","embeddable":true,"href":"https:\/\/www.europesays.com\/pl\/wp-json\/wp\/v2\/categories?post=187321"},{"taxonomy":"post_tag","embeddable":true,"href":"https:\/\/www.europesays.com\/pl\/wp-json\/wp\/v2\/tags?post=187321"}],"curies":[{"name":"wp","href":"https:\/\/api.w.org\/{rel}","templated":true}]}}