{"id":187323,"date":"2026-01-04T20:44:14","date_gmt":"2026-01-04T20:44:14","guid":{"rendered":"https:\/\/www.europesays.com\/pl\/187323\/"},"modified":"2026-01-04T20:44:14","modified_gmt":"2026-01-04T20:44:14","slug":"smiertelny-wypadek-nie-zyje-rowerzysta","status":"publish","type":"post","link":"https:\/\/www.europesays.com\/pl\/187323\/","title":{"rendered":"\u015amiertelny wypadek. Nie \u017cyje rowerzysta"},"content":{"rendered":"<p>    \u015amiertelny wypadek. Nie \u017cyje rowerzysta                   Jak informuje Paula K\u0119pi\u0144ska z Komendy Powiatowej Policji w Pi\u0144czowie, samoch\u00f3d dostawczy potr\u0105ci\u0142 rowerzyst\u0119. Do zdarzenia dosz\u0142o w niedziele (4 stycznia) oko\u0142o godziny 8.00, na ul. Legionist\u00f3w.\u00a0<\/p>\n<p>\u2013 Kieruj\u0105cy pojazdem marki Lublin najecha\u0142 na 77-letniego m\u0119\u017cczyzn\u0119 jad\u0105cego rowerem. Poszkodowany zosta\u0142 przewieziony do szpitala, gdzie niestety zmar\u0142. Kieruj\u0105cy pojazdem, 75-letni m\u0119\u017cczyzna by\u0142 trze\u017awy. W momencie wykonywania czynno\u015bci \u017ale si\u0119 poczu\u0142 i tak\u017ce zosta\u0142 przewieziony do szpitala \u2013 relacjonuje policjantka.<\/p>\n<p>Na miejscu zdarzenia pracowa\u0142a policja pod nadzorem prokuratora. Trwa wyja\u015bnianie szczeg\u00f3\u0142owych okoliczno\u015bci tragicznego wypadku.<\/p>\n<p><a href=\"https:\/\/radiokielce.pl\/co-na-drogach\/\" rel=\"nofollow noopener\" target=\"_blank\"><img loading=\"lazy\" decoding=\"async\" class=\"aligncenter wp-image-1298552 size-full\" title=\"RADIO KIELCE - CO NA DROGACH\" src=\"https:\/\/www.europesays.com\/pl\/wp-content\/uploads\/2025\/12\/RADIO-KIELCE-CO-NA-DROGACH-radiokielce-2.jpg\" alt=\"RADIO KIELCE - CO NA DROGACH\" width=\"1800\" height=\"422\"  \/><\/a><\/p>\n<p>\u00a0<\/p>\n<p>    <a href=\"#\" aria-label=\"Search Button\" class=\"jeg_search_toggle\"><\/a><\/p>\n<p> Brak wynik\u00f3w<\/p>\n<p>  Poka\u017c wszystko<\/p>\n<p>Copyright \u00a9 Polskie Radio Regionalna Rozg\u0142o\u015bnia w Kielcach &#8222;Radio Kielce&#8221; SA 2026.<\/p>\n<p>Ta witryna wykorzystuje pliki cookie. Kontynuuj\u0105c przegl\u0105danie wyra\u017casz zgod\u0119 na ich u\u017cywanie. Zach\u0119camy do odwiedzenia naszej strony <a href=\"https:\/\/radiokielce.pl\/polityka-prywatnosci\" rel=\"nofollow noopener\" target=\"_blank\">Polityki prywatno\u015bci<\/a>. Rozumiem        <\/p>\n","protected":false},"excerpt":{"rendered":"\u015amiertelny wypadek. Nie \u017cyje rowerzysta Jak informuje Paula K\u0119pi\u0144ska z Komendy Powiatowej Policji w Pi\u0144czowie, samoch\u00f3d dostawczy potr\u0105ci\u0142&hellip;\n","protected":false},"author":2,"featured_media":187324,"comment_status":"","ping_status":"","sticky":false,"template":"","format":"standard","meta":{"footnotes":""},"categories":[12],"tags":[32,33,36,37,27,34,35,28,31,25,42,38,40,39,41,29,30,26],"class_list":{"0":"post-187323","1":"post","2":"type-post","3":"status-publish","4":"format-standard","5":"has-post-thumbnail","7":"category-polska","8":"tag-breaking-news","9":"tag-breakingnews","10":"tag-featured-news","11":"tag-featurednews","12":"tag-headlines","13":"tag-latest-news","14":"tag-latestnews","15":"tag-naglowki","16":"tag-najwazniejsze-artykuly","17":"tag-news","18":"tag-pl","19":"tag-poland","20":"tag-polish","21":"tag-polska","22":"tag-polski","23":"tag-top-stories","24":"tag-topstories","25":"tag-wiadomosci"},"share_on_mastodon":{"url":"https:\/\/pubeurope.com\/@pl\/115838783515855899","error":""},"_links":{"self":[{"href":"https:\/\/www.europesays.com\/pl\/wp-json\/wp\/v2\/posts\/187323","targetHints":{"allow":["GET"]}}],"collection":[{"href":"https:\/\/www.europesays.com\/pl\/wp-json\/wp\/v2\/posts"}],"about":[{"href":"https:\/\/www.europesays.com\/pl\/wp-json\/wp\/v2\/types\/post"}],"author":[{"embeddable":true,"href":"https:\/\/www.europesays.com\/pl\/wp-json\/wp\/v2\/users\/2"}],"replies":[{"embeddable":true,"href":"https:\/\/www.europesays.com\/pl\/wp-json\/wp\/v2\/comments?post=187323"}],"version-history":[{"count":0,"href":"https:\/\/www.europesays.com\/pl\/wp-json\/wp\/v2\/posts\/187323\/revisions"}],"wp:featuredmedia":[{"embeddable":true,"href":"https:\/\/www.europesays.com\/pl\/wp-json\/wp\/v2\/media\/187324"}],"wp:attachment":[{"href":"https:\/\/www.europesays.com\/pl\/wp-json\/wp\/v2\/media?parent=187323"}],"wp:term":[{"taxonomy":"category","embeddable":true,"href":"https:\/\/www.europesays.com\/pl\/wp-json\/wp\/v2\/categories?post=187323"},{"taxonomy":"post_tag","embeddable":true,"href":"https:\/\/www.europesays.com\/pl\/wp-json\/wp\/v2\/tags?post=187323"}],"curies":[{"name":"wp","href":"https:\/\/api.w.org\/{rel}","templated":true}]}}