{"id":187333,"date":"2026-01-04T20:51:07","date_gmt":"2026-01-04T20:51:07","guid":{"rendered":"https:\/\/www.europesays.com\/pl\/187333\/"},"modified":"2026-01-04T20:51:07","modified_gmt":"2026-01-04T20:51:07","slug":"silny-atak-zimy-na-pomorzu-kierowcy-mierza-sie-ze-znacznymi-utrudnieniami","status":"publish","type":"post","link":"https:\/\/www.europesays.com\/pl\/187333\/","title":{"rendered":"Silny atak zimy na Pomorzu. Kierowcy mierz\u0105 si\u0119 ze znacznymi utrudnieniami"},"content":{"rendered":"<p class=\"ods-c-paragraph \">W okolicach S\u0142upska spada od 30 cm do 50 cm \u015bniegu, a w niekt\u00f3rych miejscach nawet 60 cm. Na miejscu pracuje oko\u0142o 60 p\u0142ugosolarek. Utrudnienia panuj\u0105 tak\u017ce na Trasie Kaszubskiej. Generalna Dyrekcja Dr\u00f3g Krajowych i Autostrad w Gda\u0144sku apeluje o dostosowanie pr\u0119dko\u015bci do sytuacji na drodze i rozwa\u017cn\u0105 jazd\u0119.<\/p>\n<p>Dalszy ci\u0105g artyku\u0142u pod materia\u0142em wideo<\/p>\n<p> Jakie ostrze\u017cenia obowi\u0105zuj\u0105 w wojew\u00f3dztwie pomorskim? <\/p>\n<p> Gdzie opady \u015bniegu s\u0105 najsilniejsze? <\/p>\n<p> Ile \u015bniegu spad\u0142o w okolicach S\u0142upska? <\/p>\n<p> Czy by\u0142y jakie\u015b kolizje w wyniku warunk\u00f3w drogowych? <\/p>\n<p class=\"ods-c-paragraph \">&#8222;Dzia\u0142amy, a nasze pojazdy ZUD robi\u0105 wszystko, by likwidowa\u0107 \u015blisko\u015b\u0107 drogow\u0105&#8221; \u2014 czytamy w komunikacie.<\/p>\n<p class=\"ods-c-paragraph \">\u2014 Z uwagi na warunki drogowe z jazd\u0105 mog\u0105 mie\u0107 problem pojazdy osobowe, b\u0105d\u017a ci\u0119\u017carowe, ale nie odnotowali\u015bmy w ostatnim czasie kolizji i wypadk\u00f3w \u2014 powiedzia\u0142 dy\u017curny GDDKiA w rozmowie z Polsk\u0105 Agencj\u0105 Prasow\u0105.<\/p>\n<p>   Z\u0142a sytuacja pogodowa na Pomorzu. S\u0105 ostrzezenia.<\/p>\n<p class=\"ods-c-paragraph \">W ca\u0142ym wojew\u00f3dztwie pomorskim do poniedzia\u0142ku rano obowi\u0105zuj\u0105 ostrze\u017cenie I, II oraz III stopnia przed intensywnymi opadami \u015bniegu oraz silnym wiatrem. Najpowa\u017cniejsze ostrze\u017cenia trzeciego stopnia przed intensywnymi opadami \u015bniegu obowi\u0105zuj\u0105 w powiatach s\u0142upskim, l\u0119borskim oraz bytowskim.<\/p>\n<p class=\"ods-c-paragraph \">W powiatach puckim, wejherowskim i kartuskim obowi\u0105zuje ostrze\u017cenie drugiego stopnia. Tam synoptycy IMGW prognozuj\u0105 opady \u015bniegu okresami o nat\u0119\u017ceniu umiarkowanym powoduj\u0105ce przyrost pokrywy \u015bnie\u017cnej od 20 cm do 30 cm. W tych powiatach prognozowane s\u0105 te\u017c zawieje i zamiecie \u015bnie\u017cne spowodowane opadami \u015bniegu i wiatrem o \u015bredniej pr\u0119dko\u015bci do 55 km na godz., w porywach do 85 km na godz., z zachodu.<\/p>\n<p class=\"ods-c-paragraph \">W pozosta\u0142ej cz\u0119\u015bci woj. pomorskiego obowi\u0105zuje ostrze\u017cenie pierwszego stopnia przed intensywnymi opadami \u015bniegu, zawiejami oraz silnym wiatrem. Tam prognozowane s\u0105 opady \u015bniegu powoduj\u0105ce przyrost pokrywy \u015bnie\u017cnej o 10 cm do 15 cm oraz zawieje i zamiecie \u015bnie\u017cne spowodowane opadami \u015bniegu i wiatrem o \u015bredniej pr\u0119dko\u015bci do 40 km na godz., w porywach do 60 km na godz., z p\u00f3\u0142nocnego zachodu i zachodu.<\/p>\n<p>Nagrania i zdj\u0119cia z ataku zimy na Pomorzu<\/p>\n<p class=\"ods-c-paragraph \">W sieci pojawi\u0142y si\u0119 r\u00f3wnie\u017c nagrania z ataku zimy na Pomorzu. &#8222;Uwa\u017cajcie na siebie na drogach w tamtej okolicy&#8221; \u2014 napisa\u0142 na portalu X profil Sie\u0107 Obserwator\u00f3w Burz.<\/p>\n<p class=\"ods-c-paragraph \">\u015anie\u017cyce odnotowano r\u00f3wnie\u017c w okolicach Ustki.<\/p>\n<p class=\"ods-c-paragraph \">Na atak zimy narzekaj\u0105 tak\u017ce mieszka\u0144cy. &#8222;Dawno nie do\u015bwiadczy\u0142em tak \u015bnie\u017cnych warunk\u00f3w pogodowych&#8221; \u2014 zwr\u00f3ci\u0142 uwag\u0119 mieszkaniec Ustki.<\/p>\n","protected":false},"excerpt":{"rendered":"W okolicach S\u0142upska spada od 30 cm do 50 cm \u015bniegu, a w niekt\u00f3rych miejscach nawet 60 cm.&hellip;\n","protected":false},"author":2,"featured_media":187334,"comment_status":"","ping_status":"","sticky":false,"template":"","format":"standard","meta":{"footnotes":""},"categories":[12],"tags":[32,33,36,37,27,34,35,6987,28,31,48,25,46,42,38,40,39,41,1358,47,7312,29,30,2246,4000,26,7441],"class_list":{"0":"post-187333","1":"post","2":"type-post","3":"status-publish","4":"format-standard","5":"has-post-thumbnail","7":"category-polska","8":"tag-breaking-news","9":"tag-breakingnews","10":"tag-featured-news","11":"tag-featurednews","12":"tag-headlines","13":"tag-latest-news","14":"tag-latestnews","15":"tag-mroz","16":"tag-naglowki","17":"tag-najwazniejsze-artykuly","18":"tag-nat_styl","19":"tag-news","20":"tag-omp","21":"tag-pl","22":"tag-poland","23":"tag-polish","24":"tag-polska","25":"tag-polski","26":"tag-samochody_ruch_drogowy_motoryzacja","27":"tag-screening_general","28":"tag-snieg","29":"tag-top-stories","30":"tag-topstories","31":"tag-transport","32":"tag-trojmiasto","33":"tag-wiadomosci","34":"tag-zima"},"share_on_mastodon":{"url":"https:\/\/pubeurope.com\/@pl\/115838811003755431","error":""},"_links":{"self":[{"href":"https:\/\/www.europesays.com\/pl\/wp-json\/wp\/v2\/posts\/187333","targetHints":{"allow":["GET"]}}],"collection":[{"href":"https:\/\/www.europesays.com\/pl\/wp-json\/wp\/v2\/posts"}],"about":[{"href":"https:\/\/www.europesays.com\/pl\/wp-json\/wp\/v2\/types\/post"}],"author":[{"embeddable":true,"href":"https:\/\/www.europesays.com\/pl\/wp-json\/wp\/v2\/users\/2"}],"replies":[{"embeddable":true,"href":"https:\/\/www.europesays.com\/pl\/wp-json\/wp\/v2\/comments?post=187333"}],"version-history":[{"count":0,"href":"https:\/\/www.europesays.com\/pl\/wp-json\/wp\/v2\/posts\/187333\/revisions"}],"wp:featuredmedia":[{"embeddable":true,"href":"https:\/\/www.europesays.com\/pl\/wp-json\/wp\/v2\/media\/187334"}],"wp:attachment":[{"href":"https:\/\/www.europesays.com\/pl\/wp-json\/wp\/v2\/media?parent=187333"}],"wp:term":[{"taxonomy":"category","embeddable":true,"href":"https:\/\/www.europesays.com\/pl\/wp-json\/wp\/v2\/categories?post=187333"},{"taxonomy":"post_tag","embeddable":true,"href":"https:\/\/www.europesays.com\/pl\/wp-json\/wp\/v2\/tags?post=187333"}],"curies":[{"name":"wp","href":"https:\/\/api.w.org\/{rel}","templated":true}]}}