{"id":187351,"date":"2026-01-04T21:05:11","date_gmt":"2026-01-04T21:05:11","guid":{"rendered":"https:\/\/www.europesays.com\/pl\/187351\/"},"modified":"2026-01-04T21:05:11","modified_gmt":"2026-01-04T21:05:11","slug":"warszawa-kolejny-krok-ws-makabrycznych-zabojstw-na-woli","status":"publish","type":"post","link":"https:\/\/www.europesays.com\/pl\/187351\/","title":{"rendered":"Warszawa. Kolejny krok ws. makabrycznych zab\u00f3jstw na Woli"},"content":{"rendered":"<p class=\"article-p\" data-section=\"detail-body\">Jak podaje TVP.Info 34-letni Andrij S. odpowie za dwa bestialskie zab\u00f3jstwa, a 36-letni Ion B. za pomoc w jednym z nich. Jednej z ofiar zadano kilkadziesi\u0105t cios\u00f3w no\u017cem i tasakiem. \u2014 Nieprzypadkowo spraw\u0119 t\u0119 nazwali\u015bmy &#8222;dom z\u0142y&#8221;. Bo to, co dzia\u0142o si\u0119 w pustostanie przy ul. Grzybowskiej 71 to po\u0142\u0105czenie horroru z surrealizmem. Dom, kt\u00f3ry mia\u0142 by\u0107 bezpieczn\u0105 komun\u0105 dla bezdomnych z kilku kraj\u00f3w, sta\u0142 si\u0119 przekl\u0119tym miejscem, w kt\u00f3rym zamordowano co najmniej trzy osoby, a jedna nie wytrzyma\u0142a tego, co si\u0119 tam dzia\u0142o i pope\u0142ni\u0142a samob\u00f3jstwo \u2014 m\u00f3wi portalowi TVP.Info jeden ze \u015bledczych.<\/p>\n<p>        Warszawa. Akt oskar\u017cenia w sprawie zab\u00f3jstw przy Grzybowskiej na Woli<\/p>\n<p class=\"article-p\" data-section=\"detail-body\">Serwis informuje, \u017ce prokuratorka Mazowieckiego Wydzia\u0142u Zamiejscowego Departamentu ds. Przest\u0119pczo\u015bci Zorganizowanej i Korupcji Prokuratury Krajowej w Warszawie skierowa\u0142a do s\u0105du akt oskar\u017cenia w sprawie dw\u00f3ch zab\u00f3jstw w &#8222;domu z\u0142ym&#8221; w 2024 r. Odpowiedz\u0105 za nie: 34-letni Andrij S. z Ukrainy i 36-letni Ion B. z Mo\u0142dawii. <a href=\"https:\/\/www.fakt.pl\/wydarzenia\/sprawa-grzybowska-71-sprawca-ivan-r-zlapany-na-terenie-niemiec\/033ze38\" id=\"80742865-96d1-4539-bf25-caf14e0d4773\" rel=\"nofollow noopener\" target=\"_blank\">Sprawca trzeciej zbrodni zostanie rozliczony p\u00f3\u017aniej, bo dopiero przed kilkoma miesi\u0105cami zosta\u0142 wydany do Polski z Niemiec.<\/a><\/p>\n<p class=\"article-p\" data-section=\"detail-body\">Makabra z Grzybowskiej wysz\u0142a na jaw, gdy na policj\u0119 zg\u0142osi\u0142a si\u0119 kobieta i wyzna\u0142a, \u017ce w kamienicy znajduje si\u0119 kilka cia\u0142. Kobiecie uda\u0142o si\u0119 uciec i unikn\u0105\u0107 takiego losu. Kiedy policjanci pojawili si\u0119 na miejscu, odnale\u017ali cia\u0142a dw\u00f3ch m\u0119\u017cczyzn w stanie zaawansowanego rozk\u0142adu. By\u0142y przykryte m.in. ko\u0142drami. \u015aledczy szukali jednak dalej, bo w zg\u0142oszeniu by\u0142a mowa o kilku zw\u0142okach. Znale\u017ali kolejne dwa cia\u0142a. Jedno mia\u0142o na szyi p\u0119tl\u0119 ze sznura.<\/p>\n<p>        Makabryczne zab\u00f3jstwa w &#8222;domu z\u0142ym&#8221;<\/p>\n<p class=\"article-p\" data-section=\"detail-body\">Obra\u017cenia na zw\u0142okach \u015bwiadczy\u0142y o tym, \u017ce mog\u0142o doj\u015b\u0107 do zab\u00f3jstw. W pobli\u017cu znaleziono te\u017c przedmioty, kt\u00f3re mog\u0142y s\u0142u\u017cy\u0107 do pope\u0142nienia zbrodni. Tylko m\u0119\u017cczyzna, kt\u00f3rego znaleziono z p\u0119tl\u0105, nie mia\u0142 obra\u017ce\u0144 \u015bwiadcz\u0105cych o zab\u00f3jstwie, dlatego uznano, \u017ce sam odebra\u0142 sobie \u017cycie.<\/p>\n<p class=\"article-p\" data-section=\"detail-body\">Cho\u0107 zarzuty postawiono 11 osobom, tylko Andrij S. i Ion B. odpowiedz\u0105 za zab\u00f3jstwa. Reszta oskar\u017cana jest o niezawiadomienie o przest\u0119pstwie.<\/p>\n<p class=\"article-p\" data-section=\"detail-body\">Andrij S. mieszka\u0142 w niewielkiej komunie bezdomnych, kt\u00f3rzy znale\u017ali dach nad g\u0142ow\u0105 w pustostanie przy ul. Grzybowskiej 71 na warszawskiej Woli. By\u0142 tam uwa\u017cany za nieformalnego przyw\u00f3dc\u0119. Po wypiciu alkoholu stawa\u0142 si\u0119 agresywny. W takich okoliczno\u015bciach dochodzi\u0142o do kolejnych morderstw.<\/p>\n<p class=\"article-p\" data-section=\"detail-body\">Zobacz te\u017c:<\/p>\n<p class=\"article-p\" data-section=\"detail-body\"><a href=\"https:\/\/www.fakt.pl\/wydarzenia\/polska\/krakow\/krakow-nagranie-z-lodowiska-pokazuje-co-z-premedytacja-zrobil-klient\/ks6cl85\" id=\"b2aa82dc-2133-4eab-895f-9cc63676cec3\" rel=\"nofollow noopener\" target=\"_blank\">Krakowskie lodowisko uszkodzone przez klienta. Nagranie w sieci<\/a><\/p>\n<p class=\"article-p\" data-section=\"detail-body\"><a href=\"https:\/\/www.fakt.pl\/wydarzenia\/polska\/poznan\/kalisz-dziecko-zatrute-czadem-podczas-kapieli-prawie-sie-utopilo\/ryf0972\" id=\"b98c8ef6-fb6a-4264-a858-64b1591d981c\" rel=\"nofollow noopener\" target=\"_blank\">Ch\u0142opiec prawie utopi\u0142 si\u0119 w wannie. Cisza zaniepokoi\u0142a babci\u0119<\/a><\/p>\n<p>        \/4<\/p>\n<p>                    <img decoding=\"async\" class=\"article-image-img\" loading=\"lazy\" alt=\"\" src=\"https:\/\/www.europesays.com\/pl\/wp-content\/uploads\/2026\/01\/Ruck9kuTURBXy9kNGQyZWEyOC01ZTFjLTRiM2ItOTU1Ni00MmYxYzVmMzk5OTguanBlZ5GTAs0DSM0B2d4AAqEwAaExAQ.jpeg\" width=\"840\" height=\"473\"\/><\/p>\n<p>                  &#8211; \/ Fakt.pl<\/p>\n<p class=\"article-gallery-p\">\n        Jest akt oskar\u017cenia ws. zab\u00f3jstw w kamienicy przy ul. Grzybowskiej.\n    <\/p>\n<p>        \/4<\/p>\n<p>                    <img decoding=\"async\" class=\"article-image-img\" loading=\"lazy\" alt=\"\" src=\"https:\/\/www.europesays.com\/pl\/wp-content\/uploads\/2026\/01\/qzbk9kuTURBXy9kNjAyMGRlNy1kZjIxLTQxYjYtODFmMS0xZjBkZDRiZWUyMWEuanBlZ5GTAs0DSM0Cct4AAqEwAaExAQ.jpeg\" width=\"840\" height=\"626\"\/><\/p>\n<p>                  Komenda Sto\u0142eczna Policji \/ Materia\u0142y policyjne<\/p>\n<p class=\"article-gallery-p\">\n        Na miejscu pracowali technicy.\n    <\/p>\n","protected":false},"excerpt":{"rendered":"Jak podaje TVP.Info 34-letni Andrij S. odpowie za dwa bestialskie zab\u00f3jstwa, a 36-letni Ion B. za pomoc w&hellip;\n","protected":false},"author":2,"featured_media":187352,"comment_status":"","ping_status":"","sticky":false,"template":"","format":"standard","meta":{"footnotes":""},"categories":[12],"tags":[32,33,36,37,27,34,35,28,31,25,42,38,40,39,41,29,30,26],"class_list":{"0":"post-187351","1":"post","2":"type-post","3":"status-publish","4":"format-standard","5":"has-post-thumbnail","7":"category-polska","8":"tag-breaking-news","9":"tag-breakingnews","10":"tag-featured-news","11":"tag-featurednews","12":"tag-headlines","13":"tag-latest-news","14":"tag-latestnews","15":"tag-naglowki","16":"tag-najwazniejsze-artykuly","17":"tag-news","18":"tag-pl","19":"tag-poland","20":"tag-polish","21":"tag-polska","22":"tag-polski","23":"tag-top-stories","24":"tag-topstories","25":"tag-wiadomosci"},"share_on_mastodon":{"url":"https:\/\/pubeurope.com\/@pl\/115838866213816637","error":""},"_links":{"self":[{"href":"https:\/\/www.europesays.com\/pl\/wp-json\/wp\/v2\/posts\/187351","targetHints":{"allow":["GET"]}}],"collection":[{"href":"https:\/\/www.europesays.com\/pl\/wp-json\/wp\/v2\/posts"}],"about":[{"href":"https:\/\/www.europesays.com\/pl\/wp-json\/wp\/v2\/types\/post"}],"author":[{"embeddable":true,"href":"https:\/\/www.europesays.com\/pl\/wp-json\/wp\/v2\/users\/2"}],"replies":[{"embeddable":true,"href":"https:\/\/www.europesays.com\/pl\/wp-json\/wp\/v2\/comments?post=187351"}],"version-history":[{"count":0,"href":"https:\/\/www.europesays.com\/pl\/wp-json\/wp\/v2\/posts\/187351\/revisions"}],"wp:featuredmedia":[{"embeddable":true,"href":"https:\/\/www.europesays.com\/pl\/wp-json\/wp\/v2\/media\/187352"}],"wp:attachment":[{"href":"https:\/\/www.europesays.com\/pl\/wp-json\/wp\/v2\/media?parent=187351"}],"wp:term":[{"taxonomy":"category","embeddable":true,"href":"https:\/\/www.europesays.com\/pl\/wp-json\/wp\/v2\/categories?post=187351"},{"taxonomy":"post_tag","embeddable":true,"href":"https:\/\/www.europesays.com\/pl\/wp-json\/wp\/v2\/tags?post=187351"}],"curies":[{"name":"wp","href":"https:\/\/api.w.org\/{rel}","templated":true}]}}