{"id":187364,"date":"2026-01-04T21:13:09","date_gmt":"2026-01-04T21:13:09","guid":{"rendered":"https:\/\/www.europesays.com\/pl\/187364\/"},"modified":"2026-01-04T21:13:09","modified_gmt":"2026-01-04T21:13:09","slug":"tragedia-w-szwajcarii-niebywale-jak-zachowal-sie-31-letni-ochroniarz","status":"publish","type":"post","link":"https:\/\/www.europesays.com\/pl\/187364\/","title":{"rendered":"Tragedia w Szwajcarii. Niebywa\u0142e, jak zachowa\u0142 si\u0119 31-letni ochroniarz"},"content":{"rendered":"<p class=\"article-p\" data-section=\"detail-body\">Nie odbiera\u0142 telefonu, nie odpowiada\u0142 na wiadomo\u015bci, ale jego telefon wci\u0105\u017c by\u0142 dost\u0119pny po tragicznej nocy w szwajcarskim barze Le Constellation w Crans-Montana. To w\u0142a\u015bnie tam pracowa\u0142 Stefan. By\u0142 ochroniarzem. Sygna\u0142 kom\u00f3rki, cho\u0107 g\u0142uchy, dawa\u0142 nadziej\u0119, \u017ce 31-latek nie jest jedn\u0105 z ofiar. Z\u0142udn\u0105.<\/p>\n<p>        Szwajcaria. Po\u017car baru w Crans-Montana. Ochroniarz Stefan ratowa\u0142 go\u015bci<\/p>\n<p class=\"article-p\" data-section=\"detail-body\">Stefan I. jest jedn\u0105 z 24 zidentyfikowanych ofiar po\u017caru w szwajcarskim lokalu. Zgin\u0119\u0142o co najmniej 40 os\u00f3b, a ponad 100 zosta\u0142o powa\u017cnie rannych.<\/p>\n<p class=\"article-p\" data-section=\"detail-body\">Szwajcarskie media m\u00f3wi\u0105 o aktach bohaterstwa podczas tragedii w barze. Jednym z nich jest w\u0142a\u015bnie zachowanie ochroniarza lokalu. 31-latek przed \u015bmierci\u0105 uratowa\u0142 kilkoro go\u015bci. Siebie ju\u017c nie zdo\u0142a\u0142.<\/p>\n<p class=\"article-p\" data-section=\"detail-body\">Stefan, jak relacjonowa\u0142 Blick, najpierw wypchn\u0105\u0142 kilku go\u015bci na zewn\u0105trz, a potem wr\u00f3ci\u0142 do \u015brodka. W p\u0142omienie. Ratowa\u0142 kolejne osoby. Ze \u015bmiertelnej pu\u0142apki ju\u017c nie wyszed\u0142 \u017cywy. Zap\u0142aci\u0142 najwy\u017csz\u0105 cen\u0119 za sw\u00f3j heroizm.<\/p>\n<p class=\"article-p\" data-section=\"detail-body\">31-latek z pochodzenia by\u0142 Serbem. Od 20 lat mieszka\u0142 w Szwajcarii. Mia\u0142 obywatelstwo tego kraju. Pracowa\u0142 jako ochroniarz w barze.<\/p>\n<p class=\"article-p\" data-section=\"detail-body\">B\u0119d\u0105ca w barze Francuzka, kt\u00f3rej w por\u0119 uda\u0142o si\u0119 opu\u015bci\u0107 lokal, opisa\u0142a Stefana jako osob\u0119, kt\u00f3ra bez wahania rzuci\u0142a si\u0119 w niebezpiecze\u0144stwo, by ratowa\u0107 innych. Jego postawa uosabia niezwyk\u0142\u0105 odwag\u0119 i bezinteresowno\u015b\u0107.<\/p>\n<p class=\"article-p\" data-section=\"detail-body\"><a href=\"https:\/\/www.fakt.pl\/wydarzenia\/swiat\/szwajcaria-16-letni-artur-jedna-z-ofiar-pozaru-baru-to-byl-jego-ostatni-sms\/t2vypk7\" id=\"215dd5c6-bfe2-4929-806c-398b12b8d8d3\" rel=\"nofollow noopener\" target=\"_blank\">&#8222;Mamo, kocham ci\u0119&#8221;. To by\u0142 ostatni SMS od Artura. Tragiczne wie\u015bci<\/a><\/p>\n<p class=\"article-p\" data-section=\"detail-body\"><a href=\"https:\/\/www.fakt.pl\/wydarzenia\/swiat\/szwajcaria-pozar-baru-matka-szuka-syna-to-byl-ostatni-sms-od-artura\/x6xbfm1\" id=\"0ec7fbf7-1270-413d-b010-2441a66c0dae\" rel=\"nofollow noopener\" target=\"_blank\">To by\u0142 ostatni SMS od Artura. Potem cisza. Zrozpaczona matka b\u0142aga o pomoc<\/a><\/p>\n<p class=\"article-p\" data-section=\"detail-body\">(\u0179r\u00f3d\u0142o: Fakt.pl, Blick)<\/p>\n<p>        \/5<\/p>\n<p>                    <img decoding=\"async\" class=\"article-image-img\" loading=\"lazy\" alt=\"\" src=\"https:\/\/www.europesays.com\/pl\/wp-content\/uploads\/2026\/01\/TvWk9kuTURBXy9lNmZkMTk1Ny0zNWIyLTQyZTctYjFhZC02MWMxMjI2ZTM5MWEuanBlZ5GTAs0DSM0B2N4AAqEwAaExAQ.jpeg\" width=\"840\" height=\"472\"\/><\/p>\n<p>                  facebook \/ X<\/p>\n<p class=\"article-gallery-p\">\n        Tragedia w Szwajcarii.\n    <\/p>\n<p>        \/5<\/p>\n<p>                    <img decoding=\"async\" class=\"article-image-img\" loading=\"lazy\" alt=\"\" src=\"https:\/\/www.europesays.com\/pl\/wp-content\/uploads\/2026\/01\/B3Kk9kuTURBXy8yMjA1NzYxYi0yMGRiLTQxOTEtODJkNS00NWQyZmJkODU4ODguanBlZ5GTAs0DSM0DSN4AAqEwAaExAQ.jpeg\" width=\"840\" height=\"840\"\/><\/p>\n<p>                  &#8211; \/ Facebook<\/p>\n<p class=\"article-gallery-p\">\n        Tragicznie zmar\u0142y Stefan I.\n    <\/p>\n","protected":false},"excerpt":{"rendered":"Nie odbiera\u0142 telefonu, nie odpowiada\u0142 na wiadomo\u015bci, ale jego telefon wci\u0105\u017c by\u0142 dost\u0119pny po tragicznej nocy w szwajcarskim&hellip;\n","protected":false},"author":2,"featured_media":187365,"comment_status":"","ping_status":"","sticky":false,"template":"","format":"standard","meta":{"footnotes":""},"categories":[5],"tags":[32,33,36,37,27,34,35,28,31,25,42,38,40,39,41,29,30,26],"class_list":{"0":"post-187364","1":"post","2":"type-post","3":"status-publish","4":"format-standard","5":"has-post-thumbnail","7":"category-naglowki","8":"tag-breaking-news","9":"tag-breakingnews","10":"tag-featured-news","11":"tag-featurednews","12":"tag-headlines","13":"tag-latest-news","14":"tag-latestnews","15":"tag-naglowki","16":"tag-najwazniejsze-artykuly","17":"tag-news","18":"tag-pl","19":"tag-poland","20":"tag-polish","21":"tag-polska","22":"tag-polski","23":"tag-top-stories","24":"tag-topstories","25":"tag-wiadomosci"},"share_on_mastodon":{"url":"https:\/\/pubeurope.com\/@pl\/115838897658295337","error":""},"_links":{"self":[{"href":"https:\/\/www.europesays.com\/pl\/wp-json\/wp\/v2\/posts\/187364","targetHints":{"allow":["GET"]}}],"collection":[{"href":"https:\/\/www.europesays.com\/pl\/wp-json\/wp\/v2\/posts"}],"about":[{"href":"https:\/\/www.europesays.com\/pl\/wp-json\/wp\/v2\/types\/post"}],"author":[{"embeddable":true,"href":"https:\/\/www.europesays.com\/pl\/wp-json\/wp\/v2\/users\/2"}],"replies":[{"embeddable":true,"href":"https:\/\/www.europesays.com\/pl\/wp-json\/wp\/v2\/comments?post=187364"}],"version-history":[{"count":0,"href":"https:\/\/www.europesays.com\/pl\/wp-json\/wp\/v2\/posts\/187364\/revisions"}],"wp:featuredmedia":[{"embeddable":true,"href":"https:\/\/www.europesays.com\/pl\/wp-json\/wp\/v2\/media\/187365"}],"wp:attachment":[{"href":"https:\/\/www.europesays.com\/pl\/wp-json\/wp\/v2\/media?parent=187364"}],"wp:term":[{"taxonomy":"category","embeddable":true,"href":"https:\/\/www.europesays.com\/pl\/wp-json\/wp\/v2\/categories?post=187364"},{"taxonomy":"post_tag","embeddable":true,"href":"https:\/\/www.europesays.com\/pl\/wp-json\/wp\/v2\/tags?post=187364"}],"curies":[{"name":"wp","href":"https:\/\/api.w.org\/{rel}","templated":true}]}}