{"id":187370,"date":"2026-01-04T21:19:12","date_gmt":"2026-01-04T21:19:12","guid":{"rendered":"https:\/\/www.europesays.com\/pl\/187370\/"},"modified":"2026-01-04T21:19:12","modified_gmt":"2026-01-04T21:19:12","slug":"poszukiwana-kobieta-odnaleziona-policja-dziekuje-za-pomoc","status":"publish","type":"post","link":"https:\/\/www.europesays.com\/pl\/187370\/","title":{"rendered":"Poszukiwana kobieta odnaleziona. Policja dzi\u0119kuje za pomoc"},"content":{"rendered":"<p>S\u0142u\u017cby odnalaz\u0142y poszukiwan\u0105 57-letni\u0105 mieszkank\u0119 gminy Ole\u015bnica. <a href=\"https:\/\/radiokielce.pl\/1371877\/zaginela-57-latka-z-powiatu-staszowskiego\/\" rel=\"nofollow noopener\" target=\"_blank\">Jak informowali\u015bmy, kobieta w sobot\u0119 (3 stycznia) oko\u0142o godziny 19.00 wysz\u0142a z domu i do niego nie powr\u00f3ci\u0142a.<\/a> Zg\u0142oszenie o zagini\u0119ciu kobiety wp\u0142yn\u0119\u0142o do oficera dy\u017curnego Komendy Wojew\u00f3dzkiej Pa\u0144stwowej Stra\u017cy Po\u017carnej w Kielcach o godzinie 2.48.<\/p>\n<p>Joanna Szczepaniak, oficer prasowy Komendy Powiatowej Policji w Staszowie informuje, \u017ce w chwili odnalezienia, kobieta by\u0142a wyzi\u0119biona i nieprzytomna.<\/p>\n<p>\u2013 Po udzieleniu pomocy i odzyskaniu przytomno\u015bci, zosta\u0142a zabrana do szpitala. Mieszkanka gminy Ole\u015bnica zosta\u0142a odnaleziona w kompleksie le\u015bnym \u2013 relacjonuje. Stan kobiety jest stabilny.<\/p>\n<p>W akcj\u0119 poszukiwawcz\u0105 by\u0142a zaanga\u017cowana policja, a tak\u017ce 22 stra\u017cak\u00f3w Pa\u0144stwowej Stra\u017cy Po\u017carnej oraz druh\u00f3w ochotnik\u00f3w. Joanna Szczepaniak podzi\u0119kowa\u0142a wszystkim zaanga\u017cowanym w poszukiwania zaginionej kobiety, szczeg\u00f3lnie mieszka\u0144com Byd\u0142owej i okolic, kt\u00f3rzy w\u0142\u0105czyli si\u0119 w poszukiwania i wsparli policjant\u00f3w.<\/p>\n<p>\u2013 Ich pomoc by\u0142a w tym przypadku nieoceniona i na wag\u0119 \u017cycia kobiety \u2013 podkre\u015bla policjantka.<\/p>\n<p><a href=\"https:\/\/radiokielce.pl\/co-na-drogach\/\" rel=\"nofollow noopener\" target=\"_blank\"><img loading=\"lazy\" decoding=\"async\" class=\"aligncenter wp-image-1298551 size-full\" title=\"RADIO KIELCE - CO NA DROGACH\" src=\"https:\/\/www.europesays.com\/pl\/wp-content\/uploads\/2025\/12\/RADIO-KIELCE-CO-NA-DROGACH-radiokielce-1.jpg\" alt=\"RADIO KIELCE - CO NA DROGACH\" width=\"1800\" height=\"422\"  \/><\/a><\/p>\n<p>\u00a0<\/p>\n","protected":false},"excerpt":{"rendered":"S\u0142u\u017cby odnalaz\u0142y poszukiwan\u0105 57-letni\u0105 mieszkank\u0119 gminy Ole\u015bnica. Jak informowali\u015bmy, kobieta w sobot\u0119 (3 stycznia) oko\u0142o godziny 19.00 wysz\u0142a&hellip;\n","protected":false},"author":2,"featured_media":187371,"comment_status":"","ping_status":"","sticky":false,"template":"","format":"standard","meta":{"footnotes":""},"categories":[12],"tags":[32,33,36,37,27,34,35,28,31,25,42,38,40,39,41,29,30,26],"class_list":{"0":"post-187370","1":"post","2":"type-post","3":"status-publish","4":"format-standard","5":"has-post-thumbnail","7":"category-polska","8":"tag-breaking-news","9":"tag-breakingnews","10":"tag-featured-news","11":"tag-featurednews","12":"tag-headlines","13":"tag-latest-news","14":"tag-latestnews","15":"tag-naglowki","16":"tag-najwazniejsze-artykuly","17":"tag-news","18":"tag-pl","19":"tag-poland","20":"tag-polish","21":"tag-polska","22":"tag-polski","23":"tag-top-stories","24":"tag-topstories","25":"tag-wiadomosci"},"share_on_mastodon":{"url":"https:\/\/pubeurope.com\/@pl\/115838921350597406","error":""},"_links":{"self":[{"href":"https:\/\/www.europesays.com\/pl\/wp-json\/wp\/v2\/posts\/187370","targetHints":{"allow":["GET"]}}],"collection":[{"href":"https:\/\/www.europesays.com\/pl\/wp-json\/wp\/v2\/posts"}],"about":[{"href":"https:\/\/www.europesays.com\/pl\/wp-json\/wp\/v2\/types\/post"}],"author":[{"embeddable":true,"href":"https:\/\/www.europesays.com\/pl\/wp-json\/wp\/v2\/users\/2"}],"replies":[{"embeddable":true,"href":"https:\/\/www.europesays.com\/pl\/wp-json\/wp\/v2\/comments?post=187370"}],"version-history":[{"count":0,"href":"https:\/\/www.europesays.com\/pl\/wp-json\/wp\/v2\/posts\/187370\/revisions"}],"wp:featuredmedia":[{"embeddable":true,"href":"https:\/\/www.europesays.com\/pl\/wp-json\/wp\/v2\/media\/187371"}],"wp:attachment":[{"href":"https:\/\/www.europesays.com\/pl\/wp-json\/wp\/v2\/media?parent=187370"}],"wp:term":[{"taxonomy":"category","embeddable":true,"href":"https:\/\/www.europesays.com\/pl\/wp-json\/wp\/v2\/categories?post=187370"},{"taxonomy":"post_tag","embeddable":true,"href":"https:\/\/www.europesays.com\/pl\/wp-json\/wp\/v2\/tags?post=187370"}],"curies":[{"name":"wp","href":"https:\/\/api.w.org\/{rel}","templated":true}]}}