{"id":187395,"date":"2026-01-04T21:42:08","date_gmt":"2026-01-04T21:42:08","guid":{"rendered":"https:\/\/www.europesays.com\/pl\/187395\/"},"modified":"2026-01-04T21:42:08","modified_gmt":"2026-01-04T21:42:08","slug":"zrobila-to-oto-pierwsza-polska-mistrzyni-w-2026-roku","status":"publish","type":"post","link":"https:\/\/www.europesays.com\/pl\/187395\/","title":{"rendered":"Zrobi\u0142a to! Oto pierwsza polska mistrzyni w 2026 roku"},"content":{"rendered":"\n<p class=\"contentpart contentpart--default contentpart--text\" data-position=\"0\">Para\u00a0<a href=\"https:\/\/sportowefakty.wp.pl\/tenis\/zuzanna-pawlikowska\" rel=\"nofollow noopener\" target=\"_blank\">Zuzanna Pawlikowska<\/a>\u00a0i\u00a0<a href=\"https:\/\/sportowefakty.wp.pl\/tenis\/angella-okutoyi\" rel=\"nofollow noopener\" target=\"_blank\">Angella Okutoyi<\/a>\u00a0zosta\u0142a najwy\u017cej rozstawiona na m\u0105czce w kenijskiej stolicy. Do fina\u0142u dotar\u0142a bez straty seta. W dwudniowym meczu o tytu\u0142 nasza reprezentantka i tenisistka gospodarzy zwyci\u0119\u017cy\u0142y oznaczone trzecim numerem Francuzk\u0119\u00a0<a href=\"https:\/\/sportowefakty.wp.pl\/tenis\/alyssa-reguer\" rel=\"nofollow noopener\" target=\"_blank\">Alyss\u0119 Reguer<\/a> i Chink\u0119\u00a0<a href=\"https:\/\/sportowefakty.wp.pl\/tenis\/yufei-ren\" rel=\"nofollow noopener\" target=\"_blank\">Yufei Ren<\/a>\u00a06:2, 7:5.<\/p>\n<p class=\"contentpart contentpart--default contentpart--text\" data-position=\"1\">Spotkanie trwa\u0142o dwa dni, poniewa\u017c w sobot\u0119 zosta\u0142o przerwane z powodu zapadaj\u0105cych ciemno\u015bci. Tenisistki zesz\u0142y w\u00f3wczas z kortu przy stanie 6:2, 5:5. Po wznowieniu rywalizacji w niedziel\u0119 Polka i Kenijka zdoby\u0142y dwa brakuj\u0105ce gemy i mog\u0142y cieszy\u0107 si\u0119 z tytu\u0142u.<\/p>\n<p> <img role=\"presentation\" src=\"https:\/\/std.wpcdn.pl\/images\/adv\/placeholder_wp.svg\" loading=\"lazy\" alt=\"\" decoding=\"async\"\/>  <\/p>\n<p class=\"contentpart contentpart--default contentpart--text\" data-position=\"2\">ZOBACZ WIDEO: Otwieraj\u0105 biznes w Polsce. Fabia\u0144ski m\u00f3wi o swojej roli<\/p>\n<p class=\"contentpart contentpart--default contentpart--text\" data-position=\"4\">20-letnia tenisistka G\u00f3rnika Bytom zosta\u0142a pierwsz\u0105 polsk\u0105 mistrzyni\u0105 w 2026 roku. To dla Pawlikowskiej \u00f3sme deblowe trofeum wywalczone na zawodowych kortach. W singlu w jej dorobku s\u0105 jak na razie dwa mistrzostwa.<\/p>\n<p class=\"contentpart contentpart--default contentpart--text\" data-position=\"5\">Natomiast 21-letnia Okutoyi zosta\u0142a podw\u00f3jn\u0105 mistrzyni\u0105 turnieju w Nairobi. W niedziel\u0119 Kenijka zdoby\u0142a nie tylko 12. tytu\u0142 w grze podw\u00f3jnej, ale tak\u017ce swoje trzecie trofeum w singlu. W decyduj\u0105cym pojedynku faworytka gospodarzy pokona\u0142a W\u0142oszk\u0119\u00a0<a href=\"https:\/\/sportowefakty.wp.pl\/tenis\/martina-colmegna\" rel=\"nofollow noopener\" target=\"_blank\">Martin\u0119 Colmegn\u0119<\/a>\u00a06:3, 3:6, 6:3. Natomiast rund\u0119 wcze\u015bniej, w p\u00f3\u0142finale, okaza\u0142a si\u0119 lepsza od swojej polskiej partnerki.<\/p>\n<p class=\"contentpart contentpart--default contentpart--text\" data-position=\"6\">Pawlikowska pozostanie w Nairobi na kolejny tydzie\u0144. Ju\u017c w poniedzia\u0142ek na tamtejszej m\u0105czce ruszy kolejny turniej rangi ITF World Tennis Tour o puli nagr\u00f3d 30 tys. dolar\u00f3w.<\/p>\n<p> <img role=\"presentation\" src=\"https:\/\/std.wpcdn.pl\/images\/adv\/placeholder_wp.svg\" loading=\"lazy\" alt=\"\" decoding=\"async\"\/>       <\/p>\n<p class=\"contentpart contentpart--default contentpart--text\" data-position=\"8\">sobota-niedziela, 3-4 stycznia<br \/>wyniki i program turniej\u00f3w cyklu ITF World Tennis Tour:<\/p>\n<p class=\"contentpart contentpart--default contentpart--text\" data-position=\"9\">KOBIETY<\/p>\n<p class=\"contentpart contentpart--default contentpart--text\" data-position=\"10\">Nairobi (Kenia), 30 tys. dolar\u00f3w, kort ziemny<\/p>\n<p class=\"contentpart contentpart--default contentpart--text\" data-position=\"11\">fina\u0142 gry podw\u00f3jnej:<\/p>\n<p class=\"contentpart contentpart--default contentpart--text\" data-position=\"12\">Zuzanna Pawlikowska (Polska, 1) \/ Angella Okutoyi (Kenia, 1) &#8211; Alyssa Reguer (Francja, 3) \/ Yufei Ren (Chiny, 3) 6:2, 7:5<\/p>\n","protected":false},"excerpt":{"rendered":"Para\u00a0Zuzanna Pawlikowska\u00a0i\u00a0Angella Okutoyi\u00a0zosta\u0142a najwy\u017cej rozstawiona na m\u0105czce w kenijskiej stolicy. Do fina\u0142u dotar\u0142a bez straty seta. W dwudniowym&hellip;\n","protected":false},"author":2,"featured_media":187396,"comment_status":"","ping_status":"","sticky":false,"template":"","format":"standard","meta":{"footnotes":""},"categories":[24],"tags":[36134,36136,14105,36131,31949,36132,42,38,40,39,41,755,127,126,156,36133,9919],"class_list":{"0":"post-187395","1":"post","2":"type-post","3":"status-publish","4":"format-standard","5":"has-post-thumbnail","7":"category-sport","8":"tag-alyssa-reguer","9":"tag-angella-okutoyi","10":"tag-itf","11":"tag-itf-nairobi","12":"tag-kenia","13":"tag-nairobi","14":"tag-pl","15":"tag-poland","16":"tag-polish","17":"tag-polska","18":"tag-polski","19":"tag-polski-tenis","20":"tag-sport","21":"tag-sports","22":"tag-tenis","23":"tag-yufei-ren","24":"tag-zuzanna-pawlikowska"},"share_on_mastodon":{"url":"https:\/\/pubeurope.com\/@pl\/115839011836382935","error":""},"_links":{"self":[{"href":"https:\/\/www.europesays.com\/pl\/wp-json\/wp\/v2\/posts\/187395","targetHints":{"allow":["GET"]}}],"collection":[{"href":"https:\/\/www.europesays.com\/pl\/wp-json\/wp\/v2\/posts"}],"about":[{"href":"https:\/\/www.europesays.com\/pl\/wp-json\/wp\/v2\/types\/post"}],"author":[{"embeddable":true,"href":"https:\/\/www.europesays.com\/pl\/wp-json\/wp\/v2\/users\/2"}],"replies":[{"embeddable":true,"href":"https:\/\/www.europesays.com\/pl\/wp-json\/wp\/v2\/comments?post=187395"}],"version-history":[{"count":0,"href":"https:\/\/www.europesays.com\/pl\/wp-json\/wp\/v2\/posts\/187395\/revisions"}],"wp:featuredmedia":[{"embeddable":true,"href":"https:\/\/www.europesays.com\/pl\/wp-json\/wp\/v2\/media\/187396"}],"wp:attachment":[{"href":"https:\/\/www.europesays.com\/pl\/wp-json\/wp\/v2\/media?parent=187395"}],"wp:term":[{"taxonomy":"category","embeddable":true,"href":"https:\/\/www.europesays.com\/pl\/wp-json\/wp\/v2\/categories?post=187395"},{"taxonomy":"post_tag","embeddable":true,"href":"https:\/\/www.europesays.com\/pl\/wp-json\/wp\/v2\/tags?post=187395"}],"curies":[{"name":"wp","href":"https:\/\/api.w.org\/{rel}","templated":true}]}}