{"id":187452,"date":"2026-01-04T22:21:10","date_gmt":"2026-01-04T22:21:10","guid":{"rendered":"https:\/\/www.europesays.com\/pl\/187452\/"},"modified":"2026-01-04T22:21:10","modified_gmt":"2026-01-04T22:21:10","slug":"akcja-na-morzu-tak-finskie-sluzby-zajely-rosyjski-statek-swiat","status":"publish","type":"post","link":"https:\/\/www.europesays.com\/pl\/187452\/","title":{"rendered":"Akcja na morzu.\u00a0Tak fi\u0144skie s\u0142u\u017cby zaj\u0119\u0142y rosyjski statek &#8211; \u015awiat"},"content":{"rendered":"<p>Zatrzymanie rosyjskiego statku. Finowie pokazali nagranie<\/p>\n<p>Fi\u0144skie s\u0142u\u017cby zatrzyma\u0142y 31 grudnia <a href=\"https:\/\/polskieradio24.pl\/artykul\/3628944,akt-sabotazu-na-baltyku-marynarze-z-podejrzanego-statku-aresztowani\" target=\"_blank\" rel=\"nofollow noopener\">statek Fitburg<\/a>, p\u0142ywaj\u0105cy pod bander\u0105\u00a0St. Vincent i Grenadyny. Podejrzewali, \u017ce\u00a0\u0142\u00f3d\u017a mog\u0142a uczestniczy\u0107 w uszkodzeniu podmorskiego kabla \u0142\u0105cz\u0105cego\u00a0Finlandi\u0119 z Estoni\u0105. Statek wyp\u0142yn\u0105\u0142 z Petersburga i zmierza\u0142 w kierunku Izraela, zauwa\u017cony zosta\u0142 na wodach wy\u0142\u0105cznej strefy ekonomicznej Finlandii i w momencie zatrzymania przez stra\u017c graniczn\u0105 mia\u0142 opuszczon\u0105 kotwic\u0119.<\/p>\n<p>W akcji zatrzymania statku i\u00a0jego 14-osobowej za\u0142ogi (tworzyli j\u0105\u00a0obywatele Rosji, Kazachstanu, Azerbejd\u017canu i Gruzji) uczestniczyli mundurowi z fi\u0144skiej policji, marynarki wojennej, a tak\u017ce stra\u017cy przybrze\u017cnej. W niedziel\u0119 w sieci pokazali nagrania z brawurowej akcji na\u00a0pe\u0142nym morzu.<\/p>\n<p>W toku \u015bledztwa dotycz\u0105cego uszkodzenia podmorskiego kabla dw\u00f3ch cz\u0142onk\u00f3w za\u0142ogi Fitburga aresztowano, a dw\u00f3m\u00a0innym zakazano opuszczania kraju.<\/p>\n<p>Uszkodzenie kabla. Scenariusz\u00a0przypomina zdarzenia z przesz\u0142o\u015bci<\/p>\n<p>Prowadz\u0105cy spraw\u0119 komisarz Risto Lohi przyzna\u0142, \u017ce incydent jest podobny do tych z poprzednich lat, gdy dochodzi\u0142o do uszkodze\u0144 kabli, a czynnikiem wsp\u00f3lnym jest to, \u017ce tak\u017ce i tym razem chodzi o statek towarowy p\u0142yn\u0105cy z Rosji.<\/p>\n<p>Finowie zwracaj\u0105 uwag\u0119, \u017ce incydent przypomina inne przypadki z ostatnich lat. Rok temu tankowiec <a href=\"https:\/\/polskieradio24.pl\/artykul\/3588198,zniszczenie-kabli-na-baltyku-finlandia-nie-osadzi-zalogi-eagle-s\" target=\"_blank\" rel=\"nofollow noopener\">Eagle S<\/a>, p\u0142yn\u0105c z Petersburga z opuszczon\u0105 kotwic\u0105, mia\u0142 uszkodzi\u0107 kable telekomunikacyjne oraz po\u0142\u0105czenie energetyczne mi\u0119dzy Estoni\u0105 a Finlandi\u0105. Jak poinformowa\u0142 fi\u0144ski operator telekomunikacyjny, tym razem uszkodzenie kabla nie mia\u0142o wp\u0142ywu na \u015bwiadczone us\u0142ugi.<\/p>\n<p>Czytaj tak\u017ce:<\/p>\n<ul class=\"ArticleContent_articleUlList__sA7TW\">&#13;<\/p>\n<li><a href=\"https:\/\/polskieradio24.pl\/artykul\/3629292,most-pod-pokrowskiem-wyparowal-wystarczylo-jedno-uderzenie-mig-29\" target=\"_blank\" rel=\"nofollow noopener\">Most pod Pokrowskiem wyparowa\u0142. Wystarczy\u0142o jedno uderzenie MiG-29<\/a><\/li>\n<p>&#13;\n<\/ul>\n<p>\u0179r\u00f3d\u0142a: PolskieRadio24.pl\/PAP\/mbl<\/p>\n","protected":false},"excerpt":{"rendered":"Zatrzymanie rosyjskiego statku. Finowie pokazali nagranie Fi\u0144skie s\u0142u\u017cby zatrzyma\u0142y 31 grudnia statek Fitburg, p\u0142ywaj\u0105cy pod bander\u0105\u00a0St. Vincent i&hellip;\n","protected":false},"author":2,"featured_media":187453,"comment_status":"","ping_status":"","sticky":false,"template":"","format":"standard","meta":{"footnotes":""},"categories":[14],"tags":[32,33,27,34,35,28,31,25,40,41,80,29,30,26,82,83,84],"class_list":{"0":"post-187452","1":"post","2":"type-post","3":"status-publish","4":"format-standard","5":"has-post-thumbnail","7":"category-swiat","8":"tag-breaking-news","9":"tag-breakingnews","10":"tag-headlines","11":"tag-latest-news","12":"tag-latestnews","13":"tag-naglowki","14":"tag-najwazniejsze-artykuly","15":"tag-news","16":"tag-polish","17":"tag-polski","18":"tag-swiat","19":"tag-top-stories","20":"tag-topstories","21":"tag-wiadomosci","22":"tag-world","23":"tag-world-news","24":"tag-worldnews"},"share_on_mastodon":{"url":"https:\/\/pubeurope.com\/@pl\/115839165071406286","error":""},"_links":{"self":[{"href":"https:\/\/www.europesays.com\/pl\/wp-json\/wp\/v2\/posts\/187452","targetHints":{"allow":["GET"]}}],"collection":[{"href":"https:\/\/www.europesays.com\/pl\/wp-json\/wp\/v2\/posts"}],"about":[{"href":"https:\/\/www.europesays.com\/pl\/wp-json\/wp\/v2\/types\/post"}],"author":[{"embeddable":true,"href":"https:\/\/www.europesays.com\/pl\/wp-json\/wp\/v2\/users\/2"}],"replies":[{"embeddable":true,"href":"https:\/\/www.europesays.com\/pl\/wp-json\/wp\/v2\/comments?post=187452"}],"version-history":[{"count":0,"href":"https:\/\/www.europesays.com\/pl\/wp-json\/wp\/v2\/posts\/187452\/revisions"}],"wp:featuredmedia":[{"embeddable":true,"href":"https:\/\/www.europesays.com\/pl\/wp-json\/wp\/v2\/media\/187453"}],"wp:attachment":[{"href":"https:\/\/www.europesays.com\/pl\/wp-json\/wp\/v2\/media?parent=187452"}],"wp:term":[{"taxonomy":"category","embeddable":true,"href":"https:\/\/www.europesays.com\/pl\/wp-json\/wp\/v2\/categories?post=187452"},{"taxonomy":"post_tag","embeddable":true,"href":"https:\/\/www.europesays.com\/pl\/wp-json\/wp\/v2\/tags?post=187452"}],"curies":[{"name":"wp","href":"https:\/\/api.w.org\/{rel}","templated":true}]}}