{"id":187483,"date":"2026-01-04T22:46:12","date_gmt":"2026-01-04T22:46:12","guid":{"rendered":"https:\/\/www.europesays.com\/pl\/187483\/"},"modified":"2026-01-04T22:46:12","modified_gmt":"2026-01-04T22:46:12","slug":"mandaryna-zdradzila-ze-ma-zal-do-rodowicz-niemilo-o-mnie-powiedziala","status":"publish","type":"post","link":"https:\/\/www.europesays.com\/pl\/187483\/","title":{"rendered":"Mandaryna zdradzi\u0142a, \u017ce ma \u017cal do Rodowicz. &#8222;Niemi\u0142o o mnie powiedzia\u0142a&#8221;"},"content":{"rendered":"<p class=\"article-p\" data-section=\"detail-body\">Tancerka i piosenkarka, kt\u00f3ra zaistnia\u0142a w mediach m.in. dzi\u0119ki ma\u0142\u017ce\u0144stwu z Micha\u0142em Wi\u015bniewskim, od lat pozostaje obecna w \u015bwiecie rozrywki. Cho\u0107 ich zwi\u0105zek dawno si\u0119 zako\u0144czy\u0142, byli ma\u0142\u017conkowie utrzymuj\u0105 dobre relacje, <a href=\"https:\/\/ludzie.fakt.pl\/michal-wisniewski-pojawil-sie-na-scenie-z-byla-zona-jego-zachowanie-wiele-mowi\/mg86lz1\" id=\"00284caf-c926-4dc8-a44b-eda5a81257ad\" rel=\"nofollow noopener\" target=\"_blank\">czego dowodem by\u0142 ich wsp\u00f3lny wyst\u0119p podczas sylwestrowego koncertu TVP<\/a>.<\/p>\n<p class=\"article-p\" data-section=\"detail-body\">Obecnie Mandaryna mo\u017ce liczy\u0107 na coraz cieplejszy odbi\u00f3r ze strony publiczno\u015bci. Cho\u0107 po g\u0142o\u015bnym wyst\u0119pie w Sopocie w 2005 r. spotka\u0142a si\u0119 z fal\u0105 krytyki, dzi\u015b jej popularno\u015b\u0107 ponownie ro\u015bnie, m.in. za spraw\u0105 mody na powr\u00f3t do muzyki z pocz\u0105tku lat dwutysi\u0119cznych.<\/p>\n<p>        Mandaryna o relacjach z innymi artystami. Taki ma stosunek do Rodowicz<\/p>\n<p class=\"article-p\" data-section=\"detail-body\">O relacjach z innymi artystami Mandaryna opowiedzia\u0142a niedawno na antenie RMF FM, bior\u0105c udzia\u0142 w zabawie &#8222;odpowiadasz albo zjadasz&#8221;. Zapytana o najmniej sympatyczn\u0105 osob\u0119 w bran\u017cy, pocz\u0105tkowo stara\u0142a si\u0119 dyplomatycznie unikn\u0105\u0107 jednoznacznej odpowiedzi.<\/p>\n<p class=\"article-p\" data-section=\"detail-body\">\u2014 Ja nie otaczam si\u0119 lud\u017ami, kt\u00f3rzy s\u0105 mi jacy\u015b ma\u0142o \u017cyczliwi, niefajni. Z artystami troch\u0119 tak bywa, \u017ce nawet jak kogo\u015b nie lubi\u0105, to i tak si\u0119 do niego u\u015bmiechaj\u0105. Nie wiem, wi\u0119c, kto mnie nie lubi&#8230; \u2014 t\u0142umaczy\u0142a.<\/p>\n<p>        Maryla Rodowicz powiedzia\u0142a to o Mandarynie. Co za s\u0142owa<\/p>\n<p class=\"article-p\" data-section=\"detail-body\">Po chwili jednak przyzna\u0142a, \u017ce w przesz\u0142o\u015bci zapami\u0119ta\u0142a krytyczne s\u0142owa Maryli Rodowicz. \u2014 Wiem, \u017ce kiedy\u015b jako\u015b niemi\u0142o o mnie powiedzia\u0142a <a href=\"https:\/\/www.fakt.pl\/temat\/maryla-rodowicz\" id=\"d6c59906-bae6-45ab-87a8-483e5a9239a5\" rel=\"nofollow noopener\" target=\"_blank\">Maryla Rodowicz<\/a>, wi\u0119c zostan\u0119 przy tym nazwisku. Bo ja po prostu nie wiem, czy jest sympatyczna, czy niesympatyczna, wiem, \u017ce chyba jako\u015b za mn\u0105 nie przepada \u2014 doda\u0142a szczerze.<\/p>\n<p class=\"article-p\" data-section=\"detail-body\">Mandaryna nawi\u0105za\u0142a w ten spos\u00f3b do g\u0142o\u015bnej wypowiedzi sprzed oko\u0142o dziesi\u0119ciu lat, gdy Maryla Rodowicz publicznie wyrazi\u0142a zdziwienie, \u017ce Mandaryna bywa okre\u015blana mianem gwiazdy. \u2014 U nas co druga osoba, kt\u00f3ra pojawi si\u0119 na \u015bciance to gwiazda. Jak czytam podpisy pod zdj\u0119ciami m\u00f3wi\u0105ce o tym, jakie gwiazdy by\u0142y na jakim\u015b evencie, za\u0142amuj\u0119 si\u0119! Przepraszam, je\u015bli Mandaryna jest gwiazd\u0105, to kim ja jestem? Caryc\u0105?! \u2014 m\u00f3wi\u0142a w\u00f3wczas legendarna piosenkarka.<\/p>\n<p class=\"article-p\" data-section=\"detail-body\"><a href=\"https:\/\/ludzie.fakt.pl\/to-on-pojawil-sie-obok-rodowicz-w-sylwestra-widzowie-moga-go-kojarzyc\/bkdpkmc\" id=\"6f29e2c8-4ece-4cf2-b7fe-89bb3623dd78\" rel=\"nofollow noopener\" target=\"_blank\">Twarz towarzysza Rodowicz wydawa\u0142a si\u0119 dziwnie znajoma. Ju\u017c wiemy, sk\u0105d go mo\u017cecie kojarzy\u0107<\/a><\/p>\n<p class=\"article-p\" data-section=\"detail-body\"><a href=\"https:\/\/ludzie.fakt.pl\/maryla-rodowicz-ujawnila-kulisy-sylwestra-przezyla-koszmar-po-wejsciu-na-scene\/brrv8kt\" id=\"da66eb51-33f1-46da-839d-f1e31e6d2a2b\" rel=\"nofollow noopener\" target=\"_blank\">Rodowicz prze\u017cy\u0142a koszmar tu\u017c po wej\u015bciu na sylwestrow\u0105 scen\u0119. Artystka przerwa\u0142a milczenie<\/a><\/p>\n<p class=\"article-p\" data-section=\"detail-body\"><a href=\"https:\/\/ludzie.fakt.pl\/burza-w-sieci-po-wystepie-maryli-rodowicz-internauci-nie-maja-litosci\/0hzf0lt\" id=\"4c2c4bfb-c1d7-47cb-bab1-c5e571904fd1\" rel=\"nofollow noopener\" target=\"_blank\">Awantura w sieci po wyst\u0119pie Rodowicz. Internauci s\u0105 bezlito\u015bni<\/a><\/p>\n<p>        \/3<\/p>\n<p>                    <img decoding=\"async\" class=\"article-image-img\" loading=\"lazy\" alt=\"\" src=\"https:\/\/www.europesays.com\/pl\/wp-content\/uploads\/2026\/01\/6Ysk9kuTURBXy8zZDRmN2NkOC0yOGFiLTQ2ZjItYjliZi0xY2ZlMDdkNGQxZGYuanBlZ5GTAs0DSM0B2N4AAqEwAaExAQ.jpeg\" width=\"840\" height=\"472\"\/><\/p>\n<p>                  Majda\u0144ski Aleksander \/ newspix.pl<\/p>\n<p class=\"article-gallery-p\">\n        Mandaryna i Maryla Rodowicz.\n    <\/p>\n<p>        \/3<\/p>\n<p>                    <img decoding=\"async\" class=\"article-image-img\" loading=\"lazy\" alt=\"\" src=\"https:\/\/www.europesays.com\/pl\/wp-content\/uploads\/2026\/01\/lCvk9kuTURBXy9lMDQ4YjhmOS04ZThmLTQ5YjYtYjM3NS0zYTM3Y2UzODdkYzIuanBlZ5GTAs0DSM0E7N4AAqEwAaExAQ.jpeg\" width=\"840\" height=\"1260\"\/><\/p>\n<p>                  Majda\u0144ski Aleksander \/ newspix.pl<\/p>\n<p class=\"article-gallery-p\">\n        Mandaryna.\n    <\/p>\n","protected":false},"excerpt":{"rendered":"Tancerka i piosenkarka, kt\u00f3ra zaistnia\u0142a w mediach m.in. dzi\u0119ki ma\u0142\u017ce\u0144stwu z Micha\u0142em Wi\u015bniewskim, od lat pozostaje obecna w&hellip;\n","protected":false},"author":2,"featured_media":187484,"comment_status":"","ping_status":"","sticky":false,"template":"","format":"standard","meta":{"footnotes":""},"categories":[22],"tags":[122,42,38,40,39,41,123],"class_list":{"0":"post-187483","1":"post","2":"type-post","3":"status-publish","4":"format-standard","5":"has-post-thumbnail","7":"category-rozrywka","8":"tag-entertainment","9":"tag-pl","10":"tag-poland","11":"tag-polish","12":"tag-polska","13":"tag-polski","14":"tag-rozrywka"},"share_on_mastodon":{"url":"https:\/\/pubeurope.com\/@pl\/115839263204821555","error":""},"_links":{"self":[{"href":"https:\/\/www.europesays.com\/pl\/wp-json\/wp\/v2\/posts\/187483","targetHints":{"allow":["GET"]}}],"collection":[{"href":"https:\/\/www.europesays.com\/pl\/wp-json\/wp\/v2\/posts"}],"about":[{"href":"https:\/\/www.europesays.com\/pl\/wp-json\/wp\/v2\/types\/post"}],"author":[{"embeddable":true,"href":"https:\/\/www.europesays.com\/pl\/wp-json\/wp\/v2\/users\/2"}],"replies":[{"embeddable":true,"href":"https:\/\/www.europesays.com\/pl\/wp-json\/wp\/v2\/comments?post=187483"}],"version-history":[{"count":0,"href":"https:\/\/www.europesays.com\/pl\/wp-json\/wp\/v2\/posts\/187483\/revisions"}],"wp:featuredmedia":[{"embeddable":true,"href":"https:\/\/www.europesays.com\/pl\/wp-json\/wp\/v2\/media\/187484"}],"wp:attachment":[{"href":"https:\/\/www.europesays.com\/pl\/wp-json\/wp\/v2\/media?parent=187483"}],"wp:term":[{"taxonomy":"category","embeddable":true,"href":"https:\/\/www.europesays.com\/pl\/wp-json\/wp\/v2\/categories?post=187483"},{"taxonomy":"post_tag","embeddable":true,"href":"https:\/\/www.europesays.com\/pl\/wp-json\/wp\/v2\/tags?post=187483"}],"curies":[{"name":"wp","href":"https:\/\/api.w.org\/{rel}","templated":true}]}}