{"id":187493,"date":"2026-01-04T22:57:18","date_gmt":"2026-01-04T22:57:18","guid":{"rendered":"https:\/\/www.europesays.com\/pl\/187493\/"},"modified":"2026-01-04T22:57:18","modified_gmt":"2026-01-04T22:57:18","slug":"krakow-nagranie-z-lodowiska-pokazuje-co-z-premedytacja-zrobil-klient","status":"publish","type":"post","link":"https:\/\/www.europesays.com\/pl\/187493\/","title":{"rendered":"Krak\u00f3w. Nagranie z lodowiska. Pokazuje, co z premedytacj\u0105 zrobi\u0142 klient"},"content":{"rendered":"<p class=\"article-p\" data-section=\"detail-body\">Na nagraniu udost\u0119pnionym na Facebooku przez Ice-Park Krak\u00f3w wida\u0107 zdarzenie, kt\u00f3re wed\u0142ug administrator\u00f3w lodowiska, doprowadzi\u0142o do uszkodzenia tafli lodu i awarii instalacji ch\u0142odniczej. Wyciek\u0142 bowiem glikol. &#8222;Takie zachowania zagra\u017caj\u0105 bezpiecze\u0144stwu os\u00f3b korzystaj\u0105cych z lodowiska i mog\u0105 skutkowa\u0107 czasowym zamkni\u0119ciem obiektu. Apelujemy o ostro\u017cno\u015b\u0107 i odpowiedzialne korzystanie z lodowiska&#8221; \u2014 napisano w po\u015bcie.<\/p>\n<p>        Krak\u00f3w. Klient specjalnie uszkodzi\u0142 lodowisko. Jest nagranie<\/p>\n<p class=\"article-p\" data-section=\"detail-body\">Dodano, \u017ce nagranie pochodzi z monitoringu i zosta\u0142o udost\u0119pnione wy\u0142\u0105cznie w celach informacyjnych i prewencyjnych.<\/p>\n<p class=\"article-p\" data-section=\"detail-body\">Osoba odpowiedzialna za zdarzenie, je\u015bli chce polubownie wyja\u015bni\u0107 spraw\u0119, mo\u017ce skontaktowa\u0107 si\u0119 bezpo\u015brednio z administracj\u0105 lodowiska<\/p>\n<p class=\"article-p\" data-section=\"detail-body\">\u2014 poinformowano.<\/p>\n<p class=\"article-p\" data-section=\"detail-body\">Poniewa\u017c pojawi\u0142y si\u0119 zarzuty, \u017ce l\u00f3d jest za cienki, skoro dosz\u0142o do takiego uszkodzenia, w\u0142adze lodowiska t\u0142umacz\u0105, \u017ce udost\u0119pnione w sieci nagranie nie jest ca\u0142e. Przekazano, \u017ce najpierw zosta\u0142a &#8222;wyd\u0142ubana&#8221; dziura, a finalnie wbite ostrze \u0142y\u017cwy. &#8222;Na kopanie do\u0142k\u00f3w zapraszamy nad Ba\u0142tyk. D\u0142ubanie dziur w lodzie samo w sobie jest niebezpieczne dla innych!&#8221; \u2014 podsumowano.<\/p>\n<p>        Internauci komentuj\u0105 nagranie z lodowiska<\/p>\n<p class=\"article-p\" data-section=\"detail-body\">Internauci s\u0105 podzieleni co do udost\u0119pniania nagrania.<\/p>\n<p class=\"article-p\" data-section=\"detail-body\">Bardzo przykre, szczeg\u00f3lnie jak wida\u0107, ile pracy wk\u0142adacie w utrzymanie tafli i jak j\u0105 dopieszczacie, \u017ceby si\u0119 dobrze je\u017adzi\u0142o. Jak dzi\u015b rano, mimo padaj\u0105cego \u015bniegu<\/p>\n<p class=\"article-p\" data-section=\"detail-body\">\u2014 napisa\u0142a jedna z komentuj\u0105cych.<\/p>\n<p class=\"article-p\" data-section=\"detail-body\">Czytaj te\u017c: <a href=\"https:\/\/www.fakt.pl\/wydarzenia\/swiat\/czechy-polska-rodzina-przez-kilka-godzin-czekala-na-ratunek-po-wypadku\/wdcyw68\" id=\"d810bdb2-54f3-4e6e-832d-885e00fa6b4a\" rel=\"nofollow noopener\" target=\"_blank\">Polska rodzina uwi\u0119ziona w aucie pod O\u0142omu\u0144cem. Kilka godzin czekali na ratunek<\/a><\/p>\n<p class=\"article-p\" data-section=\"detail-body\">Musia\u0142y si\u0119 jednak pojawi\u0107 tak\u017ce negatywne wpisy, bo ograniczono mo\u017cliwo\u015b\u0107 komentowania tego posta. &#8222;Zamykamy mo\u017cliwo\u015b\u0107 komentowania posta. Na za\u0142\u0105czonym nagraniu nie wida\u0107 nic, opr\u00f3cz sylwetek. Opublikowali\u015bmy to nagranie, aby u\u015bwiadomi\u0107 u\u017cytkownikom czego nie wolno robi\u0107 na \u017cadnym lodowisku&#8221; \u2014 napisano.<\/p>\n<p class=\"article-p\" data-section=\"detail-body\">Zobacz te\u017c:<\/p>\n<p class=\"article-p\" data-section=\"detail-body\"><a href=\"https:\/\/www.fakt.pl\/wydarzenia\/gizycko-zabojstwo-taksowkarza-podejrzany-w-sadzie-wazny-szczegol\/11fqfr1\" id=\"7f64194c-5450-4849-96d4-71a75bfdf5f4\" rel=\"nofollow noopener\" target=\"_blank\">Mateusz G. w s\u0105dzie z he\u0142mem ochronnym. Zab\u00f3jstwo taks\u00f3wkarza w Gi\u017cycku<\/a><\/p>\n<p class=\"article-p\" data-section=\"detail-body\"><a href=\"https:\/\/www.fakt.pl\/wydarzenia\/polska\/poznan\/kalisz-dziecko-zatrute-czadem-podczas-kapieli-prawie-sie-utopilo\/ryf0972\" id=\"aeffb651-413f-414c-a5ad-2a2a667d4820\" rel=\"nofollow noopener\" target=\"_blank\">Ch\u0142opiec prawie utopi\u0142 si\u0119 w wannie. Cisza zaniepokoi\u0142a babci\u0119<\/a><\/p>\n","protected":false},"excerpt":{"rendered":"Na nagraniu udost\u0119pnionym na Facebooku przez Ice-Park Krak\u00f3w wida\u0107 zdarzenie, kt\u00f3re wed\u0142ug administrator\u00f3w lodowiska, doprowadzi\u0142o do uszkodzenia tafli&hellip;\n","protected":false},"author":2,"featured_media":187494,"comment_status":"","ping_status":"","sticky":false,"template":"","format":"standard","meta":{"footnotes":""},"categories":[12],"tags":[32,33,36,37,27,34,35,28,31,25,42,38,40,39,41,29,30,26],"class_list":{"0":"post-187493","1":"post","2":"type-post","3":"status-publish","4":"format-standard","5":"has-post-thumbnail","7":"category-polska","8":"tag-breaking-news","9":"tag-breakingnews","10":"tag-featured-news","11":"tag-featurednews","12":"tag-headlines","13":"tag-latest-news","14":"tag-latestnews","15":"tag-naglowki","16":"tag-najwazniejsze-artykuly","17":"tag-news","18":"tag-pl","19":"tag-poland","20":"tag-polish","21":"tag-polska","22":"tag-polski","23":"tag-top-stories","24":"tag-topstories","25":"tag-wiadomosci"},"share_on_mastodon":{"url":"https:\/\/pubeurope.com\/@pl\/115839306746248989","error":""},"_links":{"self":[{"href":"https:\/\/www.europesays.com\/pl\/wp-json\/wp\/v2\/posts\/187493","targetHints":{"allow":["GET"]}}],"collection":[{"href":"https:\/\/www.europesays.com\/pl\/wp-json\/wp\/v2\/posts"}],"about":[{"href":"https:\/\/www.europesays.com\/pl\/wp-json\/wp\/v2\/types\/post"}],"author":[{"embeddable":true,"href":"https:\/\/www.europesays.com\/pl\/wp-json\/wp\/v2\/users\/2"}],"replies":[{"embeddable":true,"href":"https:\/\/www.europesays.com\/pl\/wp-json\/wp\/v2\/comments?post=187493"}],"version-history":[{"count":0,"href":"https:\/\/www.europesays.com\/pl\/wp-json\/wp\/v2\/posts\/187493\/revisions"}],"wp:featuredmedia":[{"embeddable":true,"href":"https:\/\/www.europesays.com\/pl\/wp-json\/wp\/v2\/media\/187494"}],"wp:attachment":[{"href":"https:\/\/www.europesays.com\/pl\/wp-json\/wp\/v2\/media?parent=187493"}],"wp:term":[{"taxonomy":"category","embeddable":true,"href":"https:\/\/www.europesays.com\/pl\/wp-json\/wp\/v2\/categories?post=187493"},{"taxonomy":"post_tag","embeddable":true,"href":"https:\/\/www.europesays.com\/pl\/wp-json\/wp\/v2\/tags?post=187493"}],"curies":[{"name":"wp","href":"https:\/\/api.w.org\/{rel}","templated":true}]}}