{"id":187505,"date":"2026-01-04T23:07:13","date_gmt":"2026-01-04T23:07:13","guid":{"rendered":"https:\/\/www.europesays.com\/pl\/187505\/"},"modified":"2026-01-04T23:07:13","modified_gmt":"2026-01-04T23:07:13","slug":"bryska-stworzyla-hity-dody-wprost-mowi-o-chorobie-wiecej-zauwazam-2","status":"publish","type":"post","link":"https:\/\/www.europesays.com\/pl\/187505\/","title":{"rendered":"Bryska stworzy\u0142a hity Dody. Wprost m\u00f3wi o chorobie: wi\u0119cej zauwa\u017cam"},"content":{"rendered":"<p class=\"Paragraph_desktopParagraph__U31Gm\">Bryska skupia si\u0119 na pracy. Ma ju\u017c na koncie nominacj\u0119 do Fryderyka (w kategorii &#8222;Fonograficzny debiut roku&#8221;) i kilka przeboj\u00f3w, kt\u00f3re kr\u00f3lowa\u0142y w sieci i w rozg\u0142o\u015bniach radiowych, ale nie zwalnia tempa. Czy w jej \u017cyciu jest zatem miejsce na mi\u0142o\u015b\u0107? Wokalistka par\u0119 miesi\u0119cy temu uchyli\u0142a na Instagramie r\u0105bka tajemnicy. St\u0105d wiemy, \u017ce z ukochanym spotyka si\u0119 od 2021 r.\n<\/p>\n<p>&#8222;Z Czarkiem zna\u0142am si\u0119 na d\u0142ugo przed tym, jak zacz\u0119li\u015bmy si\u0119 spotyka\u0107, bo jest bratem mojej bardzo bliskiej przyjaci\u00f3\u0142ki. Na samym pocz\u0105tku, jak porz\u0105dni introwertycy, rozmawiali\u015bmy g\u0142\u00f3wnie przez drzwi, ja mu m\u00f3wi\u0142am \u00bbcze\u015b\u0107\u00ab, a on odpowiada\u0142&#8221; \u2014 przyzna\u0142a.\n<\/p>\n<p>Z kolei w &#8222;Dzie\u0144 dobry TVN&#8221; zdradzi\u0142a:\n<\/p>\n<p>&#8222;To ja go poderwa\u0142am, to ja napisa\u0142am pierwsz\u0105 wiadomo\u015b\u0107. To jest niesamowity cz\u0142owiek, kt\u00f3ry roz\u015bwietla ka\u017cdy m\u00f3j dzie\u0144, ka\u017cd\u0105 najgorsz\u0105 chwil\u0119&#8221;.\n<\/p>\n<p>Dzi\u0119kujemy, \u017ce przeczyta\u0142a\u015b\/e\u015b nasz artyku\u0142 do ko\u0144ca. W serwisie Plejada.pl ka\u017cdego dnia piszemy o najwa\u017cniejszych wydarzeniach show-biznesowych. <\/p>\n<p>B\u0105d\u017a na bie\u017c\u0105co! Obserwuj Plejad\u0119 w <a rel=\"nofollow noopener\" href=\"http:\/\/news.google.com\/publications\/CAAiEF0PeAlb7W1llpV_mwV2rL4qFAgKIhBdD3gJW-1tZZaVf5sFdqy-?hl=pl&amp;gl=PL&amp;ceid=PL%3Apl\" target=\"_blank\">Wiadomo\u015bciach Google<\/a>. Odwied\u017a nas tak\u017ce na <a rel=\"nofollow noopener\" href=\"http:\/\/facebook.com\/plejadapl\" target=\"_blank\">Facebooku<\/a> , <a rel=\"nofollow noopener\" href=\"http:\/\/instagram.com\/plejadapl\/\" target=\"_blank\">Instagramie<\/a>, <a rel=\"nofollow noopener\" href=\"http:\/\/youtube.com\/c\/plejada\" target=\"_blank\">YouTubie<\/a> i <a rel=\"nofollow noopener\" href=\"http:\/\/tiktok.com\/@plejada_pl\" target=\"_blank\">TikToku<\/a>. <\/p>\n<p>Chcesz podzieli\u0107 si\u0119 ciekawym newsem lub zaproponowa\u0107 temat? Skontaktuj si\u0119 z nami, pisz\u0105c maila na adres: plejada@redakcjaonet.pl. <\/p>\n<p><script async src=\"\/\/www.instagram.com\/embed.js\"><\/script><script async src=\"\/\/www.tiktok.com\/embed.js\"><\/script><\/p>\n","protected":false},"excerpt":{"rendered":"Bryska skupia si\u0119 na pracy. Ma ju\u017c na koncie nominacj\u0119 do Fryderyka (w kategorii &#8222;Fonograficzny debiut roku&#8221;) i&hellip;\n","protected":false},"author":2,"featured_media":187506,"comment_status":"","ping_status":"","sticky":false,"template":"","format":"standard","meta":{"footnotes":""},"categories":[22],"tags":[36698,122,2728,67,53,52,68,51,55,42,38,40,39,41,36568,123,47,196,65,10799,50],"class_list":{"0":"post-187505","1":"post","2":"type-post","3":"status-publish","4":"format-standard","5":"has-post-thumbnail","7":"category-rozrywka","8":"tag-bryska_piosenkarka","9":"tag-entertainment","10":"tag-evergreen","11":"tag-intextvideo_splayer","12":"tag-new_header","13":"tag-onet3","14":"tag-onet3d","15":"tag-onet3d_2i","16":"tag-phx","17":"tag-pl","18":"tag-poland","19":"tag-polish","20":"tag-polska","21":"tag-polski","22":"tag-polskie_gwiazdy","23":"tag-rozrywka","24":"tag-screening_general","25":"tag-styl_zycia","26":"tag-update_me","27":"tag-urodziny_gwiazd","28":"tag-v2021"},"share_on_mastodon":{"url":"https:\/\/pubeurope.com\/@pl\/115839345776305075","error":""},"_links":{"self":[{"href":"https:\/\/www.europesays.com\/pl\/wp-json\/wp\/v2\/posts\/187505","targetHints":{"allow":["GET"]}}],"collection":[{"href":"https:\/\/www.europesays.com\/pl\/wp-json\/wp\/v2\/posts"}],"about":[{"href":"https:\/\/www.europesays.com\/pl\/wp-json\/wp\/v2\/types\/post"}],"author":[{"embeddable":true,"href":"https:\/\/www.europesays.com\/pl\/wp-json\/wp\/v2\/users\/2"}],"replies":[{"embeddable":true,"href":"https:\/\/www.europesays.com\/pl\/wp-json\/wp\/v2\/comments?post=187505"}],"version-history":[{"count":0,"href":"https:\/\/www.europesays.com\/pl\/wp-json\/wp\/v2\/posts\/187505\/revisions"}],"wp:featuredmedia":[{"embeddable":true,"href":"https:\/\/www.europesays.com\/pl\/wp-json\/wp\/v2\/media\/187506"}],"wp:attachment":[{"href":"https:\/\/www.europesays.com\/pl\/wp-json\/wp\/v2\/media?parent=187505"}],"wp:term":[{"taxonomy":"category","embeddable":true,"href":"https:\/\/www.europesays.com\/pl\/wp-json\/wp\/v2\/categories?post=187505"},{"taxonomy":"post_tag","embeddable":true,"href":"https:\/\/www.europesays.com\/pl\/wp-json\/wp\/v2\/tags?post=187505"}],"curies":[{"name":"wp","href":"https:\/\/api.w.org\/{rel}","templated":true}]}}