{"id":187511,"date":"2026-01-04T23:14:25","date_gmt":"2026-01-04T23:14:25","guid":{"rendered":"https:\/\/www.europesays.com\/pl\/187511\/"},"modified":"2026-01-04T23:14:25","modified_gmt":"2026-01-04T23:14:25","slug":"kate-hudson-i-miley-cyrus-zaszalaly-ze-stylizacjami-obie-postawily-na-gleboki-dekolt-2","status":"publish","type":"post","link":"https:\/\/www.europesays.com\/pl\/187511\/","title":{"rendered":"Kate Hudson i Miley Cyrus zaszala\u0142y ze stylizacjami. Obie postawi\u0142y na g\u0142\u0119boki dekolt"},"content":{"rendered":"<p class=\"ods-c-paragraph \">Palm Springs Convention Center ponownie sta\u0142o si\u0119 centrum \u015bwiatowego kina. Palm Springs Film Festival, kt\u00f3ry rozpocz\u0105\u0142 si\u0119 2 stycznia i potrwa do 11 stycznia, przyci\u0105gn\u0105\u0142 na pustyni\u0119 Sonora najwi\u0119ksze nazwiska bran\u017cy filmowej. Ju\u017c pierwszego wieczoru na czerwonym dywanie pojawi\u0142y si\u0119 gwiazdy, a podczas uroczystej gali wr\u0119czono presti\u017cowe nagrody.<\/p>\n<p>Dalszy ci\u0105g artyku\u0142u pod materia\u0142em wideo<\/p>\n<p> Jakie nagrody przyznano podczas Palm Springs Film Festival? <\/p>\n<p> Kto zosta\u0142 nagrodzony za wybitne osi\u0105gni\u0119cia artystyczne? <\/p>\n<p> Kiedy odbywa si\u0119 Palm Springs Film Festival? <\/p>\n<p> Dlaczego Leonardo DiCaprio nie pojawi\u0142 si\u0119 na festiwalu? <\/p>\n<p>  Kate Hudson ca\u0142a na czerwono. Miley Cyrus postawi\u0142a na klasyk\u0119<\/p>\n<p class=\"ods-c-paragraph \">W\u015br\u00f3d laureat\u00f3w znale\u017ali si\u0119 m.in. <a href=\"https:\/\/plejada.pl\/temat\/miley-cyrus\/969ycn3\" id=\"acee5fbd-a07a-4ec5-9fd1-afa5a01f2cdc\" rel=\"nofollow noopener\" target=\"_blank\">Miley Cyrus<\/a>, doceniona za wybitne osi\u0105gni\u0119cia artystyczne dzi\u0119ki utworowi &#8222;Dream As One&#8221; z filmu Jamesa Camerona &#8222;Avatar: Ogie\u0144 i popi\u00f3\u0142&#8221;, oraz Timoth\u00e9e Chalamet, nagrodzony tytu\u0142em Aktora Roku za kreacj\u0119 w filmie &#8222;Wielki Marty&#8221;. Rose Byrne, kt\u00f3ra zagra\u0142a w &#8222;Kopn\u0119\u0142abym ci\u0119, gdybym mog\u0142a&#8221;, zosta\u0142a wyr\u00f3\u017cniona za prze\u0142omow\u0105 rol\u0119, natomiast <a href=\"https:\/\/plejada.pl\/temat\/kate-hudson-aktorka\/xn5m6e9\" id=\"cb41daa1-f0d3-4a3b-a69e-c1e6687e0bea\" rel=\"nofollow noopener\" target=\"_blank\">Kate Hudson<\/a> (&#8222;Song Sung Blue&#8221;) i Michael B. Jordan (&#8222;Grzesznicy&#8221;) otrzymali statuetki Icon Awards. Amanda Seyfried, odtw\u00f3rczyni g\u0142\u00f3wnej roli w &#8222;The Testament of Ann Lee&#8221;, odebra\u0142a Desert Palm Achievement Award w kategorii Aktorka. Ethan Hawke (&#8222;Blue Moon&#8221;) zosta\u0142 uhonorowany za ca\u0142okszta\u0142t tw\u00f3rczo\u015bci, a Adam Sandler, zwi\u0105zany z filmem &#8222;Jay Kelly&#8221;, zdoby\u0142 Chairman\u2019s Award.<\/p>\n<p class=\"ods-c-paragraph \">Szczeg\u00f3lne uznanie przypad\u0142o filmowi &#8222;Warto\u015b\u0107 sentymentalna&#8221; Joachima Triera, kt\u00f3ry zosta\u0142 dostrze\u017cony ju\u017c podczas festiwalu w Cannes. Produkcja otrzyma\u0142a International Star Award, a po raz pierwszy w historii nagroda ta trafi\u0142a do ca\u0142ego zespo\u0142u aktorskiego. Z kolei Visionary Award 2026, r\u00f3wnie\u017c przyznana po raz pierwszy, pow\u0119drowa\u0142a do re\u017cysera &#8222;Frankensteina&#8221;, Guillermo del Toro, a tak\u017ce do Oscara Isaaca, Jacoba Elordiego i Mii Goth. Historyczny film &#8222;Hamnet&#8221; w re\u017cyserii Chlo\u00e9 Zhao, ju\u017c typowany do Oscar\u00f3w, zosta\u0142 wyr\u00f3\u017cniony nagrod\u0105 Vanguard Award.<\/p>\n<p class=\"ods-c-paragraph \">Nieobecno\u015b\u0107 Leonardo DiCaprio, kt\u00f3ry mia\u0142 odebra\u0107 Desert Palm Achievement Award za rol\u0119 w filmie &#8222;Jedna bitwa po drugiej&#8221; w re\u017cyserii Paula Thomasa Andersona, by\u0142a szeroko komentowana. Organizatorzy festiwalu przekazali w oficjalnym komunikacie, \u017ce aktor nie m\u00f3g\u0142 pojawi\u0107 si\u0119 osobi\u015bcie z powodu niespodziewanych utrudnie\u0144 w podr\u00f3\u017cy oraz ogranicze\u0144 w ruchu lotniczym po ataku USA na Wenezuel\u0119. W o\u015bwiadczeniu podkre\u015blono, \u017ce cho\u0107 DiCaprio nie m\u00f3g\u0142 \u015bwi\u0119towa\u0107 razem z uczestnikami wydarzenia, festiwal pozostaje zaszczycony mo\u017cliwo\u015bci\u0105 uhonorowania jego dorobku i wk\u0142adu w \u015bwiat filmu.<\/p>\n<p class=\"ods-c-paragraph \">Zobaczcie, jak prezentowa\u0142y si\u0119 przyby\u0142e gwiazdy na festiwalu.<\/p>\n<p>    Galeria zdj\u0119\u0107    Miley Cyrus    <img src=\"https:\/\/cdn.plejada.pl\/1\/AHhk9lGaHR0cHM6Ly9vY2RuLmV1L3B1bHNjbXMvTURBXy83MDQ1MDUxMy02NjMyLTQ5ZGItOGQ1ZC1kNjAzOGU4ZjdlYWUuanBlZ5GVAs0CFc0DIMLD3gACoTAHoTEE\" height=\"529\" width=\"940\" alt=\"Miley Cyrus\" loading=\"lazy\" decoding=\"async\" class=\"ods-c-image__img ods-c-image__img--placeholder\"\/>     1\/27   <\/p>\n<p>PAP\/EPA\/NINA PROMMER<\/p>\n<p>        Michael B. Jordan    <img src=\"https:\/\/cdn.plejada.pl\/1\/40Wk9lGaHR0cHM6Ly9vY2RuLmV1L3B1bHNjbXMvTURBXy8wMzBjMjEzNi0yYjBkLTQzNjAtYmE1Zi1lZTdhMTg4ZTlmOGMuanBlZ5GVAs0CFc0DIMLD3gACoTAHoTEE\" height=\"529\" width=\"940\" alt=\"Michael B. Jordan\" loading=\"lazy\" decoding=\"async\" class=\"ods-c-image__img ods-c-image__img--placeholder\"\/>     2\/27   <\/p>\n<p>PAP\/EPA\/NINA PROMMER<\/p>\n<p>           Kate Hudson    <img src=\"https:\/\/cdn.plejada.pl\/1\/om4k9lGaHR0cHM6Ly9vY2RuLmV1L3B1bHNjbXMvTURBXy85MmQwYTEwNi05MGRiLTQ3ZDgtYjI2ZS0xNGJlNmQ1OTU0YWMuanBlZ5GVAs0CFc0DIMLD3gACoTAHoTEE\" height=\"529\" width=\"940\" alt=\"Kate Hudson\" loading=\"lazy\" decoding=\"async\" class=\"ods-c-image__img ods-c-image__img--placeholder\"\/>     3\/27   <\/p>\n<p>PAP\/EPA\/NINA PROMMER<\/p>\n<p>        Oscar Isaac    <img src=\"https:\/\/cdn.plejada.pl\/1\/EMBk9lGaHR0cHM6Ly9vY2RuLmV1L3B1bHNjbXMvTURBXy9jOTdjYzQ0Ny1kMjYxLTQ1MzUtOTE4NS0wYjViNmRjZmM0OTcuanBlZ5GVAs0HWADCw94AAqEwB6ExBA\" height=\"627\" width=\"940\" alt=\"Oscar Isaac\" loading=\"lazy\" decoding=\"async\" class=\"ods-c-image__img ods-c-image__img--placeholder\"\/>     4\/27   <\/p>\n<p>PAP\/EPA\/NINA PROMMER<\/p>\n<p>           Rose Byrne    <img src=\"https:\/\/cdn.plejada.pl\/1\/Fb-k9lGaHR0cHM6Ly9vY2RuLmV1L3B1bHNjbXMvTURBXy82MmM4MzhlMS04OTcyLTQzMDItYjg1NS0yY2Y2NWU0MTNiMjUuanBlZ5GVAs0CFc0DIMLD3gACoTAHoTEE\" height=\"529\" width=\"940\" alt=\"Rose Byrne\" loading=\"lazy\" decoding=\"async\" class=\"ods-c-image__img ods-c-image__img--placeholder\"\/>     5\/27   <\/p>\n<p>PAP\/EPA\/NINA PROMMER<\/p>\n<p>        Jackie Sandler i Adam Sandler     <img src=\"https:\/\/cdn.plejada.pl\/1\/gd3k9lGaHR0cHM6Ly9vY2RuLmV1L3B1bHNjbXMvTURBXy9hZDFmNWQzOS1lMmU4LTRmMzUtYWYxYi1iMTJjZDljNGMyYmUuanBlZ5GVAs0HWADCw94AAqEwB6ExBA\" height=\"627\" width=\"940\" alt=\"Jackie Sandler i Adam Sandler \" loading=\"lazy\" decoding=\"async\" class=\"ods-c-image__img ods-c-image__img--placeholder\"\/>     6\/27   <\/p>\n<p>PAP\/EPA\/NINA PROMMER<\/p>\n<p>           Elle Fanning    <img src=\"https:\/\/cdn.plejada.pl\/1\/xI5k9lGaHR0cHM6Ly9vY2RuLmV1L3B1bHNjbXMvTURBXy9hNzZhZmJjNi01NTFlLTRkMjQtYTQ3Zi02ZGZmMGU3NjY3MjIuanBlZ5GVAs0CFc0DIMLD3gACoTAHoTEE\" height=\"529\" width=\"940\" alt=\"Elle Fanning\" loading=\"lazy\" decoding=\"async\" class=\"ods-c-image__img ods-c-image__img--placeholder\"\/>     7\/27   <\/p>\n<p>PAP\/EPA\/NINA PROMMER<\/p>\n<p>        Jacob Elordi    <img src=\"https:\/\/cdn.plejada.pl\/1\/vGuk9lGaHR0cHM6Ly9vY2RuLmV1L3B1bHNjbXMvTURBXy9iMjM5YTQ2My1kZDYzLTRiMjEtODVhYS0wNzMzYjEzMDM2ZjMuanBlZ5GVAs0HWADCw94AAqEwB6ExBA\" height=\"627\" width=\"940\" alt=\"Jacob Elordi\" loading=\"lazy\" decoding=\"async\" class=\"ods-c-image__img ods-c-image__img--placeholder\"\/>     8\/27   <\/p>\n<p>PAP\/EPA\/NINA PROMMER<\/p>\n<p>           Amanda Seyfried    <img src=\"https:\/\/cdn.plejada.pl\/1\/Impk9lGaHR0cHM6Ly9vY2RuLmV1L3B1bHNjbXMvTURBXy8wMjVmNzFkNi03NzVlLTQxNzktOTBhMC1iOGYxY2NhODA2MGMuanBlZ5GVAs0HWADCw94AAqEwB6ExBA\" height=\"627\" width=\"940\" alt=\"Amanda Seyfried\" loading=\"lazy\" decoding=\"async\" class=\"ods-c-image__img ods-c-image__img--placeholder\"\/>     9\/27   <\/p>\n<p>PAP\/EPA\/NINA PROMMER<\/p>\n<p>        Chlo\u00e9 Zhao, Jessie Buckley i Paul Mescal    <img src=\"https:\/\/cdn.plejada.pl\/1\/NSyk9lGaHR0cHM6Ly9vY2RuLmV1L3B1bHNjbXMvTURBXy9iZjNiNmFiMS1kNzIyLTQxYmYtYmQ5Ni1hZTMxYmVjMmQwMTEuanBlZ5GVAs0HWADCw94AAqEwB6ExBA\" height=\"627\" width=\"940\" alt=\"Chlo\u00e9 Zhao, Jessie Buckley i Paul Mescal\" loading=\"lazy\" decoding=\"async\" class=\"ods-c-image__img ods-c-image__img--placeholder\"\/>     10\/27   <\/p>\n<p>PAP\/EPA\/NINA PROMMER<\/p>\n<p>           Meghann Fahy    <img src=\"https:\/\/cdn.plejada.pl\/1\/j3Gk9lGaHR0cHM6Ly9vY2RuLmV1L3B1bHNjbXMvTURBXy9hOWU5ZDdiNS1mMTljLTRhN2ItYWI2Mi1iOGU5MjMwZjkxNDAuanBlZ5GVAs0CFc0DIMLD3gACoTAHoTEE\" height=\"529\" width=\"940\" alt=\"Meghann Fahy\" loading=\"lazy\" decoding=\"async\" class=\"ods-c-image__img ods-c-image__img--placeholder\"\/>     11\/27   <\/p>\n<p>PAP\/EPA\/NINA PROMMER<\/p>\n<p>        Stellan Skarsg\u00e5rd    <img src=\"https:\/\/cdn.plejada.pl\/1\/9x_k9lGaHR0cHM6Ly9vY2RuLmV1L3B1bHNjbXMvTURBXy9iYzNkZjMzNS01Y2Q0LTRkOWUtOTRiYS04MGQ4ZjU1MmM2NzEuanBlZ5GVAs0CFc0DIMLD3gACoTAHoTEE\" height=\"529\" width=\"940\" alt=\"Stellan Skarsg\u00e5rd\" loading=\"lazy\" decoding=\"async\" class=\"ods-c-image__img ods-c-image__img--placeholder\"\/>     12\/27   <\/p>\n<p>PAP\/EPA\/NINA PROMMER<\/p>\n<p>           Laura Dern    <img src=\"https:\/\/cdn.plejada.pl\/1\/xe9k9lGaHR0cHM6Ly9vY2RuLmV1L3B1bHNjbXMvTURBXy9hYTg4YzM0OS1jYWZmLTQxNTUtYTkxOC0wZjEyNGI5YmIzMGUuanBlZ5GVAs0HWADCw94AAqEwB6ExBA\" height=\"627\" width=\"940\" alt=\"Laura Dern\" loading=\"lazy\" decoding=\"async\" class=\"ods-c-image__img ods-c-image__img--placeholder\"\/>     13\/27   <\/p>\n<p>PAP\/EPA\/NINA PROMMER<\/p>\n<p>        Coleman Domingo    <img src=\"https:\/\/cdn.plejada.pl\/1\/xWvk9lGaHR0cHM6Ly9vY2RuLmV1L3B1bHNjbXMvTURBXy8wOTdkNzc3Yy0yYjZkLTRhZDEtYmYwZi0wNGY3M2E4OGNhZTEuanBlZ5GVAs0CFc0DIMLD3gACoTAHoTEE\" height=\"529\" width=\"940\" alt=\"Coleman Domingo\" loading=\"lazy\" decoding=\"async\" class=\"ods-c-image__img ods-c-image__img--placeholder\"\/>     14\/27   <\/p>\n<p>PAP\/EPA\/NINA PROMMER<\/p>\n<p>           Mia Goth    <img src=\"https:\/\/cdn.plejada.pl\/1\/x_uk9lGaHR0cHM6Ly9vY2RuLmV1L3B1bHNjbXMvTURBXy9hMWQ5Yjk0OS1jMmFlLTRhMzMtYTc2My03NDJhMzE0ZThhNWUuanBlZ5GVAs0CFc0DIMLD3gACoTAHoTEE\" height=\"529\" width=\"940\" alt=\"Mia Goth\" loading=\"lazy\" decoding=\"async\" class=\"ods-c-image__img ods-c-image__img--placeholder\"\/>     15\/27   <\/p>\n<p>PAP\/EPA\/NINA PROMMER<\/p>\n<p>        Paul Mescal    <img src=\"https:\/\/cdn.plejada.pl\/1\/wedk9lGaHR0cHM6Ly9vY2RuLmV1L3B1bHNjbXMvTURBXy9jZjY5MWIwYi1iNzM0LTQ3MTItOWQ3ZS02ZGU4OTNhOTYyNWUuanBlZ5GVAs0HWADCw94AAqEwB6ExBA\" height=\"627\" width=\"940\" alt=\"Paul Mescal\" loading=\"lazy\" decoding=\"async\" class=\"ods-c-image__img ods-c-image__img--placeholder\"\/>     16\/27   <\/p>\n<p>PAP\/EPA\/NINA PROMMER<\/p>\n<p>           Teyana Taylor    <img src=\"https:\/\/cdn.plejada.pl\/1\/WjAk9lGaHR0cHM6Ly9vY2RuLmV1L3B1bHNjbXMvTURBXy85Nzc0NGQxNS05MDA2LTRlOWEtOWE5NC01NWQ5NjYxMjYyMDguanBlZ5GVAs0HWADCw94AAqEwB6ExBA\" height=\"627\" width=\"940\" alt=\"Teyana Taylor\" loading=\"lazy\" decoding=\"async\" class=\"ods-c-image__img ods-c-image__img--placeholder\"\/>     17\/27   <\/p>\n<p>PAP\/EPA\/NINA PROMMER<\/p>\n<p>        Ethan Hawke    <img src=\"https:\/\/cdn.plejada.pl\/1\/m_Ik9lGaHR0cHM6Ly9vY2RuLmV1L3B1bHNjbXMvTURBXy9jZDYxZjRlZi02YjBiLTQ0NWEtOGUxNS0wNDU0MWUyODAwNzkuanBlZ5GVAs0CFc0DIMLD3gACoTAHoTEE\" height=\"529\" width=\"940\" alt=\"Ethan Hawke\" loading=\"lazy\" decoding=\"async\" class=\"ods-c-image__img ods-c-image__img--placeholder\"\/>     18\/27   <\/p>\n<p>PAP\/EPA\/NINA PROMMER<\/p>\n<p>           Mona Fastvold    <img src=\"https:\/\/cdn.plejada.pl\/1\/07Bk9lGaHR0cHM6Ly9vY2RuLmV1L3B1bHNjbXMvTURBXy83ZmE1M2E4ZC0yYjUzLTRmMDUtYmY1OS1kY2FkMDE0YjBmMzEuanBlZ5GVAs0HWADCw94AAqEwB6ExBA\" height=\"627\" width=\"940\" alt=\"Mona Fastvold\" loading=\"lazy\" decoding=\"async\" class=\"ods-c-image__img ods-c-image__img--placeholder\"\/>     19\/27   <\/p>\n<p>PAP\/EPA\/NINA PROMMER<\/p>\n<p>        Mahershala Ali    <img src=\"https:\/\/cdn.plejada.pl\/1\/acXk9lGaHR0cHM6Ly9vY2RuLmV1L3B1bHNjbXMvTURBXy80ZDIwYjE1ZC0zNTNhLTQ5ZTgtYWM2My03Y2MzODk5ZDkyNjIuanBlZ5GVAs0CFc0DIMLD3gACoTAHoTEE\" height=\"529\" width=\"940\" alt=\"Mahershala Ali\" loading=\"lazy\" decoding=\"async\" class=\"ods-c-image__img ods-c-image__img--placeholder\"\/>     20\/27   <\/p>\n<p>PAP\/EPA\/NINA PROMMER<\/p>\n<p>           Josh Safdie    <img src=\"https:\/\/cdn.plejada.pl\/1\/04uk9lGaHR0cHM6Ly9vY2RuLmV1L3B1bHNjbXMvTURBXy9mMjcxNGM0Yy1jOGQ2LTQ5YjItYTlhYS01MzFjMDNjMDIwMGIuanBlZ5GVAs0HWADCw94AAqEwB6ExBA\" height=\"752\" width=\"940\" alt=\"Josh Safdie\" loading=\"lazy\" decoding=\"async\" class=\"ods-c-image__img ods-c-image__img--placeholder\"\/>     21\/27   <\/p>\n<p>PAP\/EPA\/NINA PROMMER<\/p>\n<p>        Inga Ibsdotter Lilleaas    <img src=\"https:\/\/cdn.plejada.pl\/1\/4xrk9lGaHR0cHM6Ly9vY2RuLmV1L3B1bHNjbXMvTURBXy80NzUxOTYwMC03OTM4LTRlNzctYThjYS1mMDNjZWY2OGNkNmYuanBlZ5GVAs0HWADCw94AAqEwB6ExBA\" height=\"627\" width=\"940\" alt=\"Inga Ibsdotter Lilleaas\" loading=\"lazy\" decoding=\"async\" class=\"ods-c-image__img ods-c-image__img--placeholder\"\/>     22\/27   <\/p>\n<p>PAP\/EPA\/NINA PROMMER<\/p>\n<p>           Esther Anaya    <img src=\"https:\/\/cdn.plejada.pl\/1\/MnXk9lGaHR0cHM6Ly9vY2RuLmV1L3B1bHNjbXMvTURBXy9hOGI0ZDBlZC1iZDA1LTRlYzctODE0NC03YjU5NDliYjM0NGEuanBlZ5GVAs0CFc0DIMLD3gACoTAHoTEE\" height=\"529\" width=\"940\" alt=\"Esther Anaya\" loading=\"lazy\" decoding=\"async\" class=\"ods-c-image__img ods-c-image__img--placeholder\"\/>     23\/27   <\/p>\n<p>PAP\/EPA\/NINA PROMMER<\/p>\n<p>        Chlo\u00e9 Zhao    <img src=\"https:\/\/cdn.plejada.pl\/1\/9UPk9lGaHR0cHM6Ly9vY2RuLmV1L3B1bHNjbXMvTURBXy9mZGIzNDA2Ny0xYjQxLTQwNTQtYThjNi1jOWRmM2JkYmMyMTYuanBlZ5GVAs0CFc0DIMLD3gACoTAHoTEE\" height=\"529\" width=\"940\" alt=\"Chlo\u00e9 Zhao\" loading=\"lazy\" decoding=\"async\" class=\"ods-c-image__img ods-c-image__img--placeholder\"\/>     24\/27   <\/p>\n<p>PAP\/EPA\/NINA PROMMER<\/p>\n<p>           Beverly Johnson    <img src=\"https:\/\/cdn.plejada.pl\/1\/FJTk9lGaHR0cHM6Ly9vY2RuLmV1L3B1bHNjbXMvTURBXy9hMzg3ZDA0Ny01M2RjLTQ0MmItODAxMS1jNTBmNjk4ZDA4M2EuanBlZ5GVAs0CFc0DIMLD3gACoTAHoTEE\" height=\"529\" width=\"940\" alt=\"Beverly Johnson\" loading=\"lazy\" decoding=\"async\" class=\"ods-c-image__img ods-c-image__img--placeholder\"\/>     25\/27   <\/p>\n<p>PAP\/EPA\/NINA PROMMER<\/p>\n<p>        Chase Infiniti    <img src=\"https:\/\/cdn.plejada.pl\/1\/21Dk9lGaHR0cHM6Ly9vY2RuLmV1L3B1bHNjbXMvTURBXy80ODY2Zjc2Ni01ZmY4LTRmYzEtOTI5ZC00MDgyYWU4ZjMxMTkuanBlZ5GVAs0CFc0DIMLD3gACoTAHoTEE\" height=\"529\" width=\"940\" alt=\"Chase Infiniti\" loading=\"lazy\" decoding=\"async\" class=\"ods-c-image__img ods-c-image__img--placeholder\"\/>     26\/27   <\/p>\n<p>PAP\/EPA\/NINA PROMMER<\/p>\n<p>           Renate Reinsve    <img src=\"https:\/\/cdn.plejada.pl\/1\/dlJk9lGaHR0cHM6Ly9vY2RuLmV1L3B1bHNjbXMvTURBXy81ZGRhMDRhOS1jODQ3LTRiYTEtODhkMC1hZGFmY2Y0YzBjNjQuanBlZ5GVAs0CFc0DIMLD3gACoTAHoTEE\" height=\"529\" width=\"940\" alt=\"Renate Reinsve\" loading=\"lazy\" decoding=\"async\" class=\"ods-c-image__img ods-c-image__img--placeholder\"\/>     27\/27   <\/p>\n<p>PAP\/EPA\/NINA PROMMER<\/p>\n<p>Dzi\u0119kujemy, \u017ce przeczyta\u0142a\u015b\/e\u015b nasz artyku\u0142 do ko\u0144ca. W serwisie Plejada.pl ka\u017cdego dnia piszemy o najwa\u017cniejszych wydarzeniach show-biznesowych. B\u0105d\u017a na bie\u017c\u0105co i obserwuj Plejad\u0119 w <a href=\"http:\/\/news.google.com\/publications\/CAAiEF0PeAlb7W1llpV_mwV2rL4qFAgKIhBdD3gJW-1tZZaVf5sFdqy-?hl=pl&amp;gl=PL&amp;ceid=PL%3Apl\" rel=\"nofollow noopener\" target=\"_blank\">Wiadomo\u015bciach Google<\/a>. Odwied\u017a nas tak\u017ce na <a href=\"http:\/\/facebook.com\/plejadapl\" rel=\"nofollow noopener\" target=\"_blank\">Facebooku<\/a> , <a href=\"http:\/\/instagram.com\/plejadapl\/\" rel=\"nofollow noopener\" target=\"_blank\">Instagramie<\/a>, <a href=\"http:\/\/youtube.com\/c\/plejada\" rel=\"nofollow noopener\" target=\"_blank\">YouTubie<\/a> i <a href=\"http:\/\/tiktok.com\/@plejada_pl\" rel=\"nofollow noopener\" target=\"_blank\">TikToku<\/a>. <\/p>\n<p>Chcesz podzieli\u0107 si\u0119 ciekawym newsem lub zaproponowa\u0107 temat? Skontaktuj si\u0119 z nami, pisz\u0105c maila na adres: plejada@redakcjaonet.pl.<\/p>\n<p>  <script async src=\"\/\/www.instagram.com\/embed.js\"><\/script><script async src=\"\/\/www.tiktok.com\/embed.js\"><\/script><\/p>\n","protected":false},"excerpt":{"rendered":"Palm Springs Convention Center ponownie sta\u0142o si\u0119 centrum \u015bwiatowego kina. Palm Springs Film Festival, kt\u00f3ry rozpocz\u0105\u0142 si\u0119 2&hellip;\n","protected":false},"author":2,"featured_media":187512,"comment_status":"","ping_status":"","sticky":false,"template":"","format":"standard","meta":{"footnotes":""},"categories":[22],"tags":[122,36668,33628,36670,27268,48,125,46,36699,36648,36672,42,38,40,39,41,36700,123,47],"class_list":{"0":"post-187511","1":"post","2":"type-post","3":"status-publish","4":"format-standard","5":"has-post-thumbnail","7":"category-rozrywka","8":"tag-entertainment","9":"tag-jacob_elordi","10":"tag-kate_hudson","11":"tag-mia_goth","12":"tag-miley_cyrus","13":"tag-nat_styl","14":"tag-newsy","15":"tag-omp","16":"tag-oscar_isaac","17":"tag-palm_springs","18":"tag-paul_mescal","19":"tag-pl","20":"tag-poland","21":"tag-polish","22":"tag-polska","23":"tag-polski","24":"tag-rose_byrne","25":"tag-rozrywka","26":"tag-screening_general"},"share_on_mastodon":{"url":"https:\/\/pubeurope.com\/@pl\/115839373666072631","error":""},"_links":{"self":[{"href":"https:\/\/www.europesays.com\/pl\/wp-json\/wp\/v2\/posts\/187511","targetHints":{"allow":["GET"]}}],"collection":[{"href":"https:\/\/www.europesays.com\/pl\/wp-json\/wp\/v2\/posts"}],"about":[{"href":"https:\/\/www.europesays.com\/pl\/wp-json\/wp\/v2\/types\/post"}],"author":[{"embeddable":true,"href":"https:\/\/www.europesays.com\/pl\/wp-json\/wp\/v2\/users\/2"}],"replies":[{"embeddable":true,"href":"https:\/\/www.europesays.com\/pl\/wp-json\/wp\/v2\/comments?post=187511"}],"version-history":[{"count":0,"href":"https:\/\/www.europesays.com\/pl\/wp-json\/wp\/v2\/posts\/187511\/revisions"}],"wp:featuredmedia":[{"embeddable":true,"href":"https:\/\/www.europesays.com\/pl\/wp-json\/wp\/v2\/media\/187512"}],"wp:attachment":[{"href":"https:\/\/www.europesays.com\/pl\/wp-json\/wp\/v2\/media?parent=187511"}],"wp:term":[{"taxonomy":"category","embeddable":true,"href":"https:\/\/www.europesays.com\/pl\/wp-json\/wp\/v2\/categories?post=187511"},{"taxonomy":"post_tag","embeddable":true,"href":"https:\/\/www.europesays.com\/pl\/wp-json\/wp\/v2\/tags?post=187511"}],"curies":[{"name":"wp","href":"https:\/\/api.w.org\/{rel}","templated":true}]}}