{"id":187588,"date":"2026-01-05T01:12:08","date_gmt":"2026-01-05T01:12:08","guid":{"rendered":"https:\/\/www.europesays.com\/pl\/187588\/"},"modified":"2026-01-05T01:12:08","modified_gmt":"2026-01-05T01:12:08","slug":"piotr-zielinski-blyszczy-w-serie-a-polak-rozpoczal-show-interu-mediolan","status":"publish","type":"post","link":"https:\/\/www.europesays.com\/pl\/187588\/","title":{"rendered":"Piotr Zieli\u0144ski b\u0142yszczy w Serie A. Polak rozpocz\u0105\u0142 show Interu Mediolan"},"content":{"rendered":"\n<p class=\"contentpart contentpart--default contentpart--text\" data-position=\"0\">Na koniec kolejki w lidze <a href=\"https:\/\/sportowefakty.wp.pl\/wlochy\" rel=\"nofollow noopener\" target=\"_blank\">w\u0142oskiej<\/a>\u00a0dosz\u0142o do spotkania pucharowicz\u00f3w. Lider\u00a0<a href=\"https:\/\/sportowefakty.wp.pl\/pilka-nozna\/inter-mediolan\" rel=\"nofollow noopener\" target=\"_blank\">Inter Mediolan<\/a>\u00a0przed\u0142u\u017cy\u0142 seri\u0119 wygranych w <a href=\"https:\/\/sportowefakty.wp.pl\/pilka-nozna\/serie-a\" rel=\"nofollow noopener\" target=\"_blank\">Serie A<\/a>\u00a0i jednocze\u015bnie odegra\u0142 si\u0119 za niedawn\u0105 pora\u017ck\u0119 z <a href=\"https:\/\/sportowefakty.wp.pl\/pilka-nozna\/bologna-fc\" rel=\"nofollow noopener\" target=\"_blank\">Bologn\u0105<\/a>\u00a0w p\u00f3\u0142finale <a href=\"https:\/\/sportowefakty.wp.pl\/pilka-nozna\/superpuchar-wloch\" rel=\"nofollow noopener\" target=\"_blank\">Superpucharu W\u0142och<\/a>.<\/p>\n<p class=\"contentpart contentpart--default contentpart--text\" data-position=\"1\">W podstawowym sk\u0142adzie Interu zagra\u0142 <a href=\"https:\/\/sportowefakty.wp.pl\/pilka-nozna\/piotr-zielinski\" rel=\"nofollow noopener\" target=\"_blank\">Piotr Zieli\u0144ski<\/a>, kt\u00f3rego notowania w zespole <a href=\"https:\/\/sportowefakty.wp.pl\/pilka-nozna\/cristian-chivu\" rel=\"nofollow noopener\" target=\"_blank\">Cristiana Chivu<\/a>\u00a0podnios\u0142y si\u0119 w ko\u0144c\u00f3wce poprzedniego roku. <a href=\"https:\/\/sportowefakty.wp.pl\/polska\" rel=\"nofollow noopener\" target=\"_blank\">Polak<\/a>\u00a0wygrywa rywalizacj\u0119 o gr\u0119 w jedenastce mi\u0119dzy innymi z <a href=\"https:\/\/sportowefakty.wp.pl\/pilka-nozna\/henrich-mchitarjan\" rel=\"nofollow noopener\" target=\"_blank\">Henrichem Mchitarjanem<\/a>\u00a0oraz Petarem Suciciem. Zieli\u0144ski wyszed\u0142 w \u015brodku pola z <a href=\"https:\/\/sportowefakty.wp.pl\/pilka-nozna\/hakan-calhanoglu\" rel=\"nofollow noopener\" target=\"_blank\">Hakanem Calhanoglu<\/a>\u00a0i <a href=\"https:\/\/sportowefakty.wp.pl\/pilka-nozna\/nicolo-barella\" rel=\"nofollow noopener\" target=\"_blank\">Nicolo Barell\u0105<\/a>, a na murawie by\u0142 przez pe\u0142ne 90 minut.<\/p>\n<p> <img role=\"presentation\" src=\"https:\/\/std.wpcdn.pl\/images\/adv\/placeholder_wp.svg\" loading=\"lazy\" alt=\"\" decoding=\"async\"\/>  <\/p>\n<p class=\"contentpart contentpart--default contentpart--text\" data-position=\"2\">W 39. minucie Piotr Zieli\u0144ski znalaz\u0142 si\u0119 na pierwszym planie i strzeli\u0142 gola na 1:0 dla Interu. Akcja bramkowa mia\u0142a tak\u017ce innego bohatera, kt\u00f3rym by\u0142 Lautaro Martinez. Poradzi\u0142 on sobie z grupk\u0105 przeciwnik\u00f3w i doprowadzi\u0142 pi\u0142k\u0119 do skraju pola karnego. Po podaniu\u00a0<a href=\"https:\/\/sportowefakty.wp.pl\/argentyna\" rel=\"nofollow noopener\" target=\"_blank\">Argenty\u0144czyka<\/a>\u00a0mocne uderzenie Piotra Zieli\u0144skiego z linii pola karnego zdecydowa\u0142o o otwarciu wyniku.<\/p>\n<p class=\"contentpart contentpart--default contentpart--text\" data-position=\"3\">ZOBACZ WIDEO: #dziejesiewsporcie: Gol z po\u0142owy boiska. Mo\u017cna ogl\u0105da\u0107 i ogl\u0105da\u0107<\/p>\n<p class=\"contentpart contentpart--default contentpart--text\" data-position=\"5\">Dwa gole i jedna asysta sprawiaj\u0105, \u017ce Piotr Zieli\u0144ski dogoni\u0142 w klasyfikacji kanadyjskiej <a href=\"https:\/\/sportowefakty.wp.pl\/pilka-nozna\/serie-a\" rel=\"nofollow noopener\" target=\"_blank\">Serie A<\/a>\u00a0dot\u0105d najlepszych rodak\u00f3w <a href=\"https:\/\/sportowefakty.wp.pl\/pilka-nozna\/adrian-benedyczak\" rel=\"nofollow noopener\" target=\"_blank\">Adriana Benedyczaka<\/a>\u00a0z <a href=\"https:\/\/sportowefakty.wp.pl\/pilka-nozna\/parma-calcio-1913\" rel=\"nofollow noopener\" target=\"_blank\">Parmy<\/a>\u00a0i <a href=\"https:\/\/sportowefakty.wp.pl\/nicola-zalewski\" rel=\"nofollow noopener\" target=\"_blank\">Nicol\u0119 Zalewskiego<\/a>\u00a0z <a href=\"https:\/\/sportowefakty.wp.pl\/pilka-nozna\/atalanta-bergamo\" rel=\"nofollow noopener\" target=\"_blank\">Atalanty<\/a>. Poprzednio pomocnik Interu cieszy\u0142 si\u0119 zdobyciem bramki w wyjazdowym spotkaniu z <a href=\"https:\/\/sportowefakty.wp.pl\/pilka-nozna\/hellas-werona\" rel=\"nofollow noopener\" target=\"_blank\">Hellasem Werona<\/a>.<\/p>\n<p class=\"contentpart contentpart--default contentpart--text\" data-position=\"6\">Ca\u0142kiem efektowne trafienie Piotra Zieli\u0144skiego by\u0142o jedynym w pierwszej po\u0142owie meczu. Rozpocz\u0119\u0142o ona show Interu, kt\u00f3ry zatrzyma\u0142 si\u0119 dopiero po dw\u00f3ch kolejnych golach.<\/p>\n<p> <img role=\"presentation\" src=\"https:\/\/std.wpcdn.pl\/images\/adv\/placeholder_wp.svg\" loading=\"lazy\" alt=\"\" decoding=\"async\"\/>  <\/p>\n<p class=\"contentpart contentpart--default contentpart--text\" data-position=\"7\">W 48. minucie Lautaro Martinez do\u0142o\u017cy\u0142 bramk\u0119 do asysty i podni\u00f3s\u0142 wynik na 2:0. Po dograniu Hakana Calhanoglu z rzutu ro\u017cnego Lautaro umocni\u0142 si\u0119 na pierwszym miejscu w klasyfikacji strzelc\u00f3w ligi dzi\u0119ki 10. golowi. W 74. minucie jego partner z ataku <a href=\"https:\/\/sportowefakty.wp.pl\/pilka-nozna\/marcus-thuram\" rel=\"nofollow noopener\" target=\"_blank\">Marcus Thuram<\/a>\u00a0strzeli\u0142 na 3:0, czym pozbawi\u0142 nadziei Bologn\u0119.<\/p>\n<p class=\"contentpart contentpart--default contentpart--text\" data-position=\"8\">Go\u015bcie trafili rozlu\u017anionego przeciwnika dopiero w 83. minucie, a gol na 1:3 Santiago Castro pozwoli\u0142 przypudrowa\u0107 wynik. Napastnik wykorzysta\u0142 dogranie Charalamposa Lykogiannisa z rzutu wolnego, oddali\u0142 si\u0119 od obro\u0144c\u00f3w Interu i pokona\u0142 jako pierwszy i ostatni Yanna Sommera.<\/p>\n<p class=\"contentpart contentpart--default contentpart--text\" data-position=\"9\">Poza kadr\u0105 Bologni pozostaje <a href=\"https:\/\/sportowefakty.wp.pl\/pilka-nozna\/lukasz-skorupski\" rel=\"nofollow noopener\" target=\"_blank\">\u0141ukasz Skorupski<\/a>, kt\u00f3rego absencja, spowodowana kontuzj\u0105, ma potrwa\u0107 jeszcze przez dwie kolejki <a href=\"https:\/\/sportowefakty.wp.pl\/pilka-nozna\/serie-a\" rel=\"nofollow noopener\" target=\"_blank\">Serie A<\/a>.<\/p>\n<p class=\"contentpart contentpart--default contentpart--text\" data-position=\"10\">Nast\u0119pnym przeciwnikiem Interu b\u0119dzie Parma, czyli poprzednia dru\u017cyna prowadzona przez jego trenera Christiana Chivu. W \u015brodku tygodnia tak\u017ce Bologna b\u0119dzie odrabia\u0107 zaleg\u0142o\u015b\u0107 spowodowan\u0105 wylotem na Superpuchar W\u0142och. Przeciwnikiem Rossoblu b\u0119dzie Atalanta.<\/p>\n<p> <img role=\"presentation\" src=\"https:\/\/std.wpcdn.pl\/images\/adv\/placeholder_wp.svg\" loading=\"lazy\" alt=\"\" decoding=\"async\"\/>  <\/p>\n<p class=\"contentpart contentpart--default contentpart--text\" data-position=\"11\"><a href=\"https:\/\/sportowefakty.wp.pl\/pilka-nozna\/inter-mediolan\" rel=\"nofollow noopener\" target=\"_blank\">Inter Mediolan<\/a> &#8211; <a href=\"https:\/\/sportowefakty.wp.pl\/pilka-nozna\/bologna-fc\" rel=\"nofollow noopener\" target=\"_blank\">Bologna FC<\/a>\u00a03:1 (1:0)<br \/>1:0 &#8211; Piotr Zieli\u0144ski 39&#8242;<br \/>2:0 &#8211; Lautaro Martinez 48&#8242;<br \/>3:0 &#8211; Marcus Thuram 74&#8242;<br \/>3:1 &#8211; Santiago Castro 83&#8242;<\/p>\n<p class=\"contentpart contentpart--default contentpart--text\" data-position=\"12\">Sk\u0142ady:<\/p>\n<p class=\"contentpart contentpart--default contentpart--text\" data-position=\"13\">Inter: Yann Sommer &#8211; Yann Aurel Bisseck, Manuel Akanji, Alessandro Bastoni (75&#8242; Francesco Pio Esposito) &#8211; Luis Henrique, Nicolo Barella (67&#8242; Henrich Mchitarjan), Hakan Calhanoglu (67&#8242; Petar Suci\u0107), Piotr Zieli\u0144ski, Federico Dimarco &#8211; Lautaro Martinez (75&#8242; Carlos Augusto), Marcus Thuram (82&#8242;\u00a0Matteo Lavelli)<\/p>\n<p class=\"contentpart contentpart--default contentpart--text\" data-position=\"14\">Bologna: Federico Ravaglia &#8211; Emil Holm (69&#8242; Nadir Zortea), Torbjorn Heggem, Jhon Lucumi (46&#8242; Martin Vitik), Charalampos Lykogiannis &#8211; Nicola Moro (46&#8242; Tommaso Pobega), Lewis Ferguson &#8211; Nicolo Cambiaghi (68&#8242; Riccardo Orsolini), Jens Odgaard (79&#8242; Remo Freuler), Jonathan Rowe &#8211; Santiago Castro<\/p>\n<p> <img role=\"presentation\" src=\"https:\/\/std.wpcdn.pl\/images\/adv\/placeholder_wp.svg\" loading=\"lazy\" alt=\"\" decoding=\"async\"\/>  <\/p>\n<p class=\"contentpart contentpart--default contentpart--text\" data-position=\"15\">\u017b\u00f3\u0142te kartki: Calhanoglu, Bastoni, Barella (Inter) oraz Vitik, Castro, Lykogiannis (Bologna)<\/p>\n<p class=\"contentpart contentpart--default contentpart--text\" data-position=\"16\">S\u0119dzia: Marco Guida<\/p>\n<p class=\"contentpart contentpart--default contentpart--text\" data-position=\"17\">Tabela <a href=\"https:\/\/sportowefakty.wp.pl\/pilka-nozna\/serie-a\" rel=\"nofollow noopener\" target=\"_blank\">Serie A<\/a>:<\/p>\n","protected":false},"excerpt":{"rendered":"Na koniec kolejki w lidze w\u0142oskiej\u00a0dosz\u0142o do spotkania pucharowicz\u00f3w. Lider\u00a0Inter Mediolan\u00a0przed\u0142u\u017cy\u0142 seri\u0119 wygranych w Serie A\u00a0i jednocze\u015bnie odegra\u0142&hellip;\n","protected":false},"author":2,"featured_media":187589,"comment_status":"","ping_status":"","sticky":false,"template":"","format":"standard","meta":{"footnotes":""},"categories":[24],"tags":[5776,6585,2646,269,2821,278,6587,42,901,38,40,39,41,3539,127,126,7609,898],"class_list":{"0":"post-187588","1":"post","2":"type-post","3":"status-publish","4":"format-standard","5":"has-post-thumbnail","7":"category-sport","8":"tag-bologna-fc","9":"tag-inter-mediolan","10":"tag-mediolan","11":"tag-pilka-nozna","12":"tag-pilka-nozna-we-wloszech","13":"tag-pilka-w-europie","14":"tag-piotr-zielinski","15":"tag-pl","16":"tag-polacy-za-granica","17":"tag-poland","18":"tag-polish","19":"tag-polska","20":"tag-polski","21":"tag-serie-a","22":"tag-sport","23":"tag-sports","24":"tag-stadio-giuseppe-meazza-san-siro-w-mediolanie","25":"tag-wlochy"},"share_on_mastodon":{"url":"https:\/\/pubeurope.com\/@pl\/115839837386841206","error":""},"_links":{"self":[{"href":"https:\/\/www.europesays.com\/pl\/wp-json\/wp\/v2\/posts\/187588","targetHints":{"allow":["GET"]}}],"collection":[{"href":"https:\/\/www.europesays.com\/pl\/wp-json\/wp\/v2\/posts"}],"about":[{"href":"https:\/\/www.europesays.com\/pl\/wp-json\/wp\/v2\/types\/post"}],"author":[{"embeddable":true,"href":"https:\/\/www.europesays.com\/pl\/wp-json\/wp\/v2\/users\/2"}],"replies":[{"embeddable":true,"href":"https:\/\/www.europesays.com\/pl\/wp-json\/wp\/v2\/comments?post=187588"}],"version-history":[{"count":0,"href":"https:\/\/www.europesays.com\/pl\/wp-json\/wp\/v2\/posts\/187588\/revisions"}],"wp:featuredmedia":[{"embeddable":true,"href":"https:\/\/www.europesays.com\/pl\/wp-json\/wp\/v2\/media\/187589"}],"wp:attachment":[{"href":"https:\/\/www.europesays.com\/pl\/wp-json\/wp\/v2\/media?parent=187588"}],"wp:term":[{"taxonomy":"category","embeddable":true,"href":"https:\/\/www.europesays.com\/pl\/wp-json\/wp\/v2\/categories?post=187588"},{"taxonomy":"post_tag","embeddable":true,"href":"https:\/\/www.europesays.com\/pl\/wp-json\/wp\/v2\/tags?post=187588"}],"curies":[{"name":"wp","href":"https:\/\/api.w.org\/{rel}","templated":true}]}}