{"id":187615,"date":"2026-01-05T04:35:07","date_gmt":"2026-01-05T04:35:07","guid":{"rendered":"https:\/\/www.europesays.com\/pl\/187615\/"},"modified":"2026-01-05T04:35:07","modified_gmt":"2026-01-05T04:35:07","slug":"o-ktorej-dzisiaj-mecz-eva-lys-iga-swiatek-gdzie-ogladac-transmisja-tv-przeglad-sportowy-onet","status":"publish","type":"post","link":"https:\/\/www.europesays.com\/pl\/187615\/","title":{"rendered":"O kt\u00f3rej dzisiaj mecz Eva Lys &#8211; Iga \u015awi\u0105tek? Gdzie ogl\u0105da\u0107? Transmisja TV &#8211; Przegl\u0105d Sportowy Onet"},"content":{"rendered":"<ol>\n<li><a href=\"https:\/\/news.google.com\/rss\/articles\/CBMitwFBVV95cUxPQUZSdFM0QzZmUVZHOFB0SUxqV0tNZUp0LWI2M0MxcVppSHoxaEwyNlNPNjMxTWNjTWpORGFUb2ZfVlVBN01VNkU4LW03T3FLTlRkQ2dGRERfU3JWSV85YUlKemlxV3pLWXhXRnZqdTRkaDNVTWRQaHdXTmFQOGNZR1p1ejZPS2hwMzRzN3g4eVZkcExOa082aEdVNnYyaXNkcHhDei0tUFB3YVhScFQ1R0V6TTFaVTg?oc=5\" target=\"_blank\" rel=\"nofollow noopener\">O kt\u00f3rej dzisiaj mecz Eva Lys &#8211; Iga \u015awi\u0105tek? Gdzie ogl\u0105da\u0107? Transmisja TV<\/a>&nbsp;&nbsp;Przegl\u0105d Sportowy Onet<\/li>\n<li><a href=\"https:\/\/news.google.com\/rss\/articles\/CBMisgFBVV95cUxOcDBidEkzTmpwMDZIYnhQcjd1MGNHbXJDWk5DMmNSTmVpRk9pX29zNGhlX2QwaEg2a19ZajBvN0pLTC1Demp3UVhGbmFicHFPZUtobmFSSkh4dWQ4NEFxZmJOZEZvTXVzZURDYzFFam42TXVFNGl4dUxqRDlUMFRDcnNxUEZCeVp1MnROcmpyWk5RT0JkMlhrcTYzTndMSjYwWG1hTEpwckZ0U1QzOGpuYWJR?oc=5\" target=\"_blank\" rel=\"nofollow noopener\">Specjalna uprz\u0105\u017c, dwie operacje i 208 dni. Tak wraca Hubert Hurkacz<\/a>&nbsp;&nbsp;Przegl\u0105d Sportowy Onet<\/li>\n<li><a href=\"https:\/\/news.google.com\/rss\/articles\/CBMisgFBVV95cUxNdU9jWnBvQkNlZ0JhOVVwOS15dEhadG1MX1gxd0tlLXhKNGJ5SkdwYWRJYjA1LS1ZeThTZjN4WER3TF9sSUUyaEtpdU1sZjlvaV9HVlNCRWFYWmFTVnY2eDB6V0tidGx1UHFHSlN0b0VxQkJlSUVFTEJEbjNMQVdhN0FZSS1Tc0llZW5ZMXJGUHEwTlI2WG5BSFdLQXkyXzJwa2ZQekViUldrU1l4T0llVWtR?oc=5\" target=\"_blank\" rel=\"nofollow noopener\">Komentator zobaczy\u0142, co wyprawia Lys w meczu ze \u015awi\u0105tek. 'Niegodne&#8217; Tenis<\/a>&nbsp;&nbsp;Sport.pl<\/li>\n<li><a href=\"https:\/\/news.google.com\/rss\/articles\/CBMirgFBVV95cUxQTlVjXy1hV1pDT0FzRktqU1I3Qmd0Q2dMazdySUxlQzR2dEVRYS0wQnU4OF9IZkZ2QjJGbmkxS2ptem1hcllLc2Y4Mk5FX0JWclVhQl9obFhPeHR0M0wweG8ydFFNTmdFZXcweWtNbXVDZGhnNDZqS3M5NHFVVGN1UTVzZkxZalNVcFFhbXVSUG9OUkRFUGhaLTFCLUJ6S05MS3ZucTJCMk1zX3hwNlHSAbMBQVVfeXFMTXdXc2x4c1Y5YV9nR1hEYlVzeUpMam5rYlp3YVBuMVBZUFN3M09oMklQeFJWLWtmMDZCVDkyU2tNTFhYNUVCMnVnemVXTGdxb3kwbVdDYmZXdTZmb2kyMFBjSjBvZW9BMm9zVDAxaTZtajREaDZnYU5qZDJONjhEekZlUExmMXl4UUpXZXBTaURMWEpoTjN3aFphcjZ3MExON1h4dDMtcXdFcjY2eVpaaXVvQTQ?oc=5\" target=\"_blank\" rel=\"nofollow noopener\">United Cup. Historia turnieju jest kr\u00f3tka, ale niezwykle emocjonuj\u0105ca dla Polak\u00f3w<\/a>&nbsp;&nbsp;sport.tvp.pl<\/li>\n<li><a href=\"https:\/\/news.google.com\/rss\/articles\/CBMikwFBVV95cUxQelZlS08ya0hkTHdJcEwwSGRDeGpyRGJGSC1rc1IzSDJrR2RrNXpkMGlBUG1JbVRoeGFKVThHVEx2WEdRSHVZV000QjhoM0N5SVkwVmViOVQ2QTBJM0d6bl82ZnY5X0V5VUR6enZVWFE5N2ZCRXZCV0xlQURGa2x0WXpDZDlLRUt1LVBFd1JpZ3hFU2c?oc=5\" target=\"_blank\" rel=\"nofollow noopener\">Niemka m\u00f3wi o meczu ze \u015awi\u0105tek. &#8222;Nowy rok, nowa ja&#8221;<\/a>&nbsp;&nbsp;SportoweFakty<\/li>\n<\/ol>\n","protected":false},"excerpt":{"rendered":"O kt\u00f3rej dzisiaj mecz Eva Lys &#8211; Iga \u015awi\u0105tek? Gdzie ogl\u0105da\u0107? Transmisja TV&nbsp;&nbsp;Przegl\u0105d Sportowy Onet Specjalna uprz\u0105\u017c, dwie&hellip;\n","protected":false},"author":2,"featured_media":187616,"comment_status":"","ping_status":"","sticky":false,"template":"","format":"standard","meta":{"footnotes":"","_share_on_mastodon":"0"},"categories":[24],"tags":[6654,252,42,38,40,39,41,136,128,47,127,135,126,156,13444,130],"class_list":["post-187615","post","type-post","status-publish","format-standard","has-post-thumbnail","category-sport","tag-eva_lys","tag-iga_swiatek","tag-pl","tag-poland","tag-polish","tag-polska","tag-polski","tag-ps_detal_new","tag-psv2","tag-screening_general","tag-sport","tag-sport_sport","tag-sports","tag-tenis","tag-united_cup","tag-wiadomosci_sportowe"],"share_on_mastodon":{"url":"https:\/\/pubeurope.com\/@pl\/115840635553290557","error":""},"_links":{"self":[{"href":"https:\/\/www.europesays.com\/pl\/wp-json\/wp\/v2\/posts\/187615","targetHints":{"allow":["GET"]}}],"collection":[{"href":"https:\/\/www.europesays.com\/pl\/wp-json\/wp\/v2\/posts"}],"about":[{"href":"https:\/\/www.europesays.com\/pl\/wp-json\/wp\/v2\/types\/post"}],"author":[{"embeddable":true,"href":"https:\/\/www.europesays.com\/pl\/wp-json\/wp\/v2\/users\/2"}],"replies":[{"embeddable":true,"href":"https:\/\/www.europesays.com\/pl\/wp-json\/wp\/v2\/comments?post=187615"}],"version-history":[{"count":0,"href":"https:\/\/www.europesays.com\/pl\/wp-json\/wp\/v2\/posts\/187615\/revisions"}],"wp:featuredmedia":[{"embeddable":true,"href":"https:\/\/www.europesays.com\/pl\/wp-json\/wp\/v2\/media\/187616"}],"wp:attachment":[{"href":"https:\/\/www.europesays.com\/pl\/wp-json\/wp\/v2\/media?parent=187615"}],"wp:term":[{"taxonomy":"category","embeddable":true,"href":"https:\/\/www.europesays.com\/pl\/wp-json\/wp\/v2\/categories?post=187615"},{"taxonomy":"post_tag","embeddable":true,"href":"https:\/\/www.europesays.com\/pl\/wp-json\/wp\/v2\/tags?post=187615"}],"curies":[{"name":"wp","href":"https:\/\/api.w.org\/{rel}","templated":true}]}}