{"id":187644,"date":"2026-01-05T05:10:07","date_gmt":"2026-01-05T05:10:07","guid":{"rendered":"https:\/\/www.europesays.com\/pl\/187644\/"},"modified":"2026-01-05T05:10:07","modified_gmt":"2026-01-05T05:10:07","slug":"liga-portugalska-pilkarze-fc-porto-przedluzyli-zwycieska-passe-kolejne-czyste-konto-polskiego-duetu-sport-tvp-pl","status":"publish","type":"post","link":"https:\/\/www.europesays.com\/pl\/187644\/","title":{"rendered":"Liga portugalska. Pi\u0142karze FC Porto przed\u0142u\u017cyli zwyci\u0119sk\u0105 pass\u0119. Kolejne czyste konto polskiego duetu &#8211; sport.tvp.pl"},"content":{"rendered":"<ol>\n<li><a href=\"https:\/\/news.google.com\/rss\/articles\/CBMisAFBVV95cUxNUzQ4VkNPcllBd2p5dS1aNkVJMmJHd3QwQ3VSN1M3clFIOVFndVFPam5HalRaNGZrSF9wWGtKaTE1YU1fa2lHWkRicHBYU1lxbHpVUS1QQ0VFcEZnLVRiT2lIcXdnYTVHNEVXNjhpWDU2TldMdXBRcTRuUk9TaXBRLWRJMkR6Q3g5T0I2NjVzejllUjNBWGRGMmpLN2lYMTYwNmxsUDd6Vnk2ZlFqX0owNdIBtgFBVV95cUxPUVQxa2s4SFlabFhVMC1iejl0NmxCSk1VQURTakpWdlJFalhMSnBySklQbjFEUEhKYVZvNTdiV1NWeWlTMTExdE1XTUtrSVltRjRmMzN4S2FOUTVzc0Nyb0N5ZVpvRzZjSmJraWxxaHB1R3c5SkktdTNLRTZzTWhPQkdXbGVzY2wzdkk3ZGN3RmM5bUhWLU1WdkZCWllBWkdqNkZUdUJmUUZ5ZW9vU1RDY3NyRWd5UQ?oc=5\" target=\"_blank\" rel=\"nofollow noopener\">Liga portugalska. Pi\u0142karze FC Porto przed\u0142u\u017cyli zwyci\u0119sk\u0105 pass\u0119. Kolejne czyste konto polskiego duetu<\/a>&nbsp;&nbsp;sport.tvp.pl<\/li>\n<li><a href=\"https:\/\/news.google.com\/rss\/articles\/CBMi1gFBVV95cUxOajdPTFdlaWE3TGJjbmJKajh4NTkxUmlkTzV5QjIzVHNMd2pGc3BfZ2VoWkFYUVItLUJJYkQtZW1wTkNPT05OR19PbUtYQnkxLVZYcTVKMlVoc3c0MWJQWEtma2ZCREx5Zm1EUEg2eW03TzlqYnJLa1Jza2lYUU5jdlV1eUNsS2YtblhyLTRWSnpsb3ZTUGJ5TWU0STZaNDVCV0xmeE8xLWR3VURMOGlhbkxxdGtIYUlxMGxNTXVScFpBVjQxUy1hX1B5WVRzOC14YWZwRzh3?oc=5\" target=\"_blank\" rel=\"nofollow noopener\">Nie do wiary! Dru\u017cyna Polak\u00f3w dosta\u0142a taki prezent. To nie mie\u015bci si\u0119 w g\u0142owie<\/a>&nbsp;&nbsp;Przegl\u0105d Sportowy Onet<\/li>\n<li><a href=\"https:\/\/news.google.com\/rss\/articles\/CBMirwFBVV95cUxNTVdBbEtyOGt0VWphOVVyTTl3TS1Zd1FmNUFDSDRBeXNRd00xOUttQXdPTFRHVjhpcEpJdDVRcTJ3Tl8tUS1BSVJhUmZxbkRfRFVlTDJMWUNHeGhpSElqaXhhTlpOZmZOWlVRek11MEJzUFdwYmVJQjM3ZzY0NmtZbERqYi1haFVwZ1JabGtLaHJVYUZwLVdvSGFzYW9KcVF1bldOcnZrMW1kYUVKRkdB?oc=5\" target=\"_blank\" rel=\"nofollow noopener\">Pi\u0142karskie jaja w meczu FC Porto. Tak poradzili sobie Bednarek i Kiwior<\/a>&nbsp;&nbsp;Sport.pl<\/li>\n<li><a href=\"https:\/\/news.google.com\/rss\/articles\/CBMitAFBVV95cUxQeTN0bGhfdS1vQW0wS1pZbE15a1dtVEc2bGkzWFVYMWFHSllVaXhzeTVKUTlpeVpsNHJpMFBKUWQzT3duR3R3R280dndNRHJrR2NVcjZ3UzA0QXhCck5pLXVfcnlteHRrRllRcDVqV2tCZ2hfT3BDRjlic0FPcFlMaXRVaktLQk0xaWR5REFWYjYySnBqd3pFOTBUNVp0eFFkV3NXcnlGNkdlZkE2MkZxMHVUbDg?oc=5\" target=\"_blank\" rel=\"nofollow noopener\">W Portugalii rozpisuj\u0105 si\u0119 o Bednarku i Kiwiorze. Wytkn\u0119li im jedno<\/a>&nbsp;&nbsp;SportoweFakty<\/li>\n<li><a href=\"https:\/\/news.google.com\/rss\/articles\/CBMitgFBVV95cUxOVVdRemhZTThhY1hoRWQxSTFkdVl6VlZaTmFpTlctQlU2TW5qVEc2a3c4czFON1JtQWltVFBRVnRwS0gyc2hnekRkQklQYzNSc2FKTk1PWXd2Vk4tTkpVNExqOHI2U1lSTjlCZ20wc2NQMWJfX0VpMFNyb09MQVVXTkFscTU1a05PQzBCNm9jODlPOHE2Q2VEV2NzU18tNnFaZ3dnd1VmTVowZWJPSHpvRUlaWjFPdw?oc=5\" target=\"_blank\" rel=\"nofollow noopener\">Koszmarny b\u0142\u0105d w meczu Bednarka i Kiwiora. Polacy na ustach Portugalczyk\u00f3w. Zwr\u00f3cono uwag\u0119 na jedn\u0105 rzecz<\/a>&nbsp;&nbsp;Sport w INTERIA.PL<\/li>\n<\/ol>\n","protected":false},"excerpt":{"rendered":"Liga portugalska. Pi\u0142karze FC Porto przed\u0142u\u017cyli zwyci\u0119sk\u0105 pass\u0119. Kolejne czyste konto polskiego duetu&nbsp;&nbsp;sport.tvp.pl Nie do wiary! Dru\u017cyna Polak\u00f3w&hellip;\n","protected":false},"author":2,"featured_media":187645,"comment_status":"","ping_status":"","sticky":false,"template":"","format":"standard","meta":{"footnotes":"","_share_on_mastodon":"0"},"categories":[24],"tags":[36731,5436,5438,5437,36729,42,38,40,39,41,36730,127,334,126],"class_list":["post-187644","post","type-post","status-publish","format-standard","has-post-thumbnail","category-sport","tag-cd-santa-clara","tag-fc-porto","tag-jakub-kiwior","tag-jan-bednarek","tag-liga-portugal","tag-pl","tag-poland","tag-polish","tag-polska","tag-polski","tag-samu-aghehowa","tag-sport","tag-sport-tvp-pl","tag-sports"],"share_on_mastodon":{"url":"https:\/\/pubeurope.com\/@pl\/115840773142830389","error":""},"_links":{"self":[{"href":"https:\/\/www.europesays.com\/pl\/wp-json\/wp\/v2\/posts\/187644","targetHints":{"allow":["GET"]}}],"collection":[{"href":"https:\/\/www.europesays.com\/pl\/wp-json\/wp\/v2\/posts"}],"about":[{"href":"https:\/\/www.europesays.com\/pl\/wp-json\/wp\/v2\/types\/post"}],"author":[{"embeddable":true,"href":"https:\/\/www.europesays.com\/pl\/wp-json\/wp\/v2\/users\/2"}],"replies":[{"embeddable":true,"href":"https:\/\/www.europesays.com\/pl\/wp-json\/wp\/v2\/comments?post=187644"}],"version-history":[{"count":0,"href":"https:\/\/www.europesays.com\/pl\/wp-json\/wp\/v2\/posts\/187644\/revisions"}],"wp:featuredmedia":[{"embeddable":true,"href":"https:\/\/www.europesays.com\/pl\/wp-json\/wp\/v2\/media\/187645"}],"wp:attachment":[{"href":"https:\/\/www.europesays.com\/pl\/wp-json\/wp\/v2\/media?parent=187644"}],"wp:term":[{"taxonomy":"category","embeddable":true,"href":"https:\/\/www.europesays.com\/pl\/wp-json\/wp\/v2\/categories?post=187644"},{"taxonomy":"post_tag","embeddable":true,"href":"https:\/\/www.europesays.com\/pl\/wp-json\/wp\/v2\/tags?post=187644"}],"curies":[{"name":"wp","href":"https:\/\/api.w.org\/{rel}","templated":true}]}}