{"id":187668,"date":"2026-01-05T05:36:10","date_gmt":"2026-01-05T05:36:10","guid":{"rendered":"https:\/\/www.europesays.com\/pl\/187668\/"},"modified":"2026-01-05T05:36:10","modified_gmt":"2026-01-05T05:36:10","slug":"imgw-ostrzega-temperatura-spadnie-ponizej-20-st-c-a-to-dopiero-poczatek","status":"publish","type":"post","link":"https:\/\/www.europesays.com\/pl\/187668\/","title":{"rendered":"IMGW ostrzega. Temperatura spadnie poni\u017cej -20 st. C, a to dopiero pocz\u0105tek"},"content":{"rendered":"<p>10 os\u00f3b zmar\u0142o z powodu wych\u0142odzenia<\/p>\n<p class=\"art_paragraph\">Od pocz\u0105tku listopada do 3 stycznia 10 os\u00f3b zmar\u0142o w Polsce z powodu wych\u0142odzenia organizmu &#8211; wynika z policyjnych statystyk. W listopadzie by\u0142y to 4 ofiary, w grudniu &#8211; 5, a jedna osoba zmar\u0142a w sobot\u0119 3 stycznia. &#8222;Zimowa aura &#8211;\u00a0\u015bnieg, mr\u00f3z i\u00a0niska temperatura &#8211; w\u00a0kr\u00f3tkim czasie mog\u0105 doprowadzi\u0107 do wych\u0142odzenia organizmu i\u00a0realnego zagro\u017cenia dla zdrowia i\u00a0\u017cycia&#8221; &#8211;\u00a0napisa\u0142a policja. Funkcjonariusze podkre\u015blili, \u017ce na wych\u0142odzenie szczeg\u00f3lnie nara\u017cone s\u0105 osoby bez miejsca zamieszkania, samotne i\u00a0starsze.\u00a0Zagro\u017cenie dotyczy tak\u017ce ludzi pod\u00a0wp\u0142ywem alkoholu. Policja podkre\u015bli\u0142a, \u017ce czujno\u015b\u0107 i\u00a0szybka reakcja mog\u0105 zapobiec tragediom. Ka\u017cd\u0105 potencjalnie niebezpieczn\u0105 czy niepokoj\u0105c\u0105 sytuacj\u0119 mo\u017cna i nale\u017cy zg\u0142osi\u0107 s\u0142u\u017cbom.<\/p>\n<p>Prognoza pogody na najbli\u017csze godziny: Ostrze\u017cenia IMGW przed \u015bniegiem i silnym wiatrem<\/p>\n<p class=\"art_paragraph\">W niedziel\u0119 4 stycznia Instytut Meteorologii i Gospodarki Wodnej wyda\u0142 ostrze\u017cenie przed zamieciami i zawiejami na terenie prawie ca\u0142ej Polski. \u015anieg b\u0119dzie najbardziej intensywnie pada\u0142 na Pomorzu oraz w g\u00f3rskich powiatach Dolnego \u015al\u0105ska. Nad samym morzem obowi\u0105zuj\u0105 ostrze\u017cenie trzeciego, najwy\u017cszego, stopnia &#8211; tam prognozowane s\u0105 intensywne opady \u015bniegu. Na tym terenie spodziewany jest wzrost pokrywy \u015bniegu do 50-60 centymetr\u00f3w \u015bniegu.\u00a0Jednocze\u015bnie w tym regionie b\u0119dzie silnie wia\u0107. Opr\u00f3cz wojew\u00f3dztw zachodnich oraz niekt\u00f3rych region\u00f3w na po\u0142udniu kraju prognozowane s\u0105 zawieje i zamiecie \u015bnie\u017cne spowodowane opadami \u015bniegu i wiatrem o \u015bredniej pr\u0119dko\u015bci oko\u0142o 30\u00a0km\/h, a w porywach &#8211; 55 km\/h. Na p\u00f3\u0142nocy porywy wiatru mog\u0105 dochodzi\u0107 do 85 km\/h. Synoptycy ostrzegaj\u0105, \u017ce drogi na p\u00f3\u0142nocy, na po\u0142udniu oraz w centrum i na wschodzie kraju mog\u0105 by\u0107 \u015bliskie.<\/p>\n<p>        Zobacz wideo<\/p>\n<p>            G\u0142ucho\u0142azy 13 miesi\u0119cy po powodzi. Miasto w ruinie\n    <\/p>\n<p>D\u0142ugoterminowe prognozy pogody. Mr\u00f3z poni\u017cej -20 st. C<\/p>\n<p class=\"art_paragraph\">Instytut Meteorologii i Gospodarki Wodnej prognozuje, \u017ce w nast\u0119pny weekend 10-11 stycznia oraz 12 stycznia termometry w Polsce poka\u017c\u0105 miejscami nawet mniej ni\u017c -20 st. C. Z opublikowanych map synoptycznych wynika, \u017ce ka\u017cda kolejna noc b\u0119dzie coraz mro\u017aniejsza, a silny wiatr b\u0119dzie pot\u0119gowa\u0107 odczucie zimna. Ju\u017c z niedzieli na poniedzia\u0142ek (4\/5 stycznia) wydano ostrze\u017cenia dla po\u0142udniowych cz\u0119\u015bci wojew\u00f3dztw\u00a0podkarpackiego i\u00a0ma\u0142opolskiego. &#8222;Miejscami prognozuje si\u0119 temperatur\u0119 minimaln\u0105 w nocy od -17 do -14 st. C.&#8221; &#8211; podano. Z kolei w modelach\u00a0ECMWF HRES wida\u0107, \u017ce w nocy z 12 na 13 stycznia nad Polsk\u0119 mo\u017ce nap\u0142yn\u0105\u0107 powietrze arktyczne.\u00a0W p\u00f3\u0142nocnej i zachodniej Polsce\u00a0temperatura miejscami mo\u017ce spa\u015b\u0107 do -30 st. C.\u00a0<\/p>\n<p class=\"art_paragraph\">Czytaj r\u00f3wnie\u017c: <a href=\"https:\/\/wiadomosci.gazeta.pl\/polityka\/7,198012,32505683,sondaz-najwieksi-polityczni-zwyciezcy-2025-roku-przepasc-jest.html\" class=\"art_link\" rel=\"dofollow noopener\" target=\"_blank\">&#8222;Sonda\u017c. Najwi\u0119ksi polityczni zwyci\u0119zcy 2025 roku. Lider zdeklasowa\u0142 rywali&#8221;.\u00a0<\/a><\/p>\n<p>\u0179r\u00f3d\u0142a: IMGW, IAR<\/p>\n","protected":false},"excerpt":{"rendered":"10 os\u00f3b zmar\u0142o z powodu wych\u0142odzenia Od pocz\u0105tku listopada do 3 stycznia 10 os\u00f3b zmar\u0142o w Polsce z&hellip;\n","protected":false},"author":2,"featured_media":187669,"comment_status":"","ping_status":"","sticky":false,"template":"","format":"standard","meta":{"footnotes":""},"categories":[12],"tags":[32,33,36,37,27,34,35,28,31,25,42,38,40,39,41,29,30,26],"class_list":{"0":"post-187668","1":"post","2":"type-post","3":"status-publish","4":"format-standard","5":"has-post-thumbnail","7":"category-polska","8":"tag-breaking-news","9":"tag-breakingnews","10":"tag-featured-news","11":"tag-featurednews","12":"tag-headlines","13":"tag-latest-news","14":"tag-latestnews","15":"tag-naglowki","16":"tag-najwazniejsze-artykuly","17":"tag-news","18":"tag-pl","19":"tag-poland","20":"tag-polish","21":"tag-polska","22":"tag-polski","23":"tag-top-stories","24":"tag-topstories","25":"tag-wiadomosci"},"share_on_mastodon":{"url":"https:\/\/pubeurope.com\/@pl\/115840875395589669","error":""},"_links":{"self":[{"href":"https:\/\/www.europesays.com\/pl\/wp-json\/wp\/v2\/posts\/187668","targetHints":{"allow":["GET"]}}],"collection":[{"href":"https:\/\/www.europesays.com\/pl\/wp-json\/wp\/v2\/posts"}],"about":[{"href":"https:\/\/www.europesays.com\/pl\/wp-json\/wp\/v2\/types\/post"}],"author":[{"embeddable":true,"href":"https:\/\/www.europesays.com\/pl\/wp-json\/wp\/v2\/users\/2"}],"replies":[{"embeddable":true,"href":"https:\/\/www.europesays.com\/pl\/wp-json\/wp\/v2\/comments?post=187668"}],"version-history":[{"count":0,"href":"https:\/\/www.europesays.com\/pl\/wp-json\/wp\/v2\/posts\/187668\/revisions"}],"wp:featuredmedia":[{"embeddable":true,"href":"https:\/\/www.europesays.com\/pl\/wp-json\/wp\/v2\/media\/187669"}],"wp:attachment":[{"href":"https:\/\/www.europesays.com\/pl\/wp-json\/wp\/v2\/media?parent=187668"}],"wp:term":[{"taxonomy":"category","embeddable":true,"href":"https:\/\/www.europesays.com\/pl\/wp-json\/wp\/v2\/categories?post=187668"},{"taxonomy":"post_tag","embeddable":true,"href":"https:\/\/www.europesays.com\/pl\/wp-json\/wp\/v2\/tags?post=187668"}],"curies":[{"name":"wp","href":"https:\/\/api.w.org\/{rel}","templated":true}]}}