{"id":187676,"date":"2026-01-05T05:45:12","date_gmt":"2026-01-05T05:45:12","guid":{"rendered":"https:\/\/www.europesays.com\/pl\/187676\/"},"modified":"2026-01-05T05:45:12","modified_gmt":"2026-01-05T05:45:12","slug":"marek-papszun-szykuje-hitowy-transfer-chodzi-o-reprezentanta-polski-przeglad-sportowy-onet","status":"publish","type":"post","link":"https:\/\/www.europesays.com\/pl\/187676\/","title":{"rendered":"Marek Papszun szykuje hitowy transfer! Chodzi o reprezentanta Polski &#8211; Przegl\u0105d Sportowy Onet"},"content":{"rendered":"<ol>\n<li><a href=\"https:\/\/news.google.com\/rss\/articles\/CBMizAFBVV95cUxOU3JIR2tZNTVRYUgzUldzbDU2bWNWTEVMaGswdHFzVWx5aVlQRXdITnBCc3dFc2g5QmJEQW1ubEQ3YzRtMXZBSXI3RFQ0a0k1X1R6RkxyU0NKdG4zSnZzZ2tCcVVkemRwWnJGai1rbHNqanM5ZlpxY0ExajQyRnZOZXBaNzhrNnlkR1NVODU3NTUxOG43amJEcDZCVklvTlZhSFlPcDJxXzhfTTB0SUtvOGhFbjV4WThtcGl0czVrTGxGdTIzUzJBUFYtSFQ?oc=5\" target=\"_blank\" rel=\"nofollow noopener\">Marek Papszun szykuje hitowy transfer! Chodzi o reprezentanta Polski<\/a>&nbsp;&nbsp;Przegl\u0105d Sportowy Onet<\/li>\n<li><a href=\"https:\/\/news.google.com\/rss\/articles\/CBMinAFBVV95cUxOczZxcTF0eWpJUUdleThTNTltcFFlQVZDdWJrYnRlcUE0VGt1VW1QbFJFck9VT01vcXhpejRmcnpxcmk3Z0Q5WWtvckhUTUNuTW9ENnVuYUVCQUhsOVJSOC1rd2JIWVFkX2NVUngyWl8wUTZ2Tl9kZnFEMEQ0WUxDeVVPdjdheGRzRmNVWno5aHF1TDlCdFMxdjZQOE8?oc=5\" target=\"_blank\" rel=\"nofollow noopener\">Media: Dr\u0105gowski wr\u00f3ci do Polski? Jest nowy ch\u0119tny<\/a>&nbsp;&nbsp;SportoweFakty<\/li>\n<li><a href=\"https:\/\/news.google.com\/rss\/articles\/CBMixgFBVV95cUxOMUxwN3U3NjZnUGxxOGlEZnRnd1RvdlRLWkU3bjQ2bVVpUHN6bk5LeGF3WGFGaFpVaW5OQm4wZ0NBVTgzaWdRNXRibVNPMXdZTzdHdFZFNThoRjVIY0hnRU8zTlpsclgyeHZhLTRDQlBHVWRWbkZWUXZyd01iYS1KWDNydFBzVVVTV1FZbVRtWEQ5N3VQUE1EYjNsUWU5aHZIWlI4bWQxU2kxX2IwQUlnaUJKOHNLamdZY1lwWS1tTzJsN0ZjRmc?oc=5\" target=\"_blank\" rel=\"nofollow noopener\">Fani Legii nie wytrzymali. Ten komunikat rozp\u0119ta\u0142 piek\u0142o. To si\u0119 w\u0142a\u015bnie dzieje<\/a>&nbsp;&nbsp;Sport w INTERIA.PL<\/li>\n<li><a href=\"https:\/\/news.google.com\/rss\/articles\/CBMirAFBVV95cUxPWTNBV2YzQS1oRnZjMGhRcWt6NFBZa3VBRlFVOTgxNnVuNEJ6UjJUZGZUbjAxWU9KU0YwajRQdC1UczFsRWJaNEU2aklUTkgzb0lCcktsbmFvOFZfR1ZTNjd5aG1FUVI3WmprQVVWbktzcWhKbFh0VW04UFRUeWtKdGhrOE1QckgzaE9Na2hucnF1V2lHMXBuaGNSY3I5YmhjUUxTN3QyRWh4Q01E?oc=5\" target=\"_blank\" rel=\"nofollow noopener\">Grecy pisz\u0105 o przysz\u0142o\u015bci Dr\u0105gowskiego. Zagra w Ekstraklasie?<\/a>&nbsp;&nbsp;Sport.pl<\/li>\n<li><a href=\"https:\/\/news.google.com\/rss\/articles\/CBMitwFBVV95cUxORlBkN2pVY1J5VTVTQnlCX0NaTnowcXVQYjJFZHEzZ1lrNl9JN3BaODlFNEdicXU3RG10TU5qanIzYldOa3FtcTdhbHlCNlk4UU5CaXZORlN6dnZRdGVFUlplOG5IVG5oaUp1YUppV3prWHpTN3h5QVpKdHFvSHl3LWphNXZKX29KQ004TDhfTTVpNTZfd0hEMkpreVI4bnAyUU54TlBLdkFxYkx5YUJLVTdSbHVobUU?oc=5\" target=\"_blank\" rel=\"nofollow noopener\">Media: Legia zainteresowana Dr\u0105gowskim. Kandydat na nast\u0119pc\u0119 Tobiasza<\/a>&nbsp;&nbsp;Meczyki.pl<\/li>\n<\/ol>\n","protected":false},"excerpt":{"rendered":"Marek Papszun szykuje hitowy transfer! Chodzi o reprezentanta Polski&nbsp;&nbsp;Przegl\u0105d Sportowy Onet Media: Dr\u0105gowski wr\u00f3ci do Polski? Jest nowy&hellip;\n","protected":false},"author":2,"featured_media":187677,"comment_status":"","ping_status":"","sticky":false,"template":"","format":"standard","meta":{"footnotes":""},"categories":[24],"tags":[11821,274,67,2477,2563,34214,929,42,38,40,39,41,136,128,47,127,135,126,130,3469],"class_list":{"0":"post-187676","1":"post","2":"type-post","3":"status-publish","4":"format-standard","5":"has-post-thumbnail","7":"category-sport","8":"tag-bartlomiej_dragowski","9":"tag-ekstraklasa","10":"tag-intextvideo_splayer","11":"tag-jagiellonia_bialystok","12":"tag-legia_warszawa","13":"tag-panathinaikos_ao","14":"tag-pawb","15":"tag-pl","16":"tag-poland","17":"tag-polish","18":"tag-polska","19":"tag-polski","20":"tag-ps_detal_new","21":"tag-psv2","22":"tag-screening_general","23":"tag-sport","24":"tag-sport_sport","25":"tag-sports","26":"tag-wiadomosci_sportowe","27":"tag-widzew_lodz"},"share_on_mastodon":{"url":"https:\/\/pubeurope.com\/@pl\/115840910754871685","error":""},"_links":{"self":[{"href":"https:\/\/www.europesays.com\/pl\/wp-json\/wp\/v2\/posts\/187676","targetHints":{"allow":["GET"]}}],"collection":[{"href":"https:\/\/www.europesays.com\/pl\/wp-json\/wp\/v2\/posts"}],"about":[{"href":"https:\/\/www.europesays.com\/pl\/wp-json\/wp\/v2\/types\/post"}],"author":[{"embeddable":true,"href":"https:\/\/www.europesays.com\/pl\/wp-json\/wp\/v2\/users\/2"}],"replies":[{"embeddable":true,"href":"https:\/\/www.europesays.com\/pl\/wp-json\/wp\/v2\/comments?post=187676"}],"version-history":[{"count":0,"href":"https:\/\/www.europesays.com\/pl\/wp-json\/wp\/v2\/posts\/187676\/revisions"}],"wp:featuredmedia":[{"embeddable":true,"href":"https:\/\/www.europesays.com\/pl\/wp-json\/wp\/v2\/media\/187677"}],"wp:attachment":[{"href":"https:\/\/www.europesays.com\/pl\/wp-json\/wp\/v2\/media?parent=187676"}],"wp:term":[{"taxonomy":"category","embeddable":true,"href":"https:\/\/www.europesays.com\/pl\/wp-json\/wp\/v2\/categories?post=187676"},{"taxonomy":"post_tag","embeddable":true,"href":"https:\/\/www.europesays.com\/pl\/wp-json\/wp\/v2\/tags?post=187676"}],"curies":[{"name":"wp","href":"https:\/\/api.w.org\/{rel}","templated":true}]}}