{"id":187711,"date":"2026-01-05T06:12:07","date_gmt":"2026-01-05T06:12:07","guid":{"rendered":"https:\/\/www.europesays.com\/pl\/187711\/"},"modified":"2026-01-05T06:12:07","modified_gmt":"2026-01-05T06:12:07","slug":"bitcoin-wyraznie-reaguje-po-akcji-usa-w-wenezueli","status":"publish","type":"post","link":"https:\/\/www.europesays.com\/pl\/187711\/","title":{"rendered":"Bitcoin wyra\u017anie reaguje po akcji USA w Wenezueli"},"content":{"rendered":"<p>Zwy\u017cki kryptowalut wpisuj\u0105 si\u0119 w\u00a0szerszy pozytywny trend na rynkach azjatyckich, gdzie indeksy gie\u0142dowe osi\u0105gaj\u0105 rekordowe poziomy nap\u0119dzane zak\u0142adami na sektor technologiczny i\u00a0sztuczn\u0105 inteligencj\u0119. <a href=\"https:\/\/www.money.pl\/wiadomosci\/zloto.html\" rel=\"noopener noreferrer nofollow\" target=\"_blank\">Z\u0142oto<\/a> podro\u017ca\u0142o w\u00a0poniedzia\u0142ek o\u00a02\u00a0proc., przekraczaj\u0105c poziom 4\u00a0400 dolar\u00f3w za uncj\u0119, natomiast srebro zyska\u0142o a\u017c 4,8 proc. Inwestorzy kieruj\u0105 kapita\u0142 w\u00a0stron\u0119 metali szlachetnych, poszukuj\u0105c bezpiecznych aktyw\u00f3w po schwytaniu Maduro.<\/p>\n<p>Milioner szczerze do\u00a0b\u00f3lu. &#8222;Czu\u0142em si\u0119 debilem&#8221; <\/p>\n<p>Bitcoin bywa\u0142 w\u00a0przesz\u0142o\u015bci postrzegany jako bezpieczna przysta\u0144 w\u00a0czasach zawirowa\u0144, cho\u0107 w\u00a0innych okresach jego notowania porusza\u0142y si\u0119 bardziej w\u00a0zgodzie z\u00a0akcjami i\u00a0innymi ryzykownymi aktywami. Obecnie wzrosty s\u0105 nap\u0119dzane przez tak zwane firmy natywnie kryptowalutowe, czyli podmioty wyspecjalizowane w\u00a0aktywach cyfrowych, przy jednoczesnym braku presji sprzeda\u017cowej ze strony g\u00f3rnik\u00f3w bitcoina, zamo\u017cnych family offices oraz innych du\u017cych funduszy inwestycyjnych. Tak\u0105 ocen\u0119 przedstawi\u0142 Sean McNulty, szef handlu instrumentami pochodnymi na region Azji i\u00a0Pacyfiku w\u00a0firmie FalconX.<\/p>\n<p>Przez ostatnie tygodnie bitcoin utrzymywa\u0142 si\u0119 w\u00a0w\u0105skim przedziale cenowym, nie uczestnicz\u0105c w\u00a0rajdzie gie\u0142dowym podczas \u015bwi\u0105t Bo\u017cego Narodzenia i\u00a0ko\u0144cz\u0105c rok ze strat\u0105 6,5 proc. Kryptowaluta radzi\u0142a sobie s\u0142abo w\u00a02025 roku pomimo szeregu korzystnych regulacji wprowadzonych w\u00a0USA przez prezydenta <a href=\"https:\/\/www.money.pl\/wiadomosci\/donald-trump.html\" rel=\"noopener noreferrer nofollow\" target=\"_blank\">Donalda Trumpa<\/a>, kt\u00f3ry otwarcie deklaruje poparcie dla bran\u017cy kryptowalutowej.<\/p>\n<p>Sygna\u0142em mo\u017cliwej zmiany nastroj\u00f3w rynkowych by\u0142 2\u00a0stycznia, kiedy inwestorzy wp\u0142acili 471 milion\u00f3w dolar\u00f3w do dwunastu notowanych w\u00a0USA funduszy ETF opartych na bitcoinie. By\u0142 to najwi\u0119kszy dzienny nap\u0142yw kapita\u0142u od 11 listopada ubieg\u0142ego roku.<\/p>\n<p>Wed\u0142ug McNulty&#8217;ego inwestorzy obserwuj\u0105 teraz, czy bitcoin zdo\u0142a trwale przebi\u0107 poziom 94 000 dolar\u00f3w. Kluczowym wsparciem, kt\u00f3re warto obserwowa\u0107 w\u00a0przypadku spadk\u00f3w, jest natomiast poziom 88 000 dolar\u00f3w.<\/p>\n","protected":false},"excerpt":{"rendered":"Zwy\u017cki kryptowalut wpisuj\u0105 si\u0119 w\u00a0szerszy pozytywny trend na rynkach azjatyckich, gdzie indeksy gie\u0142dowe osi\u0105gaj\u0105 rekordowe poziomy nap\u0119dzane zak\u0142adami&hellip;\n","protected":false},"author":2,"featured_media":187712,"comment_status":"","ping_status":"","sticky":false,"template":"","format":"standard","meta":{"footnotes":""},"categories":[5],"tags":[32,33,36,37,27,34,35,28,31,25,42,38,40,39,41,29,30,26],"class_list":{"0":"post-187711","1":"post","2":"type-post","3":"status-publish","4":"format-standard","5":"has-post-thumbnail","7":"category-naglowki","8":"tag-breaking-news","9":"tag-breakingnews","10":"tag-featured-news","11":"tag-featurednews","12":"tag-headlines","13":"tag-latest-news","14":"tag-latestnews","15":"tag-naglowki","16":"tag-najwazniejsze-artykuly","17":"tag-news","18":"tag-pl","19":"tag-poland","20":"tag-polish","21":"tag-polska","22":"tag-polski","23":"tag-top-stories","24":"tag-topstories","25":"tag-wiadomosci"},"share_on_mastodon":{"url":"https:\/\/pubeurope.com\/@pl\/115841017022934007","error":""},"_links":{"self":[{"href":"https:\/\/www.europesays.com\/pl\/wp-json\/wp\/v2\/posts\/187711","targetHints":{"allow":["GET"]}}],"collection":[{"href":"https:\/\/www.europesays.com\/pl\/wp-json\/wp\/v2\/posts"}],"about":[{"href":"https:\/\/www.europesays.com\/pl\/wp-json\/wp\/v2\/types\/post"}],"author":[{"embeddable":true,"href":"https:\/\/www.europesays.com\/pl\/wp-json\/wp\/v2\/users\/2"}],"replies":[{"embeddable":true,"href":"https:\/\/www.europesays.com\/pl\/wp-json\/wp\/v2\/comments?post=187711"}],"version-history":[{"count":0,"href":"https:\/\/www.europesays.com\/pl\/wp-json\/wp\/v2\/posts\/187711\/revisions"}],"wp:featuredmedia":[{"embeddable":true,"href":"https:\/\/www.europesays.com\/pl\/wp-json\/wp\/v2\/media\/187712"}],"wp:attachment":[{"href":"https:\/\/www.europesays.com\/pl\/wp-json\/wp\/v2\/media?parent=187711"}],"wp:term":[{"taxonomy":"category","embeddable":true,"href":"https:\/\/www.europesays.com\/pl\/wp-json\/wp\/v2\/categories?post=187711"},{"taxonomy":"post_tag","embeddable":true,"href":"https:\/\/www.europesays.com\/pl\/wp-json\/wp\/v2\/tags?post=187711"}],"curies":[{"name":"wp","href":"https:\/\/api.w.org\/{rel}","templated":true}]}}