{"id":187804,"date":"2026-01-05T07:37:07","date_gmt":"2026-01-05T07:37:07","guid":{"rendered":"https:\/\/www.europesays.com\/pl\/187804\/"},"modified":"2026-01-05T07:37:07","modified_gmt":"2026-01-05T07:37:07","slug":"60-kamil-majchrzak-doszczetnie-rozbil-faworyzowanego-niemca-przeglad-sportowy-onet","status":"publish","type":"post","link":"https:\/\/www.europesays.com\/pl\/187804\/","title":{"rendered":"6:0! Kamil Majchrzak doszcz\u0119tnie rozbi\u0142 faworyzowanego Niemca &#8211; Przegl\u0105d Sportowy Onet"},"content":{"rendered":"<ol>\n<li><a href=\"https:\/\/news.google.com\/rss\/articles\/CBMiqgFBVV95cUxPc2czRWJZNkhiaFhzcEtDblZiMmM0blJmQzRTeGIxLURjUEVJcS13Vi1ORnFHS0pQeGhqQm9WWUtBZGFkQ05LczV0WlZ3SWpFS1NoTXRWWmhMOFNieUduT3B5NVFTN0ZYSFdEX05PYW5sSXN4c25kOEZDSGcyNm1ENzI1SlNBWVhXbGV2TlBHQ0FNSzNUY0RMTHFkN2MxVTY1MlJrMkRhNWxJdw?oc=5\" target=\"_blank\" rel=\"nofollow noopener\">6:0! Kamil Majchrzak doszcz\u0119tnie rozbi\u0142 faworyzowanego Niemca<\/a>&nbsp;&nbsp;Przegl\u0105d Sportowy Onet<\/li>\n<li><a href=\"https:\/\/news.google.com\/rss\/articles\/CBMiswFBVV95cUxQZWFKazFpZTR4dzJRcGlHTHo0Qmo3QW05TFk4NzMtTWVRTkpNZFRVWVNTYzVyM3RpN2JWVEdxUDZMcDVYZjk5MnZoTUNiME5VWlhKZGVpdll6T1JDUGxhYnZGdy1HZlJhV2xuNlJFM1lKYkptd2p6dlN2UVlBVUFHMV9IN29HZ3p3UnRxNlpNenhLdTY1cUU1OFJxdHMtOTNNcjNDTnJZWGhxTnl1X3kzRmgzNA?oc=5\" target=\"_blank\" rel=\"nofollow noopener\">Informacja nadesz\u0142a w \u015brodku nocy! Szansa dla polskiego tenisisty<\/a>&nbsp;&nbsp;www.polsatsport.pl<\/li>\n<li><a href=\"https:\/\/news.google.com\/rss\/articles\/CBMiowFBVV95cUxOb1VOZmpqa3RCT0Ffa21DVktHLUFrdEF3ZzNIbnpHczRKSW1jbEZ6bFN0SEFJNDdXTE5LOWpTenc1OFhpYmRBZUJFV1N3emxCX3BKUVhZMjJjUC02bXhLRlJRaWltQ2k5WDk0MDlMR3IzZzI5VUpaRnlOWHBDRlZlX0w2U1duaHRmMkFaalpxZEVJa1VNMmVkQURHTlpPQXRWcU5z?oc=5\" target=\"_blank\" rel=\"nofollow noopener\">Majchrzak wykorzysta\u0142 szans\u0119. Totalna demolka w drugim secie!<\/a>&nbsp;&nbsp;SportoweFakty<\/li>\n<li><a href=\"https:\/\/news.google.com\/rss\/articles\/CBMirgFBVV95cUxNaDlKQjJxcE9QMVJOaUpxTElzblhGMk04bkgwMzR3bHMxN1dTTlFXaFJJaUtYUHRoWWZOZmVsdVZfSHpZczF2SGZWR1gtTVRyaENSV01lZTNVZ1h0V19LOTZZYUk1ZFFUTkVtX1VQVWpMcXZuZUpVQ2ZJSkdnSEw3dkM1MC03NW1JWGViV21OU0hPMUI2Z2NFUEI1eXJXSlhfTGlab3dPTnJmenZmS0E?oc=5\" target=\"_blank\" rel=\"nofollow noopener\">Wspania\u0142y powr\u00f3t Majchrzaka w starciu z Niemcem. \u017byciowy wynik Polaka<\/a>&nbsp;&nbsp;Sport w INTERIA.PL<\/li>\n<li><a href=\"https:\/\/news.google.com\/rss\/articles\/CBMi8AFBVV95cUxQSFlOSDVJdkFQZkowY184Q2xQdDdoZlRaTloyY2ZsQXl3S1djZEJrUlpFZVpBdUdEVVRQZVMxQ1BoYzJocy1qOWRnMTg1UWFpeFkwZnJiT0lsajhGYnRYTG84VEpHbU9XUzhvSlMyVGlobWd3eGM2YV9uU3RYY01CUmJYOW5ZTWxKbU9XYkIzTHpPanZoQkloVWFiMEp6NlJCbERLSE05TkZ2SUlfdVRLSGN6cktPWnR0REhwamxxVWpYaE5NUmJJVVkyaGh4NW50Q3VDbzhjSURYbUFaUGd4UHMzTU9mVXA0b1pmdEdIRXY?oc=5\" target=\"_blank\" rel=\"nofollow noopener\">Falstart Majchrzaka w Australii. Przepad\u0142 ju\u017c w kwalifikacjach<\/a>&nbsp;&nbsp;Eurosport Polska<\/li>\n<\/ol>\n","protected":false},"excerpt":{"rendered":"6:0! Kamil Majchrzak doszcz\u0119tnie rozbi\u0142 faworyzowanego Niemca&nbsp;&nbsp;Przegl\u0105d Sportowy Onet Informacja nadesz\u0142a w \u015brodku nocy! Szansa dla polskiego tenisisty&nbsp;&nbsp;www.polsatsport.pl&hellip;\n","protected":false},"author":2,"featured_media":187805,"comment_status":"","ping_status":"","sticky":false,"template":"","format":"standard","meta":{"footnotes":""},"categories":[24],"tags":[2080,67,8272,194,42,38,40,39,41,136,128,47,127,135,126,156,130],"class_list":{"0":"post-187804","1":"post","2":"type-post","3":"status-publish","4":"format-standard","5":"has-post-thumbnail","7":"category-sport","8":"tag-atp","9":"tag-intextvideo_splayer","10":"tag-kamil_majchrzak","11":"tag-maja","12":"tag-pl","13":"tag-poland","14":"tag-polish","15":"tag-polska","16":"tag-polski","17":"tag-ps_detal_new","18":"tag-psv2","19":"tag-screening_general","20":"tag-sport","21":"tag-sport_sport","22":"tag-sports","23":"tag-tenis","24":"tag-wiadomosci_sportowe"},"share_on_mastodon":{"url":"https:\/\/pubeurope.com\/@pl\/115841351429138989","error":""},"_links":{"self":[{"href":"https:\/\/www.europesays.com\/pl\/wp-json\/wp\/v2\/posts\/187804","targetHints":{"allow":["GET"]}}],"collection":[{"href":"https:\/\/www.europesays.com\/pl\/wp-json\/wp\/v2\/posts"}],"about":[{"href":"https:\/\/www.europesays.com\/pl\/wp-json\/wp\/v2\/types\/post"}],"author":[{"embeddable":true,"href":"https:\/\/www.europesays.com\/pl\/wp-json\/wp\/v2\/users\/2"}],"replies":[{"embeddable":true,"href":"https:\/\/www.europesays.com\/pl\/wp-json\/wp\/v2\/comments?post=187804"}],"version-history":[{"count":0,"href":"https:\/\/www.europesays.com\/pl\/wp-json\/wp\/v2\/posts\/187804\/revisions"}],"wp:featuredmedia":[{"embeddable":true,"href":"https:\/\/www.europesays.com\/pl\/wp-json\/wp\/v2\/media\/187805"}],"wp:attachment":[{"href":"https:\/\/www.europesays.com\/pl\/wp-json\/wp\/v2\/media?parent=187804"}],"wp:term":[{"taxonomy":"category","embeddable":true,"href":"https:\/\/www.europesays.com\/pl\/wp-json\/wp\/v2\/categories?post=187804"},{"taxonomy":"post_tag","embeddable":true,"href":"https:\/\/www.europesays.com\/pl\/wp-json\/wp\/v2\/tags?post=187804"}],"curies":[{"name":"wp","href":"https:\/\/api.w.org\/{rel}","templated":true}]}}