{"id":187806,"date":"2026-01-05T07:38:10","date_gmt":"2026-01-05T07:38:10","guid":{"rendered":"https:\/\/www.europesays.com\/pl\/187806\/"},"modified":"2026-01-05T07:38:10","modified_gmt":"2026-01-05T07:38:10","slug":"skrajne-komentarze-po-zonie-dla-polaka-jeden-dla-lansu-trzech-dla-milosci","status":"publish","type":"post","link":"https:\/\/www.europesays.com\/pl\/187806\/","title":{"rendered":"Skrajne komentarze po &#8222;\u017bonie dla Polaka&#8221;. &#8222;Jeden dla lansu, trzech dla mi\u0142o\u015bci&#8221;"},"content":{"rendered":"<p class=\"Paragraph_desktopParagraph__U31Gm\">&#8222;\u017bona dla Polaka&#8221; to program, kt\u00f3ry zadebiutowa\u0142 na antenie Telewizji Polskiej na pocz\u0105tku 2025 r. Cho\u0107 randkowe show pod wieloma wzgl\u0119dami przypomina popularny format &#8222;Rolnik szuka \u017cony&#8221;, mimo to zdo\u0142a\u0142 przyci\u0105gn\u0105\u0107 przed telewizory liczn\u0105 widowni\u0119. &#8222;\u017bona dla Polaka&#8221; opowiada historie czterech uczestnik\u00f3w mieszkaj\u0105cych poza granicami kraju, kt\u00f3rzy marz\u0105 o znalezieniu mi\u0142o\u015bci.<\/p>\n<p class=\"Paragraph_desktopParagraph__U31Gm\">Polecamy: <a href=\"https:\/\/plejada.pl\/newsy\/zona-dla-polaka-wraca-w-nowej-odslonie-oto-uczestniczki-i-uczestnicy\/2jrjdc0\" id=\"411e656f-f810-4b07-a888-f10ddec74235\" rel=\"nofollow noopener\" target=\"_blank\">Powr\u00f3t show TVP w nowej ods\u0142onie. Kacper Kuszewski pojecha\u0142 do uczestnik\u00f3w do Toronto<\/a><\/p>\n<p class=\"Paragraph_desktopParagraph__U31Gm\">W pierwszym odcinku bohaterowie przeczytali listy oraz ogl\u0105dali wideoprezentacje potencjalnych partnerek \u2014 na tej podstawie zaprosili do siebie kilka wybranych os\u00f3b. W poprzedniej edycji widzowie poznali uczestnik\u00f3w mieszkaj\u0105cych na co dzie\u0144 w Chicago, jednak ostatecznie \u017cadnemu z nich nie uda\u0142o si\u0119 odnale\u017a\u0107 w programie upragnionej drugiej po\u0142\u00f3wki. W drugiej edycji reality show poznali\u015bmy czw\u00f3rk\u0119 bohater\u00f3w, kt\u00f3rzy na co dzie\u0144 mieszkaj\u0105 w kanadyjskim Toronto \u2014 Dorot\u0119, Matta, Wojtka i Ma\u0107ka. <\/p>\n<ul class=\"OchatFollowUps_wrapper__1ry7X\">\n<li class=\"OchatFollowUps_item__Dhyly OchatFollowUps_itemDesktop__R6aBv\">Jakie by\u0142y komentarze po pierwszym odcinku?<\/li>\n<li class=\"OchatFollowUps_item__Dhyly OchatFollowUps_itemDesktop__R6aBv\">Kto jest g\u0142\u00f3wn\u0105 bohaterk\u0105 drugiej edycji programu?<\/li>\n<li class=\"OchatFollowUps_item__Dhyly OchatFollowUps_itemDesktop__R6aBv\">Gdzie mieszkaj\u0105 uczestnicy drugiej edycji '\u017bony dla Polaka&#8217;?<\/li>\n<li class=\"OchatFollowUps_item__Dhyly OchatFollowUps_itemDesktop__R6aBv\">Czy w poprzedniej edycji uczestnicy znale\u017ali mi\u0142o\u015b\u0107?<\/li>\n<\/ul>\n<p>&#8222;\u017bona dla Polaka&#8221;. Komentarze po pierwszym odcinku <\/p>\n<p class=\"Paragraph_desktopParagraph__U31Gm\">Etap czytania list\u00f3w i ogl\u0105dania wizyt\u00f3wek kandydatek oraz kandydat\u00f3w niezmiennie wywo\u0142uje spore emocje. Najwi\u0119cej wra\u017ce\u0144 dostarczy\u0142a jednak wizyta w domu Wojtka \u2014 g\u0142\u00f3wnie za spraw\u0105 komentarzy jego mamy, z kt\u00f3r\u0105 mieszka na co dzie\u0144.<\/p>\n<blockquote>\n<p class=\"Paragraph_desktopParagraph__U31Gm\">Straci\u0142a prac\u0119 i by chcia\u0142a tutaj przyjecha\u0107 i prac\u0119 dosta\u0107. Mia\u0142a cel inny, niekoniecznie Ciebie.<\/p>\n<p class=\"Paragraph_desktopParagraph__U31Gm\">Co my\u015blisz Wojtusiu? Mi si\u0119 nie podoba, to nie jest uroda polska. Ja liczy\u0142am, \u017ce to b\u0119dzie Polka i z ducha i z cia\u0142a.<\/p>\n<p class=\"Paragraph_desktopParagraph__U31Gm\">Od 17 lat ma ju\u017c syna, to ile ta pani ma lat?<\/p>\n<\/blockquote>\n<p class=\"Paragraph_desktopParagraph__U31Gm\">\u2014 s\u0142uchali\u015bmy.<\/p>\n<p class=\"Paragraph_desktopParagraph__U31Gm\">Po raz pierwszy w historii programu g\u0142\u00f3wn\u0105 bohaterk\u0105 zosta\u0142a kobieta \u2014 Dorota, kt\u00f3ra w Kanadzie podejmie u siebie czterech m\u0119\u017cczyzn walcz\u0105cych o jej wzgl\u0119dy. Ka\u017cdy z nich obierze inn\u0105 strategi\u0119, by zwr\u00f3ci\u0107 na siebie jej uwag\u0119, co szybko doprowadzi do napi\u0119\u0107 i pierwszych spor\u00f3w. Jeden z uczestnik\u00f3w postawi na lawin\u0119 pochwa\u0142 i czu\u0142ych s\u0142\u00f3w, podczas gdy inny bez ogr\u00f3dek skomentuje takie podej\u015bcie, nie kryj\u0105c swojego zdania.<\/p>\n<blockquote>\n<p class=\"Paragraph_desktopParagraph__U31Gm\">Sam jestem typowym samcem alfa i lubi\u0119 osoby charakterne. Nie lubi\u0119 wazeliniarzy, nie toleruj\u0119 takich ludzi<\/p>\n<\/blockquote>\n<p class=\"Paragraph_desktopParagraph__U31Gm\">\u2014 twierdzi.<\/p>\n<p class=\"Paragraph_desktopParagraph__U31Gm\">Dorota ma zupe\u0142nie inne spostrze\u017cenia na ten temat.<\/p>\n<blockquote>\n<p class=\"Paragraph_desktopParagraph__U31Gm\">My\u015bl\u0119, \u017ce jestem w tarapatach, bo wszyscy ch\u0142opcy s\u0105 fajni, ka\u017cdy na sw\u00f3j spos\u00f3b. Mo\u017ce zosta\u0144my wszyscy friends?<\/p>\n<\/blockquote>\n<p class=\"Paragraph_desktopParagraph__U31Gm\">\u2014 doda\u0142a.<\/p>\n<p class=\"Paragraph_desktopParagraph__U31Gm\">W sieci pojawi\u0142y si\u0119 komentarze po pierwszym odcinku formatu.<\/p>\n<p class=\"Paragraph_desktopParagraph__U31Gm\">&#8222;Dolejemy szampanu, czy szampana a mo\u017ce szamponu, back to school&#8221;<\/p>\n<p class=\"Paragraph_desktopParagraph__U31Gm\">&#8222;Jeden dla lansu, trzech dla mi\u0142o\u015bci&#8221;<\/p>\n<p class=\"Paragraph_desktopParagraph__U31Gm\">&#8222;Podoba\u0142 mi si\u0119 ten pierwszy odcinek, inny ni\u017c poprzednie co by\u0142y w USA&#8221;<\/p>\n<p class=\"Paragraph_desktopParagraph__U31Gm\">&#8222;Ogl\u0105dam z ciekawo\u015bci\u0105, oby chocia\u017c jedna para si\u0119 odnalaz\u0142a w tym sezonie&#8221;<\/p>\n<p class=\"Paragraph_desktopParagraph__U31Gm\">&#8222;Wojtek i Kasia \u2014 pasuj\u0105 mi do siebie&#8221;<\/p>\n<p class=\"Paragraph_desktopParagraph__U31Gm\">&#8222;A ten przypakowany to ju\u017c by\u0142 chyba w jakim\u015b programie&#8230;&#8221;<\/p>\n<p class=\"Paragraph_desktopParagraph__U31Gm\">&#8222;Panie prawie si\u0119 posika\u0142y w tych wynaj\u0119tych apartamentach, ciekawe, jak zareaguj\u0105 na ma\u0142e mieszkanka&#8221;<\/p>\n<p class=\"Paragraph_desktopParagraph__U31Gm\">Dzi\u0119kujemy, \u017ce przeczyta\u0142a\u015b\/e\u015b nasz artyku\u0142 do ko\u0144ca. W serwisie Plejada.pl ka\u017cdego dnia piszemy o najwa\u017cniejszych wydarzeniach show-biznesowych. B\u0105d\u017a na bie\u017c\u0105co! <a rel=\"nofollow noopener\" href=\"https:\/\/profile.google.com\/cp\/Cg0vZy8xMWJ6X19wdHBx\" id=\"96a614b5-da80-4d79-b599-239a96768f76\" target=\"_blank\">Obserwuj<\/a> Plejad\u0119 w Google. Odwied\u017a nas tak\u017ce na <a rel=\"nofollow noopener\" href=\"https:\/\/www.facebook.com\/plejadapl\" id=\"e274ac05-f789-4db1-b8bc-4b0804daf49f\" target=\"_blank\">Facebooku<\/a>, <a rel=\"nofollow noopener\" href=\"https:\/\/www.instagram.com\/plejadapl\/\" id=\"be4d06dd-40f4-4da7-b5bd-8bafaeec0617\" target=\"_blank\">Instagramie<\/a>, <a rel=\"nofollow noopener\" href=\"https:\/\/www.youtube.com\/c\/plejada\" id=\"9bccc2c3-35e9-42ac-95bb-b4e6731b5ddf\" target=\"_blank\">YouTubie<\/a> oraz <a rel=\"nofollow noopener\" href=\"https:\/\/www.tiktok.com\/@plejada_pl\" id=\"33d90093-eaf9-4568-a226-05ac76b342f8\" target=\"_blank\">TikToku<\/a>.<\/p>\n<p class=\"Paragraph_desktopParagraph__U31Gm\">Chcesz podzieli\u0107 si\u0119 ciekawym newsem lub zaproponowa\u0107 temat? Skontaktuj si\u0119 z nami, pisz\u0105c maila na adres: <a href=\"https:\/\/www.onet.pl\/styl-zycia\/plejada\/skrajne-komentarze-po-zonie-dla-polaka-jeden-dla-lansu-trzech-dla-milosci\/mailto:plejada@redakcjaonet.pl\" id=\"bff7c38d-33fb-4260-9027-79309646481f\" rel=\"nofollow noopener\" target=\"_blank\">plejada@redakcjaon<\/a><a rel=\"nofollow noopener\" href=\"https:\/\/et.pl\/\" id=\"7c882bad-ee22-41d2-b15b-38ac22d5b31c\" target=\"_blank\">et.pl<\/a>.<\/p>\n<p><script async src=\"\/\/www.instagram.com\/embed.js\"><\/script><script async src=\"\/\/www.tiktok.com\/embed.js\"><\/script><\/p>\n","protected":false},"excerpt":{"rendered":"&#8222;\u017bona dla Polaka&#8221; to program, kt\u00f3ry zadebiutowa\u0142 na antenie Telewizji Polskiej na pocz\u0105tku 2025 r. Cho\u0107 randkowe show&hellip;\n","protected":false},"author":2,"featured_media":187807,"comment_status":"","ping_status":"","sticky":false,"template":"","format":"standard","meta":{"footnotes":""},"categories":[22],"tags":[244,122,67,53,52,68,51,55,42,38,40,39,41,123,47,196,65,50,36750],"class_list":{"0":"post-187806","1":"post","2":"type-post","3":"status-publish","4":"format-standard","5":"has-post-thumbnail","7":"category-rozrywka","8":"tag-ctr_tst","9":"tag-entertainment","10":"tag-intextvideo_splayer","11":"tag-new_header","12":"tag-onet3","13":"tag-onet3d","14":"tag-onet3d_2i","15":"tag-phx","16":"tag-pl","17":"tag-poland","18":"tag-polish","19":"tag-polska","20":"tag-polski","21":"tag-rozrywka","22":"tag-screening_general","23":"tag-styl_zycia","24":"tag-update_me","25":"tag-v2021","26":"tag-zona_dla_polaka"},"share_on_mastodon":{"url":"https:\/\/pubeurope.com\/@pl\/115841355132373456","error":""},"_links":{"self":[{"href":"https:\/\/www.europesays.com\/pl\/wp-json\/wp\/v2\/posts\/187806","targetHints":{"allow":["GET"]}}],"collection":[{"href":"https:\/\/www.europesays.com\/pl\/wp-json\/wp\/v2\/posts"}],"about":[{"href":"https:\/\/www.europesays.com\/pl\/wp-json\/wp\/v2\/types\/post"}],"author":[{"embeddable":true,"href":"https:\/\/www.europesays.com\/pl\/wp-json\/wp\/v2\/users\/2"}],"replies":[{"embeddable":true,"href":"https:\/\/www.europesays.com\/pl\/wp-json\/wp\/v2\/comments?post=187806"}],"version-history":[{"count":0,"href":"https:\/\/www.europesays.com\/pl\/wp-json\/wp\/v2\/posts\/187806\/revisions"}],"wp:featuredmedia":[{"embeddable":true,"href":"https:\/\/www.europesays.com\/pl\/wp-json\/wp\/v2\/media\/187807"}],"wp:attachment":[{"href":"https:\/\/www.europesays.com\/pl\/wp-json\/wp\/v2\/media?parent=187806"}],"wp:term":[{"taxonomy":"category","embeddable":true,"href":"https:\/\/www.europesays.com\/pl\/wp-json\/wp\/v2\/categories?post=187806"},{"taxonomy":"post_tag","embeddable":true,"href":"https:\/\/www.europesays.com\/pl\/wp-json\/wp\/v2\/tags?post=187806"}],"curies":[{"name":"wp","href":"https:\/\/api.w.org\/{rel}","templated":true}]}}