{"id":187886,"date":"2026-01-05T08:59:08","date_gmt":"2026-01-05T08:59:08","guid":{"rendered":"https:\/\/www.europesays.com\/pl\/187886\/"},"modified":"2026-01-05T08:59:08","modified_gmt":"2026-01-05T08:59:08","slug":"dzialo-sie-w-nocy-zmasowany-atak-na-ukraine-uderzyli-w-kijow","status":"publish","type":"post","link":"https:\/\/www.europesays.com\/pl\/187886\/","title":{"rendered":"Dzia\u0142o si\u0119 w nocy. Zmasowany atak na Ukrain\u0119, uderzyli w Kij\u00f3w"},"content":{"rendered":"<p>Zapraszamy na skr\u00f3t wydarze\u0144 z\u00a0nocy, czyli najwa\u017cniejsze i\u00a0najciekawsze materia\u0142y wybrane przez redakcj\u0119 Wirtualnej Polski. Znajdziesz go codziennie rano na stronie g\u0142\u00f3wnej WP.<\/p>\n<p>Rosja przypu\u015bci\u0142a w\u00a0nocy z\u00a0niedzieli na poniedzia\u0142ek zmasowany atak na Ukrain\u0119. W\u00a0ca\u0142ym kraju og\u0142oszono alarm. Zaatakowany zosta\u0142 Kij\u00f3w &#8211;\u00a0zgin\u0119\u0142a jedna osoba. Rakiety trafi\u0142y te\u017c  w\u00a0czteropi\u0119trowy budynek plac\u00f3wki medycznej. W\u00a0akcji ratunkowej uda\u0142o si\u0119 ewakuowa\u0107 25 os\u00f3b, troje zosta\u0142o rannych. <\/p>\n<p>Kinowe pere\u0142ki 2026 roku. Na\u00a0co\u00a0warto czeka\u0107? <\/p>\n<p>Rosja kontynuuje swoje agresywne dzia\u0142ania na Ukrainie, czego dowodem jest nocny zmasowany atak, kt\u00f3ry wywo\u0142a\u0142 alarm w\u00a0ca\u0142ym kraju. W\u00a0Kijowie zgin\u0119\u0142a jedna osoba, a\u00a0rosyjskie drony operowa\u0142y tak\u017ce nad zachodni\u0105 cz\u0119\u015bci\u0105 pa\u0144stwa. <\/p>\n<p>Polska, w\u00a0odpowiedzi na rozw\u00f3j sytuacji, zdecydowa\u0142a o\u00a0czasowym zamkni\u0119ciu przestrzeni powietrznej nad niekt\u00f3rymi regionami, co wp\u0142yn\u0119\u0142o na operacje lotnicze w\u00a0Rzeszowie i\u00a0Lublinie. &#8222;W zawi\u0105zku z\u00a0konieczno\u015bci\u0105 zapewnienia swobody operowania lotnictwa wojskowego lotniska w\u00a0Rzeszowie i\u00a0Lublinie czasowo wstrzyma\u0142y operacje lotnicze&#8221; &#8211;\u00a0czytamy w\u00a0komunikacie Polskiej Agencji \u017beglugi Powietrznej. <\/p>\n<p>Kolumbia podj\u0119\u0142a strategiczne ruchy w\u00a0odpowiedzi na ameryka\u0144sk\u0105 operacj\u0119 w\u00a0Caracas i\u00a0zatrzymanie Nicolasa Maduro. Rz\u0105d kolumbijski rozmieszcza ponad 30 tys. \u017co\u0142nierzy przy granicy z\u00a0Wenezuel\u0105. Wed\u0142ug ministra obrony Pedro Arnulfo Sancheza, dzia\u0142ania te maj\u0105 na celu zapobieganie przenikaniu uzbrojonych formacji i\u00a0stabilizacj\u0119 sytuacji na granicy.<\/p>\n<p> Minister Sanchez podkre\u015bli\u0142 znaczenie eliminacji wp\u0142ywu grup paramilitarnych dzia\u0142aj\u0105cych na pograniczu.<\/p>\n<p>Donald Trump, w\u00a0rozmowie z\u00a0dziennikarzami, zagrozi\u0142 podj\u0119ciem dzia\u0142a\u0144 wojskowych przeciwko Kolumbii, nazywaj\u0105c rz\u0105d tego kraju chorym. Wypowied\u017a ta podnios\u0142a polityczn\u0105 temperatur\u0119 i\u00a0sta\u0142a si\u0119 przedmiotem mi\u0119dzynarodowych rozwa\u017ca\u0144. Trump zaznaczy\u0142 r\u00f3wnie\u017c potrzeb\u0119 zdecydowanych krok\u00f3w wobec karteli narkotykowych dzia\u0142aj\u0105cych w\u00a0regionie. <\/p>\n<p>Ameryka\u0144ska administracja by\u0142a ju\u017c zaanga\u017cowana w\u00a0operacje wojskowe w\u00a0okolicach Wenezueli, kt\u00f3re zaostrzy\u0142y sytuacj\u0119 w\u00a0Ameryce \u0141aci\u0144skiej.<\/p>\n","protected":false},"excerpt":{"rendered":"Zapraszamy na skr\u00f3t wydarze\u0144 z\u00a0nocy, czyli najwa\u017cniejsze i\u00a0najciekawsze materia\u0142y wybrane przez redakcj\u0119 Wirtualnej Polski. Znajdziesz go codziennie rano&hellip;\n","protected":false},"author":2,"featured_media":187887,"comment_status":"","ping_status":"","sticky":false,"template":"","format":"standard","meta":{"footnotes":""},"categories":[12],"tags":[32,33,36,37,27,34,35,28,31,25,42,38,40,39,41,29,30,26],"class_list":{"0":"post-187886","1":"post","2":"type-post","3":"status-publish","4":"format-standard","5":"has-post-thumbnail","7":"category-polska","8":"tag-breaking-news","9":"tag-breakingnews","10":"tag-featured-news","11":"tag-featurednews","12":"tag-headlines","13":"tag-latest-news","14":"tag-latestnews","15":"tag-naglowki","16":"tag-najwazniejsze-artykuly","17":"tag-news","18":"tag-pl","19":"tag-poland","20":"tag-polish","21":"tag-polska","22":"tag-polski","23":"tag-top-stories","24":"tag-topstories","25":"tag-wiadomosci"},"share_on_mastodon":{"url":"https:\/\/pubeurope.com\/@pl\/115841673851043890","error":""},"_links":{"self":[{"href":"https:\/\/www.europesays.com\/pl\/wp-json\/wp\/v2\/posts\/187886","targetHints":{"allow":["GET"]}}],"collection":[{"href":"https:\/\/www.europesays.com\/pl\/wp-json\/wp\/v2\/posts"}],"about":[{"href":"https:\/\/www.europesays.com\/pl\/wp-json\/wp\/v2\/types\/post"}],"author":[{"embeddable":true,"href":"https:\/\/www.europesays.com\/pl\/wp-json\/wp\/v2\/users\/2"}],"replies":[{"embeddable":true,"href":"https:\/\/www.europesays.com\/pl\/wp-json\/wp\/v2\/comments?post=187886"}],"version-history":[{"count":0,"href":"https:\/\/www.europesays.com\/pl\/wp-json\/wp\/v2\/posts\/187886\/revisions"}],"wp:featuredmedia":[{"embeddable":true,"href":"https:\/\/www.europesays.com\/pl\/wp-json\/wp\/v2\/media\/187887"}],"wp:attachment":[{"href":"https:\/\/www.europesays.com\/pl\/wp-json\/wp\/v2\/media?parent=187886"}],"wp:term":[{"taxonomy":"category","embeddable":true,"href":"https:\/\/www.europesays.com\/pl\/wp-json\/wp\/v2\/categories?post=187886"},{"taxonomy":"post_tag","embeddable":true,"href":"https:\/\/www.europesays.com\/pl\/wp-json\/wp\/v2\/tags?post=187886"}],"curies":[{"name":"wp","href":"https:\/\/api.w.org\/{rel}","templated":true}]}}