{"id":187981,"date":"2026-01-05T09:55:12","date_gmt":"2026-01-05T09:55:12","guid":{"rendered":"https:\/\/www.europesays.com\/pl\/187981\/"},"modified":"2026-01-05T09:55:12","modified_gmt":"2026-01-05T09:55:12","slug":"zachowanie-skrajnie-nieodpowiedzialne-policja-z-poznania-szuka-smialkow-z-nagrania","status":"publish","type":"post","link":"https:\/\/www.europesays.com\/pl\/187981\/","title":{"rendered":"&#8222;Zachowanie skrajnie nieodpowiedzialne&#8221;. Policja z Poznania szuka \u015bmia\u0142k\u00f3w z nagrania"},"content":{"rendered":"<p class=\"article-p\" data-section=\"detail-body\">Nagranie szokuj\u0105cego incydentu, do kt\u00f3rego dosz\u0142o na ulicach Poznania, opublikowano 1 stycznia na koncie &#8222;poznan_moment&#8221; na platformie X. Na filmiku wida\u0107 dwie osoby jad\u0105ce na dachu <a href=\"https:\/\/www.fakt.pl\/wydarzenia\/polska\/wroclaw\/pozar-autobusu-na-dolnym-slasku-kierowca-i-pasazerka-uciekli-w-ostatniej-chwili\/3yq2f62\" id=\"818390ef-3542-46b7-96fc-2b7875582167\" rel=\"nofollow noopener\" target=\"_blank\">autobusu<\/a> linii nr 214.<\/p>\n<p class=\"article-p\" data-section=\"detail-body\">Czytaj tak\u017ce: <a href=\"https:\/\/www.fakt.pl\/wydarzenia\/polska\/rzeszow\/rzeszow-potracenie-pieszej-przez-hulajnoge-policja-publikuje-nagranie\/qn7hy31\" id=\"5ffe8d52-1392-4031-896d-4bdd49a47447\" rel=\"nofollow noopener\" target=\"_blank\">Skandaliczne zachowanie na chodniku. Policja ujawnia nowe szczeg\u00f3\u0142y<\/a><\/p>\n<p>        Bezmy\u015blno\u015b\u0107 w Poznaniu. Podr\u00f3\u017cowali na dachu autobusu<\/p>\n<p class=\"article-p\" data-section=\"detail-body\">&#8222;Podr\u00f3\u017c na dachu autobusu nocnego, tego nie by\u0142o w moim noworocznym bingo&#8221; \u2014 skomentowa\u0142 prowadz\u0105cy profil. Pod innym nagraniem z <a href=\"https:\/\/www.fakt.pl\/wydarzenia\/polska\/bydgoszcz-kierowca-uratowal-niemowle-policja-mowi-o-blyskawicznej-reakcji\/xdzhpv2\" id=\"5111a750-c7c7-479b-8409-4bba3a2d94c3\" rel=\"nofollow noopener\" target=\"_blank\">przystanku autobusoweg<\/a>o doda\u0142: &#8222;Chyba przejechali tak ca\u0142\u0105 tras\u0119 od p\u0119tli do p\u0119tli&#8221;.<\/p>\n<p class=\"article-p\" data-section=\"detail-body\">Pozna\u0144ska policja wie o zdarzeniu i zapewnia, \u017ce zajmuje si\u0119 spraw\u0105. \u2014 Trwaj\u0105 czynno\u015bci wyja\u015bniaj\u0105ce. Szukamy tych \u015bmia\u0142k\u00f3w \u2014 powiedzia\u0142 &#8222;Faktowi&#8221; \u0141ukasz Paterski, rzecznik prasowy policji w Poznaniu. Zabezpieczono nagrania z monitoringu, policjanci skupiaj\u0105 si\u0119 teraz na ustaleniu to\u017csamo\u015bci &#8222;pasa\u017cer\u00f3w na gap\u0119&#8221;.<\/p>\n<p>        Policja szuka &#8222;\u015bmia\u0142k\u00f3w&#8221;<\/p>\n<p class=\"article-p\" data-section=\"detail-body\">\u2014 Ewidentnie mamy do czynienia z zachowaniem skrajnie nieodpowiedzialnym. Mo\u017cna sobie wyobrazi\u0107, co by si\u0119 sta\u0142o, gdyby te osoby spad\u0142y z kilku metr\u00f3w na ziemi\u0119 \u2014 doda\u0142 Paterski w rozmowie z Polsat News.<\/p>\n<p class=\"article-p\" data-section=\"detail-body\">Je\u015bli sprawa trafi do s\u0105du, za tak g\u0142upi wyczyn grozi kara nawet do 5 tys. z\u0142. Ale to nic w por\u00f3wnaniu z tym, co mog\u0142o si\u0119 sta\u0107, gdyby osoby podr\u00f3\u017cuj\u0105ce na dachu autobusu spad\u0142y w czasie jazdy \u2014 mog\u0142oby to si\u0119 sko\u0144czy\u0107 powa\u017cnymi obra\u017ceniami, a nawet utrat\u0105 \u017cycia.<\/p>\n<p class=\"article-p\" data-section=\"detail-body\">(\u0179r\u00f3d\u0142o: X\/poznan_moment, Fakt, Polsat News)<\/p>\n<p>        \/2<\/p>\n<p>                    <img decoding=\"async\" class=\"article-image-img\" loading=\"lazy\" alt=\"\" src=\"https:\/\/www.europesays.com\/pl\/wp-content\/uploads\/2026\/01\/Z-mk9kuTURBXy8xNGNhMDkwMC05MTVjLTRiYmQtYTJhYi04ZjA2OTYyNDk5OTQuanBlZ5GTAs0DSM0DAt4AAqEwAaExAQ.jpeg\" width=\"840\" height=\"770\"\/><\/p>\n<p>                  poznan_moment \/ X<\/p>\n<p class=\"article-gallery-p\">\n        Podr\u00f3\u017cowali na dachu autobusu.\n    <\/p>\n<p>        \/2<\/p>\n<p>                    <img decoding=\"async\" class=\"article-image-img\" loading=\"lazy\" alt=\"\" src=\"https:\/\/www.europesays.com\/pl\/wp-content\/uploads\/2026\/01\/TnWk9kuTURBXy80NmFmMjExMi04MDgxLTQzMGQtYjA4Ni0yYzQ2MTBhOTcwMTYuanBlZ5GTAs0DSM0ELN4AAqEwAaExAQ.jpeg\" width=\"840\" height=\"1068\"\/><\/p>\n<p>                  poznan_moment \/ X<\/p>\n<p class=\"article-gallery-p\">\n        Policja szuka tych os\u00f3b.\n    <\/p>\n","protected":false},"excerpt":{"rendered":"Nagranie szokuj\u0105cego incydentu, do kt\u00f3rego dosz\u0142o na ulicach Poznania, opublikowano 1 stycznia na koncie &#8222;poznan_moment&#8221; na platformie X.&hellip;\n","protected":false},"author":2,"featured_media":187982,"comment_status":"","ping_status":"","sticky":false,"template":"","format":"standard","meta":{"footnotes":""},"categories":[12],"tags":[32,33,36,37,27,34,35,28,31,25,42,38,40,39,41,29,30,26],"class_list":{"0":"post-187981","1":"post","2":"type-post","3":"status-publish","4":"format-standard","5":"has-post-thumbnail","7":"category-polska","8":"tag-breaking-news","9":"tag-breakingnews","10":"tag-featured-news","11":"tag-featurednews","12":"tag-headlines","13":"tag-latest-news","14":"tag-latestnews","15":"tag-naglowki","16":"tag-najwazniejsze-artykuly","17":"tag-news","18":"tag-pl","19":"tag-poland","20":"tag-polish","21":"tag-polska","22":"tag-polski","23":"tag-top-stories","24":"tag-topstories","25":"tag-wiadomosci"},"share_on_mastodon":{"url":"https:\/\/pubeurope.com\/@pl\/115841894004896810","error":""},"_links":{"self":[{"href":"https:\/\/www.europesays.com\/pl\/wp-json\/wp\/v2\/posts\/187981","targetHints":{"allow":["GET"]}}],"collection":[{"href":"https:\/\/www.europesays.com\/pl\/wp-json\/wp\/v2\/posts"}],"about":[{"href":"https:\/\/www.europesays.com\/pl\/wp-json\/wp\/v2\/types\/post"}],"author":[{"embeddable":true,"href":"https:\/\/www.europesays.com\/pl\/wp-json\/wp\/v2\/users\/2"}],"replies":[{"embeddable":true,"href":"https:\/\/www.europesays.com\/pl\/wp-json\/wp\/v2\/comments?post=187981"}],"version-history":[{"count":0,"href":"https:\/\/www.europesays.com\/pl\/wp-json\/wp\/v2\/posts\/187981\/revisions"}],"wp:featuredmedia":[{"embeddable":true,"href":"https:\/\/www.europesays.com\/pl\/wp-json\/wp\/v2\/media\/187982"}],"wp:attachment":[{"href":"https:\/\/www.europesays.com\/pl\/wp-json\/wp\/v2\/media?parent=187981"}],"wp:term":[{"taxonomy":"category","embeddable":true,"href":"https:\/\/www.europesays.com\/pl\/wp-json\/wp\/v2\/categories?post=187981"},{"taxonomy":"post_tag","embeddable":true,"href":"https:\/\/www.europesays.com\/pl\/wp-json\/wp\/v2\/tags?post=187981"}],"curies":[{"name":"wp","href":"https:\/\/api.w.org\/{rel}","templated":true}]}}