{"id":188132,"date":"2026-01-05T11:23:12","date_gmt":"2026-01-05T11:23:12","guid":{"rendered":"https:\/\/www.europesays.com\/pl\/188132\/"},"modified":"2026-01-05T11:23:12","modified_gmt":"2026-01-05T11:23:12","slug":"3-nowe-telefony-nothing-i-cmf-w-drodze-jakie-to-modele","status":"publish","type":"post","link":"https:\/\/www.europesays.com\/pl\/188132\/","title":{"rendered":"3 nowe telefony Nothing i CMF w drodze. Jakie to modele?"},"content":{"rendered":"<p class=\"lead\" style=\"--editable-content-color: #d1cbc7; --original-color: #000000; --original-background-color: #ffffff;\">Nothing nie odpu\u015bci 1 kwarta\u0142u 2026 roku bez premiery \u2014 a raczej premier, bo szykuje ich \u0142\u0105cznie 3. Mowa jest o 2 telefonach spod marki-matki, a tak\u017ce jednym modelu od CMF. Co to za konstrukcje, co mog\u0105 zaoferowa\u0107 oraz kiedy mo\u017cna spodziewa\u0107 si\u0119 ich premiery?<\/p>\n<p style=\"--original-color: #333333; --original-background-color: #ffffff;\">Po ostatnich przygodach z kopiowaniem smartfon\u00f3w pomi\u0119dzy swoimi markami <a style=\"--editable-content-background-color: #081e2b; --link-color: #5e9ced !important; --link-color-hover: #7aadf0 !important; --link-color-active: #5e9ced !important; --visited-color: #9464e8 !important; --visited-color-hover: #a67eec !important; --visited-color-active: #9464e8 !important; --original-color: #000000; --original-background-color: #bfe6ff;\" href=\"https:\/\/www.gsmmaniak.pl\/1611598\/nothing-phone-3a-lite-kryzys-marki-czy-przemyslana-strategia\/\" rel=\"noopener nofollow\" target=\"_blank\">Nothing<\/a> b\u0119dzie chcia\u0142 zdecydowanie zmieni\u0107 atmosfer\u0119 wok\u00f3\u0142 siebie. Szykuj\u0105 si\u0119 3 premiery w pierwszym kwartale 2026 roku, a w\u015br\u00f3d nich rodzynkowy CMF. Czego si\u0119 spodziewa\u0107?<\/p>\n<p>Nothing Phone 4a (Pro) w drodze \u2014 co zaoferuj\u0105?<\/p>\n<p style=\"--original-color: #333333; --original-background-color: #ffffff;\">Pierwsze dwa modele zdecydowanie brzmi\u0105 jak nast\u0119pcy \u015bredniak\u00f3w producenta. Te z oznaczeniem 2a oraz 3a by\u0142y prezentowane na pocz\u0105tku marca, wi\u0119c pasuje jak ula\u0142. Najnowsze przecieki nie zdradzaj\u0105 zbyt wiele o nich, jednak patrz\u0105c na poprzednik\u00f3w, mo\u017cna \u201eco nieco\u201d wywnioskowa\u0107.<\/p>\n<p><a style=\"--link-color: #71a8ef !important; --link-color-hover: #8cb8f2 !important; --link-color-active: #6ca5ef !important; --visited-color: #a075ea !important; --visited-color-hover: #b390ee !important; --visited-color-active: #9d71ea !important; --original-color: #000000;\" href=\"https:\/\/www.gsmmaniak.pl\/wp-content\/uploads\/gsmmaniak\/2025\/03\/IMG_20250302_142754_edit_268572936396515-scaled.jpg\" rel=\"nofollow noopener\" target=\"_blank\"><img loading=\"lazy\" decoding=\"async\" aria-describedby=\"caption-attachment-1556621\" class=\"wp-image-1556621 size-medium\" style=\"--link-color: #71a8ef !important; --link-color-hover: #8cb8f2 !important; --link-color-active: #6ca5ef !important; --visited-color: #a075ea !important; --visited-color-hover: #b390ee !important; --visited-color-active: #9d71ea !important; --original-color: #000000;\" src=\"https:\/\/www.europesays.com\/pl\/wp-content\/uploads\/2026\/01\/IMG_20250302_142754_edit_268572936396515-scaled-medium.jpg\" alt=\"Nothing Phone 4a Pro\" width=\"500\" height=\"375\"   itemprop=\"image\" \/><\/a><\/p>\n<p id=\"caption-attachment-1556621\" class=\"wp-caption-text\">Nothing Phone (3a) Pro \/ fot. Pawe\u0142 Gajkowski, gsmManiaK.pl<\/p>\n<p style=\"--original-color: #333333; --original-background-color: #ffffff;\">Dro\u017cszy z modeli zapewne b\u0119dzie nap\u0119dzany uk\u0142adem Snapdragon 7 Gen 4, podczas gdy ta\u0144szy zadowoli si\u0119 Snapdragonem 7s Gen 4 \u2013 troch\u0119 s\u0142abszym, ale nadal dobrym procesorem. Patrz\u0105c na sytuacj\u0119 na rynku pami\u0119ci, nie spodziewa\u0142bym si\u0119, \u017ceby\u015bmy tym razem dostali inne opcje pami\u0119ciowe, ni\u017celi 8\/12 GB RAM-u oraz 128\/256 GB pami\u0119ci wewn\u0119trznej. Nie przewidywa\u0142bym tak\u017ce wielkich zmian w obr\u0119bie wy\u015bwietlacza.<\/p>\n<p>Trzecim modelem b\u0119dzie CMF Phone 3 Pro<\/p>\n<p style=\"--original-color: #333333; --original-background-color: #ffffff;\">No w\u0142a\u015bnie, bo my tu gadu gadu o tych troch\u0119 dro\u017cszych \u015bredniakach, a tutaj szykuje si\u0119 nast\u0119pca <a style=\"--link-color: #71a8ef !important; --link-color-hover: #8cb8f2 !important; --link-color-active: #6ca5ef !important; --visited-color: #a075ea !important; --visited-color-hover: #b390ee !important; --visited-color-active: #9d71ea !important; --original-color: #000000;\" href=\"https:\/\/www.gsmmaniak.pl\/1568039\/cmf-phone-2-pro-test-recenzja-opinia\/\" rel=\"nofollow noopener\" target=\"_blank\">najlepszego telefonu do 1000 z\u0142otych<\/a>. O nim wiadomo tyle, \u017ce zaoferuje procesor od MediaTeka. Je\u017celi producent zdecyduje si\u0119 na kontynuowanie trendu, to raczej nie liczy\u0142bym tutaj na rewolucj\u0119. Pozostaniemy przy kt\u00f3rym\u015b z modeli z serii Dimensity 7000.<\/p>\n<p><a style=\"--link-color: #71a8ef !important; --link-color-hover: #8cb8f2 !important; --link-color-active: #6ca5ef !important; --visited-color: #a075ea !important; --visited-color-hover: #b390ee !important; --visited-color-active: #9d71ea !important; --original-color: #000000;\" href=\"https:\/\/www.gsmmaniak.pl\/wp-content\/uploads\/gsmmaniak\/2025\/04\/IMG_20250426_1253382312-1-scaled.jpg\" rel=\"nofollow noopener\" target=\"_blank\"><img loading=\"lazy\" decoding=\"async\" aria-describedby=\"caption-attachment-1568098\" class=\"wp-image-1568098 size-medium\" style=\"--visited-color: #a075ea !important; --visited-color-hover: #b390ee !important; --visited-color-active: #9d71ea !important; --original-color: #000000;\" src=\"https:\/\/www.europesays.com\/pl\/wp-content\/uploads\/2026\/01\/IMG_20250426_1253382312-1-scaled-medium.jpg\" alt=\"CMF Phone 3 Pro\" width=\"500\" height=\"343\"   \/><\/a><\/p>\n<p id=\"caption-attachment-1568098\" class=\"wp-caption-text\">CMF Phone 2 Pro \/ fot. Konrad Bartnik, gsmManiaK.pl<\/p>\n<p style=\"--original-color: #333333; --original-background-color: #ffffff;\">Fajnie by\u0142oby zobaczy\u0107 zmiany w obr\u0119bie zasilania, bo, mimo \u017ce bateria 5000 mAh nie jest z\u0142a, to patrz\u0105c na konkurencj\u0119 z Chin\u2026 przyda\u0142aby si\u0119 wi\u0119ksza. Szykuje si\u0119 wi\u0119c ciekawy pocz\u0105tek marca, bo raczej wtedy zostan\u0105 zaprezentowane wszystkie telefony. Wyj\u0105tkiem mo\u017ce by\u0107 w\u0142a\u015bnie CMF Phone 3 Pro, kt\u00f3ry pojawi si\u0119 troch\u0119 p\u00f3\u017aniej, przyk\u0142adowo pod konie marca.<\/p>\n<p style=\"--original-color: #333333; --original-background-color: #ffffff;\">\u0179r\u00f3d\u0142o: <a style=\"--editable-content-background-color: #081e2b; --link-color: #64ace8 !important; --link-color-hover: #7ebbec !important; --link-color-active: #64ace8 !important; --visited-color: #9464e8 !important; --visited-color-hover: #a67eec !important; --visited-color-active: #9464e8 !important; --original-color: #000000; --original-background-color: #bfe6ff;\" href=\"https:\/\/www.gizmochina.com\/2026\/01\/03\/new-nothing-cmf-phones-launching-soon-2-pro-models-accessories-in-the-works\/\" rel=\"nofollow noopener\" target=\"_blank\">Gizmochina<\/a>, opracowanie w\u0142asne<\/p>\n","protected":false},"excerpt":{"rendered":"Nothing nie odpu\u015bci 1 kwarta\u0142u 2026 roku bez premiery \u2014 a raczej premier, bo szykuje ich \u0142\u0105cznie 3.&hellip;\n","protected":false},"author":2,"featured_media":188133,"comment_status":"","ping_status":"","sticky":false,"template":"","format":"standard","meta":{"footnotes":""},"categories":[20],"tags":[120,118,119,42,38,40,39,41,116,114,115,121,117],"class_list":{"0":"post-188132","1":"post","2":"type-post","3":"status-publish","4":"format-standard","5":"has-post-thumbnail","7":"category-nauka-i-technika","8":"tag-nauka","9":"tag-nauka-i-technika","10":"tag-naukatechnika","11":"tag-pl","12":"tag-poland","13":"tag-polish","14":"tag-polska","15":"tag-polski","16":"tag-science","17":"tag-science-and-technology","18":"tag-sciencetechnology","19":"tag-technika","20":"tag-technology"},"share_on_mastodon":{"url":"https:\/\/pubeurope.com\/@pl\/115842240052076918","error":""},"_links":{"self":[{"href":"https:\/\/www.europesays.com\/pl\/wp-json\/wp\/v2\/posts\/188132","targetHints":{"allow":["GET"]}}],"collection":[{"href":"https:\/\/www.europesays.com\/pl\/wp-json\/wp\/v2\/posts"}],"about":[{"href":"https:\/\/www.europesays.com\/pl\/wp-json\/wp\/v2\/types\/post"}],"author":[{"embeddable":true,"href":"https:\/\/www.europesays.com\/pl\/wp-json\/wp\/v2\/users\/2"}],"replies":[{"embeddable":true,"href":"https:\/\/www.europesays.com\/pl\/wp-json\/wp\/v2\/comments?post=188132"}],"version-history":[{"count":0,"href":"https:\/\/www.europesays.com\/pl\/wp-json\/wp\/v2\/posts\/188132\/revisions"}],"wp:featuredmedia":[{"embeddable":true,"href":"https:\/\/www.europesays.com\/pl\/wp-json\/wp\/v2\/media\/188133"}],"wp:attachment":[{"href":"https:\/\/www.europesays.com\/pl\/wp-json\/wp\/v2\/media?parent=188132"}],"wp:term":[{"taxonomy":"category","embeddable":true,"href":"https:\/\/www.europesays.com\/pl\/wp-json\/wp\/v2\/categories?post=188132"},{"taxonomy":"post_tag","embeddable":true,"href":"https:\/\/www.europesays.com\/pl\/wp-json\/wp\/v2\/tags?post=188132"}],"curies":[{"name":"wp","href":"https:\/\/api.w.org\/{rel}","templated":true}]}}