{"id":188180,"date":"2026-01-05T11:52:09","date_gmt":"2026-01-05T11:52:09","guid":{"rendered":"https:\/\/www.europesays.com\/pl\/188180\/"},"modified":"2026-01-05T11:52:09","modified_gmt":"2026-01-05T11:52:09","slug":"tak-zle-nie-bylo-od-lat-niemcy-moga-nie-podniesc-sie-z-kryzysu-opinia","status":"publish","type":"post","link":"https:\/\/www.europesays.com\/pl\/188180\/","title":{"rendered":"Tak \u017ale nie by\u0142o od lat. Niemcy mog\u0105 nie podnie\u015b\u0107 si\u0119 z kryzysu [OPINIA]"},"content":{"rendered":"<p><a href=\"https:\/\/www.onet.pl\/informacje\/deutsche-welle\/przemyslowcy-ostrzegaja-niemiecka-gospodarka-idzie-na-dno\/tt5te10,0666d3f1\" id=\"3db47761-df82-4456-b189-5a0208b1bb84\" rel=\"nofollow noopener\" target=\"_blank\">Niemiecki przemys\u0142<\/a> w zastraszaj\u0105cym tempie traci swoj\u0105 si\u0142\u0119 i likwiduje miejsca pracy na wielk\u0105 skal\u0119. Niemcy jako miejsce prowadzenia dzia\u0142alno\u015bci gospodarczej znajduj\u0105 si\u0119 w stanie swobodnego spadku \u2014 stwierdza prezes Federacji Przemys\u0142u Niemieckiego Peter Leibinger.<\/p>\n<p>Konieczny jest program naprawczy. Im d\u0142u\u017cej rz\u0105d federalny zwleka z podj\u0119ciem dzia\u0142a\u0144, tym wi\u0119ksze b\u0119d\u0105 straty i tym mniej nowych rozwi\u0105za\u0144 b\u0119dzie mog\u0142o powsta\u0107.<\/p>\n<p class=\"ods-c-paragraph \">Gospodarka Niemiec ma za sob\u0105 sze\u015b\u0107 lat bez wzrostu. Taka sytuacja nie mia\u0142a miejsca od czasu powstania Republiki Federalnej. Jednak stagnacja sprawia, \u017ce sytuacja wygl\u0105da lepiej, ni\u017c jest w rzeczywisto\u015bci. Od 2019 r. sektor publiczny znacznie si\u0119 rozr\u00f3s\u0142, finansowany przez coraz wi\u0119ksze zad\u0142u\u017cenie. Ka\u017cde nowe miejsce pracy w s\u0142u\u017cbie publicznej statystycznie zwi\u0119ksza produkt krajowy brutto, ale nie tworzy warto\u015bci dodanej.<\/p>\n<p class=\"ods-c-paragraph \">Decyduj\u0105cym warunkiem dobrobytu s\u0105 inwestycje prywatne, a tutaj krzywa wykazuje gwa\u0142towny spadek. Je\u015bli obecnie forsuje si\u0119 pa\u0144stwowe projekty infrastrukturalne, jest to konieczne ze wzgl\u0119du na zniszczone mosty i szko\u0142y. Jednak je\u015bli jednocze\u015bnie <a href=\"https:\/\/wiadomosci.onet.pl\/swiat\/gospodarczy-motor-europy-trzeszczy-niemieckie-firmy-pakuja-walizki-i-przenosza\/xpjxycp\" id=\"9ca5669d-71fd-4c8f-98aa-75f6ccb75b45\" rel=\"nofollow noopener\" target=\"_blank\">coraz wi\u0119cej mened\u017cer\u00f3w korporacji i \u015brednich przedsi\u0119biorc\u00f3w zamyka swoje firmy lub przenosi je za granic\u0119<\/a>, finansowane na kredyt inwestycje publiczne trac\u0105 sens.<\/p>\n<p>Na z\u0142ej drodze<\/p>\n<p class=\"ods-c-paragraph \">Wska\u017anikiem nieprawid\u0142owego rozwoju jest wzrost udzia\u0142u sektora publicznego w PKB do ponad 50 proc. W <a href=\"https:\/\/www.onet.pl\/informacje\/onetwiadomosci\/tak-upada-mit-o-bogactwie-coraz-wiecej-osob-wyjezdza-ze-szwajcarii\/76sx59l,79cfc278\" id=\"af67bdf9-2cc4-4dc0-b6ab-9690348ef71a\" rel=\"nofollow noopener\" target=\"_blank\">Szwajcarii <\/a>31 proc. produktu krajowego brutto wystarcza, aby zapewni\u0107 funkcjonowanie sektora publicznego z niezawodnym pa\u0144stwem socjalnym i nienaruszon\u0105 infrastruktur\u0105. Jednak ju\u017c za czas\u00f3w by\u0142ej kanclerz <a href=\"https:\/\/www.onet.pl\/informacje\/deutsche-welle\/angela-merkel-europe-czeka-wielka-bitwa-z-usa\/g2efclk,0666d3f1\" id=\"ff0097f2-41f8-4f36-9e9f-cd78a201b3c0\" rel=\"nofollow noopener\" target=\"_blank\">Angeli Merkel<\/a> i jej nast\u0119pcy Olafa Scholza Niemcy obra\u0142y kierunek, kt\u00f3ry coraz bardziej oddala kraj od zasad polityki gospodarczej, kt\u00f3re po wojnie zapewni\u0142y tak wielki sukces.<\/p>\n<p class=\"ods-c-paragraph \">W imi\u0119 <a href=\"https:\/\/www.onet.pl\/informacje\/deutsche-welle\/transformacja-energetyczna-jak-daleko-zaszly-niemcy\/rnneb4b,0666d3f1\" id=\"b9dd7615-0421-4cf3-bb03-70ab1ea41d89\" rel=\"nofollow noopener\" target=\"_blank\">transformacji energetycznej<\/a> biurokraci szczeg\u00f3\u0142owo okre\u015blaj\u0105, w jaki spos\u00f3b nale\u017cy ogrzewa\u0107 i produkowa\u0107. Skutkiem s\u0105 horrendalne koszty i przewidywalna niepewno\u015b\u0107 dostaw energii elektrycznej, kt\u00f3ra w coraz wi\u0119kszym stopniu zale\u017cy od wiatru, s\u0142o\u0144ca i innych kraj\u00f3w. Ponadto polityka \u015bci\u015ble kontroluje gospodark\u0119 za pomoc\u0105 zakaz\u00f3w i przepis\u00f3w, przez co traci si\u0119 szanse na rozw\u00f3j wielu przysz\u0142o\u015bciowych technologii w kraju.<\/p>\n<p class=\"ods-c-paragraph \">Przedsi\u0119biorstwa i obywatele p\u0142ac\u0105 coraz wi\u0119cej podatk\u00f3w i op\u0142at na rzecz rozbudowanego pa\u0144stwa socjalnego i nadmiernie rozbudowanej s\u0142u\u017cby publicznej, kt\u00f3ra ra\u017c\u0105co zawodzi w zakresie podstawowych zada\u0144, takich jak bezpiecze\u0144stwo wewn\u0119trzne czy edukacja.<\/p>\n<p class=\"ods-c-paragraph \">Niestety, rz\u0105d koalicji CDU\/CSU i SPD pod przewodnictwem<a href=\"https:\/\/www.onet.pl\/informacje\/deutsche-welle\/kanclerz-niemiec-rok-2026-bedzie-rokiem-nowych-poczatkow\/kt120k9,0666d3f1\" id=\"2bd06e93-ff3f-488d-aacb-3c486257526a\" rel=\"nofollow noopener\" target=\"_blank\"> Friedricha Merza<\/a> nie porzuci\u0142 dotychczas tej b\u0142\u0119dnej drogi regulacyjnej. Przede wszystkim kierownictwo SPD nadal wierzy we wszechmocne pa\u0144stwo i walczy o jego aktywn\u0105 rol\u0119 w \u017cyciu gospodarczym. Zamiast uwolni\u0107 niemieck\u0105 gospodark\u0119, jak obieca\u0142 Merz przed wyborami do Bundestagu, koalicja zdecydowa\u0142a si\u0119 na nowe dotacje, takie jak zapowiadana cena energii elektrycznej dla przemys\u0142u, dalsze regulacje oraz znaczny wzrost wydatk\u00f3w socjalnych w systemie emerytalnym. By\u0142y te\u017c dzia\u0142ania zmierzaj\u0105ce we w\u0142a\u015bciwym kierunku, takie jak wsparcie podatkowe dla inwestycji lub zaostrzone przepisy dotycz\u0105ce zasi\u0142k\u00f3w dla obywateli. Jednak w ostatecznym rozrachunku przewa\u017caj\u0105 b\u0142\u0119dne decyzje.<\/p>\n<p>   <img decoding=\"async\" src=\"https:\/\/www.europesays.com\/pl\/wp-content\/uploads\/2026\/01\/bgyk9lBaHR0cHM6Ly9vY2RuLmV1L3B1bHNjbXMvTURBXy82MmZjNmJjYzg5MGY5ZDBlNDIzY2MwMmUzMTc5MDdmZi5qcGeRlQLNB.jpeg\" height=\"627\" width=\"940\" alt=\"Kanclerz Niemiec Friedrich Merz w Brukseli, 18 grudnia 2025 r.\" loading=\"lazy\" class=\"ods-c-image__img ods-c-image__img--viewport-width\"\/><\/p>\n<p>Kanclerz Niemiec Friedrich Merz w Brukseli, 18 grudnia 2025 r.NICOLAS TUCAT \/ AFP<\/p>\n<p> B\u0142\u0119dy Berlina<\/p>\n<p class=\"ods-c-paragraph \">Najbardziej widoczne jest to w fatalnym kierunku polityki finansowej. Koalicjanci nie wykorzystuj\u0105 ogromnego zad\u0142u\u017cenia, jak obiecali, przede wszystkim na dodatkowe inwestycje w Bundeswehr\u0119 i infrastruktur\u0119. Zamiast tego jeszcze wi\u0119cej \u015brodk\u00f3w trafia na bie\u017c\u0105c\u0105 konsumpcj\u0119, zwi\u0119kszenie zatrudnienia, wy\u017csze wydatki socjalne i nowe dotacje, takie jak zwolnienie z podatku VAT dla bran\u017cy gastronomicznej. Wszystko to s\u0142u\u017cy uk\u0142adom, ale nie przysz\u0142o\u015bciowej konkurencyjno\u015bci kraju.<\/p>\n<p class=\"ods-c-paragraph \">Daleko id\u0105ce nadu\u017cycie specjalnego funduszu infrastrukturalnego, finansowanego z kredyt\u00f3w, jest ostro krytykowane przez Bundesbank i instytuty bada\u0144 koniunkturalnych. Powoduje to bowiem wzrost zad\u0142u\u017cenia, za kt\u00f3re w przysz\u0142o\u015bci b\u0119d\u0105 musieli p\u0142aci\u0107 podatnicy, ale nie zwi\u0119ksza szans na zmian\u0119 sytuacji gospodarczej.<\/p>\n<p class=\"ods-c-paragraph \">Instytut Gospodarki \u015awiatowej w Kilonii szacuje potencja\u0142 wzrostu gospodarczego Niemiec (osi\u0105galny w d\u0142u\u017cszej perspektywie przy normalnym wykorzystaniu mocy produkcyjnych) na zaledwie 0,3 proc. rocznie. Stanowi to jedn\u0105 pi\u0105t\u0105 poziomu sprzed <a href=\"https:\/\/www.onet.pl\/kultura\/wydawnictwo-helion\/pandemia-covid-19-wynikiem-bledu-w-laboratorium-fragment-ksiazki\/4vm30rl,0666d3f1\" id=\"e57b21fb-6beb-4542-9b96-653c18acfe7f\" rel=\"nofollow noopener\" target=\"_blank\">pandemicznego <\/a>kryzysu. W wyniku ogromnych wydatk\u00f3w pa\u0144stwowych tempo wzrostu gospodarczego w 2026 r. i w kolejnym roku b\u0119dzie wy\u017csze. Jednak po tym okresie Niemcom grozi trwa\u0142a stagnacja.<\/p>\n<p class=\"ods-c-paragraph \">Podobnie ponura by\u0142a sytuacja Niemiec na prze\u0142omie tysi\u0105cleci. Jednak \u00f3wczesny rz\u0105d <a href=\"https:\/\/wiadomosci.onet.pl\/swiat\/niemiecki-bank-zablokowal-konto-gerharda-schroedera-bo-wplywaly-na-nie-pieniadze-z\/5j3nph6\" id=\"43c239fa-fa3b-4468-9f47-484bf1424277\" rel=\"nofollow noopener\" target=\"_blank\">Gerharda Schrodera<\/a> zaskoczy\u0142 obywateli programem Agenda 2010. Ofensywa reform przywr\u00f3ci\u0142a kraj na \u015bcie\u017ck\u0119 wzrostu gospodarczego.<\/p>\n<p class=\"ods-c-paragraph \">Teraz rz\u0105d Merza potrzebuje takiej samej odwagi.<\/p>\n","protected":false},"excerpt":{"rendered":"Niemiecki przemys\u0142 w zastraszaj\u0105cym tempie traci swoj\u0105 si\u0142\u0119 i likwiduje miejsca pracy na wielk\u0105 skal\u0119. Niemcy jako miejsce&hellip;\n","protected":false},"author":2,"featured_media":188181,"comment_status":"","ping_status":"","sticky":false,"template":"","format":"standard","meta":{"footnotes":""},"categories":[16],"tags":[56,113,112,345,190,48,295,46,5417,42,38,40,39,41,352,47,80],"class_list":{"0":"post-188180","1":"post","2":"type-post","3":"status-publish","4":"format-standard","5":"has-post-thumbnail","7":"category-biznes","8":"tag-article_premium","9":"tag-biznes","10":"tag-business","11":"tag-friedrich_merz","12":"tag-gospodarka","13":"tag-nat_styl","14":"tag-niemcy","15":"tag-omp","16":"tag-pkb","17":"tag-pl","18":"tag-poland","19":"tag-polish","20":"tag-polska","21":"tag-polski","22":"tag-przemysl","23":"tag-screening_general","24":"tag-swiat"},"share_on_mastodon":{"url":"https:\/\/pubeurope.com\/@pl\/115842353897681094","error":""},"_links":{"self":[{"href":"https:\/\/www.europesays.com\/pl\/wp-json\/wp\/v2\/posts\/188180","targetHints":{"allow":["GET"]}}],"collection":[{"href":"https:\/\/www.europesays.com\/pl\/wp-json\/wp\/v2\/posts"}],"about":[{"href":"https:\/\/www.europesays.com\/pl\/wp-json\/wp\/v2\/types\/post"}],"author":[{"embeddable":true,"href":"https:\/\/www.europesays.com\/pl\/wp-json\/wp\/v2\/users\/2"}],"replies":[{"embeddable":true,"href":"https:\/\/www.europesays.com\/pl\/wp-json\/wp\/v2\/comments?post=188180"}],"version-history":[{"count":0,"href":"https:\/\/www.europesays.com\/pl\/wp-json\/wp\/v2\/posts\/188180\/revisions"}],"wp:featuredmedia":[{"embeddable":true,"href":"https:\/\/www.europesays.com\/pl\/wp-json\/wp\/v2\/media\/188181"}],"wp:attachment":[{"href":"https:\/\/www.europesays.com\/pl\/wp-json\/wp\/v2\/media?parent=188180"}],"wp:term":[{"taxonomy":"category","embeddable":true,"href":"https:\/\/www.europesays.com\/pl\/wp-json\/wp\/v2\/categories?post=188180"},{"taxonomy":"post_tag","embeddable":true,"href":"https:\/\/www.europesays.com\/pl\/wp-json\/wp\/v2\/tags?post=188180"}],"curies":[{"name":"wp","href":"https:\/\/api.w.org\/{rel}","templated":true}]}}