{"id":188188,"date":"2026-01-05T11:57:09","date_gmt":"2026-01-05T11:57:09","guid":{"rendered":"https:\/\/www.europesays.com\/pl\/188188\/"},"modified":"2026-01-05T11:57:09","modified_gmt":"2026-01-05T11:57:09","slug":"rozstal-sie-z-tvn-w-gestej-atmosferze-zmuszono-mnie-do-odejscia","status":"publish","type":"post","link":"https:\/\/www.europesays.com\/pl\/188188\/","title":{"rendered":"Rozsta\u0142 si\u0119 z TVN w g\u0119stej atmosferze. &#8222;Zmuszono mnie do odej\u015bcia&#8221;"},"content":{"rendered":"<p class=\"Paragraph_desktopParagraph__U31Gm\">Irek Bieleninik na prze\u0142omie lat 90. i 2000.regularnie pojawia\u0142 si\u0119 na ekranie jako prowadz\u0105cy relacje z zawod\u00f3w <a href=\"https:\/\/plejada.pl\/temat\/strongman\/7eqz2p5\" id=\"f9c9743f-e395-41ab-a603-b4a17e2467dc\" rel=\"nofollow noopener\" target=\"_blank\">Strongman\u00f3w<\/a>, a tak\u017ce jako gospodarz licznych gier interaktywnych w TVN. Dzi\u015b rzadziej wyst\u0119puje na ekranie, jednak widzowie mog\u0105 \u015bledzi\u0107 jego \u017cycie m.in. na Instagramie. Prezenter ch\u0119tnie dzieli si\u0119 w sieci tym, co si\u0119 u niego dzieje.<\/p>\n<p class=\"Paragraph_desktopParagraph__U31Gm\">Prezenter zdecydowanie nie mo\u017ce m\u00f3wi\u0107 o zawodowej stagnacji. Od wielu lat koncentruje si\u0119 na pracy konferansjera podczas du\u017cych wydarze\u0144 \u2014 zar\u00f3wno firmowych, jak i plenerowych \u2014 a jego bogate do\u015bwiadczenie medialne jest wysoko cenione w bran\u017cy. W 2024 r. powr\u00f3ci\u0142 tak\u017ce do telewizji, tym razem zwi\u0105zuj\u0105c si\u0119 z TVP2, gdzie do\u0142\u0105czy\u0142 do zespo\u0142u &#8222;Pytania na \u015bniadanie&#8221; jako reporter pracuj\u0105cy w terenie. Dziennikarz znany jest r\u00f3wnie\u017c z zaanga\u017cowania spo\u0142ecznego \u2014 od lat aktywnie wspiera Wielk\u0105 Orkiestr\u0119 \u015awi\u0105tecznej Pomocy.<\/p>\n<p class=\"Paragraph_desktopParagraph__U31Gm\">Polecamy: <a href=\"https:\/\/plejada.pl\/newsy\/irek-bieleninik-zniknal-z-telewizji-promuje-zdrowy-tryb-zycia\/tjz0l95\" id=\"5b342f02-e10d-4022-9ded-16b0097f5fdb\" rel=\"nofollow noopener\" target=\"_blank\">Irek Bieleninik znikn\u0105\u0142 z telewizji. Co dzi\u015b robi? &#8222;Promuj\u0119 zdrowy tryb \u017cycia&#8221;<\/a><\/p>\n<p class=\"Paragraph_desktopParagraph__U31Gm\">Wielu widz\u00f3w TVN zastanawia\u0142o si\u0119, z jakiego powodu Bieleninik rozsta\u0142 si\u0119 ze stacj\u0105, zw\u0142aszcza \u017ce prowadzone przez niego programy przyci\u0105ga\u0142y przed ekrany rzesze odbiorc\u00f3w i cieszy\u0142y si\u0119 du\u017cym uznaniem.<\/p>\n<ul class=\"OchatFollowUps_wrapper__1ry7X\">\n<li class=\"OchatFollowUps_item__Dhyly OchatFollowUps_itemDesktop__R6aBv\">Dlaczego Irek Bieleninik odszed\u0142 z TVN?<\/li>\n<li class=\"OchatFollowUps_item__Dhyly OchatFollowUps_itemDesktop__R6aBv\">Co robi Irek Bieleninik po odej\u015bciu z TVN?<\/li>\n<li class=\"OchatFollowUps_item__Dhyly OchatFollowUps_itemDesktop__R6aBv\">Jakie programy prowadzi\u0142 Irek Bieleninik w TVN?<\/li>\n<li class=\"OchatFollowUps_item__Dhyly OchatFollowUps_itemDesktop__R6aBv\">Z jakiego powodu Irek Bieleninik m\u00f3wi, \u017ce zosta\u0142 zmuszony do odej\u015bcia?<\/li>\n<\/ul>\n<p>Irek Bieleninik o rozstaniu z TVN <\/p>\n<p class=\"Paragraph_desktopParagraph__U31Gm\">Dziennikarz, chc\u0105c uci\u0105\u0107 narastaj\u0105ce spekulacje, przyzna\u0142 otwarcie, \u017ce rozstanie ze stacj\u0105 nie by\u0142o wynikiem jego samodzielnej decyzji ani osobistego wyboru.<\/p>\n<blockquote>\n<p class=\"Paragraph_desktopParagraph__U31Gm\">Odszed\u0142em dlatego, \u017ce zmuszono mnie do odej\u015bcia. Komu\u015b podpad\u0142em i tak naprawd\u0119 nie wiem komu. Nie chc\u0119 rzuca\u0107 teraz nazwiskami, ale ten, kt\u00f3rego m\u00f3g\u0142bym za to obci\u0105\u017cy\u0107, patrz\u0105c mi prosto w oczy powiedzia\u0142, \u017ce w og\u00f3le nic nie wie, a wszyscy m\u00f3wili, \u017ce jest inaczej. Ale du\u017co mu te\u017c zawdzi\u0119czam i musz\u0119 to po prostu uszanowa\u0107. \u0141aska pa\u0144ska na pstrym koniu je\u017adzi<\/p>\n<\/blockquote>\n<p class=\"Paragraph_desktopParagraph__U31Gm\">\u2014 opowiada\u0142 w rozmowie z Kozaczkiem.<\/p>\n<p class=\"Paragraph_desktopParagraph__U31Gm\">Polecamy: <a href=\"https:\/\/plejada.pl\/zdjecia-gwiazd\/irek-bieleninik-co-robi-dzis-gwiazda-tele-gry-i-programu-strongman\/bep2dvz\" id=\"1f71531c-6a06-4bb6-8d9d-a70f0fb75476\" rel=\"nofollow noopener\" target=\"_blank\">By\u0142 gwiazd\u0105 teleturniej\u00f3w interaktywnych. Jak dzi\u015b wygl\u0105da \u017cycie Irka Bieleninika?<\/a><\/p>\n<p><img decoding=\"async\" class=\"Image_image__0tuHp Image_autoHeight__f2n87 \" height=\"587\" width=\"882\" src=\"https:\/\/www.europesays.com\/pl\/wp-content\/uploads\/2026\/01\/8G_k9kpTURBXy84ZDBmYzc0MGMxN2IzMzBmZmY3ZmNjOWMwMDU2OTk4Ni5qcGeSlQLNA6wAwsOVAgDNAkvCw94AA6EwAaExAaEzw.jpeg\" alt=\"Irek Bieleninik\" loading=\"lazy\" \/>MW Media<\/p>\n<p>Irek Bieleninik<\/p>\n<p class=\"Paragraph_desktopParagraph__U31Gm\">Dzi\u0119kujemy, \u017ce przeczyta\u0142a\u015b\/e\u015b nasz artyku\u0142 do ko\u0144ca. W serwisie Plejada.pl ka\u017cdego dnia piszemy o najwa\u017cniejszych wydarzeniach show-biznesowych. B\u0105d\u017a na bie\u017c\u0105co! <a rel=\"nofollow noopener\" href=\"https:\/\/profile.google.com\/cp\/Cg0vZy8xMWJ6X19wdHBx\" id=\"537d42af-ff90-430e-aa9d-abc1a30f1aa2\" target=\"_blank\">Obserwuj<\/a> Plejad\u0119 w Google. Odwied\u017a nas tak\u017ce na <a rel=\"nofollow noopener\" href=\"https:\/\/www.facebook.com\/plejadapl\" id=\"737133f3-7393-421b-b414-3a376d8f4170\" target=\"_blank\">Facebooku<\/a>, <a rel=\"nofollow noopener\" href=\"https:\/\/www.instagram.com\/plejadapl\/\" id=\"c6e20ac4-2e38-480a-9618-6913a90774c7\" target=\"_blank\">Instagramie<\/a>, <a rel=\"nofollow noopener\" href=\"https:\/\/www.youtube.com\/c\/plejada\" id=\"b390ba97-c61f-46b2-bc01-05e93368e765\" target=\"_blank\">YouTubie<\/a> oraz <a rel=\"nofollow noopener\" href=\"https:\/\/www.tiktok.com\/@plejada_pl\" id=\"7abf9dc9-3158-49e2-94ac-be376233477c\" target=\"_blank\">TikToku<\/a>.<\/p>\n<p class=\"Paragraph_desktopParagraph__U31Gm\">Chcesz podzieli\u0107 si\u0119 ciekawym newsem lub zaproponowa\u0107 temat? Skontaktuj si\u0119 z nami, pisz\u0105c maila na adres: <a href=\"https:\/\/www.onet.pl\/styl-zycia\/plejada\/rozstal-sie-z-tvn-w-gestej-atmosferze-zmuszono-mnie-do-odejscia\/mailto:plejada@redakcjaonet.pl\" id=\"1bcd5774-1e89-4f2f-9722-f771c6927642\" rel=\"nofollow noopener\" target=\"_blank\">plejada@redakcjaon<\/a><a rel=\"nofollow noopener\" href=\"https:\/\/et.pl\/\" id=\"fc23fe9f-3d3c-4099-bbec-93d29b24896f\" target=\"_blank\">et.pl<\/a>.<\/p>\n<p><script async src=\"\/\/www.instagram.com\/embed.js\"><\/script><script async src=\"\/\/www.tiktok.com\/embed.js\"><\/script><\/p>\n","protected":false},"excerpt":{"rendered":"Irek Bieleninik na prze\u0142omie lat 90. i 2000.regularnie pojawia\u0142 si\u0119 na ekranie jako prowadz\u0105cy relacje z zawod\u00f3w Strongman\u00f3w,&hellip;\n","protected":false},"author":2,"featured_media":188189,"comment_status":"","ping_status":"","sticky":false,"template":"","format":"standard","meta":{"footnotes":""},"categories":[22],"tags":[122,67,53,52,68,51,55,42,38,40,39,41,123,47,196,50],"class_list":{"0":"post-188188","1":"post","2":"type-post","3":"status-publish","4":"format-standard","5":"has-post-thumbnail","7":"category-rozrywka","8":"tag-entertainment","9":"tag-intextvideo_splayer","10":"tag-new_header","11":"tag-onet3","12":"tag-onet3d","13":"tag-onet3d_2i","14":"tag-phx","15":"tag-pl","16":"tag-poland","17":"tag-polish","18":"tag-polska","19":"tag-polski","20":"tag-rozrywka","21":"tag-screening_general","22":"tag-styl_zycia","23":"tag-v2021"},"share_on_mastodon":{"url":"https:\/\/pubeurope.com\/@pl\/115842373627450931","error":""},"_links":{"self":[{"href":"https:\/\/www.europesays.com\/pl\/wp-json\/wp\/v2\/posts\/188188","targetHints":{"allow":["GET"]}}],"collection":[{"href":"https:\/\/www.europesays.com\/pl\/wp-json\/wp\/v2\/posts"}],"about":[{"href":"https:\/\/www.europesays.com\/pl\/wp-json\/wp\/v2\/types\/post"}],"author":[{"embeddable":true,"href":"https:\/\/www.europesays.com\/pl\/wp-json\/wp\/v2\/users\/2"}],"replies":[{"embeddable":true,"href":"https:\/\/www.europesays.com\/pl\/wp-json\/wp\/v2\/comments?post=188188"}],"version-history":[{"count":0,"href":"https:\/\/www.europesays.com\/pl\/wp-json\/wp\/v2\/posts\/188188\/revisions"}],"wp:featuredmedia":[{"embeddable":true,"href":"https:\/\/www.europesays.com\/pl\/wp-json\/wp\/v2\/media\/188189"}],"wp:attachment":[{"href":"https:\/\/www.europesays.com\/pl\/wp-json\/wp\/v2\/media?parent=188188"}],"wp:term":[{"taxonomy":"category","embeddable":true,"href":"https:\/\/www.europesays.com\/pl\/wp-json\/wp\/v2\/categories?post=188188"},{"taxonomy":"post_tag","embeddable":true,"href":"https:\/\/www.europesays.com\/pl\/wp-json\/wp\/v2\/tags?post=188188"}],"curies":[{"name":"wp","href":"https:\/\/api.w.org\/{rel}","templated":true}]}}